{"id":961,"date":"2021-03-27T11:49:43","date_gmt":"2021-03-27T10:49:43","guid":{"rendered":"https:\/\/www.salon-escalade.com\/vertical-feed\/?p=961"},"modified":"2021-03-29T18:20:11","modified_gmt":"2021-03-29T16:20:11","slug":"larbre-du-savoir-du-greta-de-die","status":"publish","type":"post","link":"https:\/\/www.salon-escalade.com\/vertical-feed\/2021\/03\/27\/larbre-du-savoir-du-greta-de-die\/","title":{"rendered":"L\u2019Arbre du Savoir du Greta de Die"},"content":{"rendered":"<div style=\"\" class=\"sharethis-inline-share-buttons\" ><\/div>\n<hr class=\"wp-block-separator\"\/>\n\n\n\n<p>On plante souvent un arbre \u00e0 la naissance d&rsquo;un enfant avant tout car il est symbole de vie.<br><br>L\u2019arbre plonge ses racines dans la terre pour puiser les \u00e9l\u00e9ments qui le nourrissent et ses branches poussent naturellement en cherchant le soleil. Il y aurait beaucoup de parall\u00e8les \u00e0 faire entre un arbre et la transmission des savoirs humains. <br><br>Nous avons donc plant\u00e9 un petit fruitier dans la cour du Greta Viva 5 de Die pour symboliser l&rsquo;arriv\u00e9e de Philippe Krebs et Florent Josset, ainsi que la constitution de la nouvelle \u00e9quipe des formateurs.<\/p>\n\n\n\n<figure class=\"wp-block-image size-large\"><img decoding=\"async\" loading=\"lazy\" width=\"1024\" height=\"648\" src=\"https:\/\/www.salon-escalade.com\/vertical-feed\/wp-content\/uploads\/2021\/03\/1616924258823-1024x648.jpg\" alt=\"\" class=\"wp-image-975\" srcset=\"https:\/\/www.salon-escalade.com\/vertical-feed\/wp-content\/uploads\/2021\/03\/1616924258823-1024x648.jpg 1024w, https:\/\/www.salon-escalade.com\/vertical-feed\/wp-content\/uploads\/2021\/03\/1616924258823-300x190.jpg 300w, https:\/\/www.salon-escalade.com\/vertical-feed\/wp-content\/uploads\/2021\/03\/1616924258823-768x486.jpg 768w, https:\/\/www.salon-escalade.com\/vertical-feed\/wp-content\/uploads\/2021\/03\/1616924258823-1536x972.jpg 1536w, https:\/\/www.salon-escalade.com\/vertical-feed\/wp-content\/uploads\/2021\/03\/1616924258823.jpg 2048w\" sizes=\"(max-width: 1024px) 100vw, 1024px\" \/><\/figure>\n\n\n\n<p><br>Pour accompagner toute cette belle \u00e9quipe, plusieurs processus de formation ont \u00e9t\u00e9 mis en place et chaque formateur a suivi plusieurs modules :<br><br>&#8211;      Des formations notamment sur l\u2019Andragogie (la p\u00e9dagogie des adultes), qui int\u00e8gre de nombreuses notions comme les r\u00e8gles d\u00e9ontologiques, la fonction du formateur, comment r\u00e9guler une formation, les techniques p\u00e9dagogiques,\u2026<br><br>&#8211;      La formation ADAPT m\u00e9tier dispens\u00e9e par Jo\u00ebl Finiel de l\u2019OPPBTP<br><br>&#8211;      Et une formation sous forme de jeu de r\u00f4le o\u00f9 chaque formateur doit concevoir, puis animer une s\u00e9quence p\u00e9dagogique. <br><br>Ces journ\u00e9es d\u2019\u00e9change contribuent \u00e0 la mont\u00e9e en comp\u00e9tences de tous les formateurs.<\/p>\n\n\n\n<figure class=\"wp-block-image size-large\"><img decoding=\"async\" loading=\"lazy\" width=\"1024\" height=\"717\" src=\"https:\/\/www.salon-escalade.com\/vertical-feed\/wp-content\/uploads\/2021\/03\/Formation_formateur01-1024x717.jpg\" alt=\"\" class=\"wp-image-966\" srcset=\"https:\/\/www.salon-escalade.com\/vertical-feed\/wp-content\/uploads\/2021\/03\/Formation_formateur01-1024x717.jpg 1024w, https:\/\/www.salon-escalade.com\/vertical-feed\/wp-content\/uploads\/2021\/03\/Formation_formateur01-300x210.jpg 300w, https:\/\/www.salon-escalade.com\/vertical-feed\/wp-content\/uploads\/2021\/03\/Formation_formateur01-768x538.jpg 768w, https:\/\/www.salon-escalade.com\/vertical-feed\/wp-content\/uploads\/2021\/03\/Formation_formateur01-1536x1076.jpg 1536w, https:\/\/www.salon-escalade.com\/vertical-feed\/wp-content\/uploads\/2021\/03\/Formation_formateur01-2048x1434.jpg 2048w\" sizes=\"(max-width: 1024px) 100vw, 1024px\" \/><\/figure>\n<div style=\"margin-top: 0px; margin-bottom: 0px;\" class=\"sharethis-inline-share-buttons\" ><\/div>","protected":false},"excerpt":{"rendered":"<p>On plante souvent un arbre \u00e0 la naissance d&rsquo;un enfant avant tout car il est symbole de vie. L\u2019arbre plonge ses racines dans la terre pour puiser les \u00e9l\u00e9ments qui&hellip; <\/p>\n","protected":false},"author":17,"featured_media":964,"comment_status":"closed","ping_status":"open","sticky":false,"template":"","format":"standard","meta":{"footnotes":""},"categories":[145],"tags":[],"_links":{"self":[{"href":"https:\/\/www.salon-escalade.com\/vertical-feed\/wp-json\/wp\/v2\/posts\/961"}],"collection":[{"href":"https:\/\/www.salon-escalade.com\/vertical-feed\/wp-json\/wp\/v2\/posts"}],"about":[{"href":"https:\/\/www.salon-escalade.com\/vertical-feed\/wp-json\/wp\/v2\/types\/post"}],"author":[{"embeddable":true,"href":"https:\/\/www.salon-escalade.com\/vertical-feed\/wp-json\/wp\/v2\/users\/17"}],"replies":[{"embeddable":true,"href":"https:\/\/www.salon-escalade.com\/vertical-feed\/wp-json\/wp\/v2\/comments?post=961"}],"version-history":[{"count":6,"href":"https:\/\/www.salon-escalade.com\/vertical-feed\/wp-json\/wp\/v2\/posts\/961\/revisions"}],"predecessor-version":[{"id":980,"href":"https:\/\/www.salon-escalade.com\/vertical-feed\/wp-json\/wp\/v2\/posts\/961\/revisions\/980"}],"wp:featuredmedia":[{"embeddable":true,"href":"https:\/\/www.salon-escalade.com\/vertical-feed\/wp-json\/wp\/v2\/media\/964"}],"wp:attachment":[{"href":"https:\/\/www.salon-escalade.com\/vertical-feed\/wp-json\/wp\/v2\/media?parent=961"}],"wp:term":[{"taxonomy":"category","embeddable":true,"href":"https:\/\/www.salon-escalade.com\/vertical-feed\/wp-json\/wp\/v2\/categories?post=961"},{"taxonomy":"post_tag","embeddable":true,"href":"https:\/\/www.salon-escalade.com\/vertical-feed\/wp-json\/wp\/v2\/tags?post=961"}],"curies":[{"name":"wp","href":"https:\/\/api.w.org\/{rel}","templated":true}]}}