{"id":684,"date":"2021-03-02T18:24:43","date_gmt":"2021-03-02T17:24:43","guid":{"rendered":"https:\/\/www.salon-escalade.com\/vertical-feed\/?p=684"},"modified":"2025-10-03T18:07:56","modified_gmt":"2025-10-03T16:07:56","slug":"woodrock-une-aventure-nee-de-deux-passions","status":"publish","type":"post","link":"https:\/\/www.salon-escalade.com\/vertical-feed\/2021\/03\/02\/woodrock-une-aventure-nee-de-deux-passions\/","title":{"rendered":"Woodrock ou l&rsquo;aventure n\u00e9e de deux passions"},"content":{"rendered":"<div style=\"\" class=\"sharethis-inline-share-buttons\" ><\/div>\n<hr class=\"wp-block-separator\"\/>\n\n\n\n<p>Woodrock, c&rsquo;est l&rsquo;histoire de deux passions qui se rencontrent : la menuiserie et l&rsquo;escalade.<br><\/p>\n\n\n\n<blockquote class=\"wp-block-quote\"><p>Il y a encore deux ans, j\u2019\u00e9tais travailleur social. En parall\u00e8le, je pratiquais l&rsquo;escalade et la menuiserie depuis une dizaine d&rsquo;ann\u00e9es.<br>Ces deux passions se sont rencontr\u00e9es il y a 4 ans quand j&rsquo;ai commenc\u00e9 \u00e0 faire des poutres d\u2019escalade pour moi. Assez vite j&rsquo;en ai fait pour les copains. C&rsquo;est l\u00e0 qu&rsquo;une id\u00e9e a commenc\u00e9 \u00e0 germer \u2026<\/p><cite>Jonathan ou &lsquo;Jo&rsquo;, cr\u00e9ateur de la marque<\/cite><\/blockquote>\n\n\n\n<p>A l&rsquo;automne 2018, je change de vie, je pars de Loire-Atlantique et j\u2019emm\u00e9nage dans un chalet d&rsquo;altitude en Haute-Savoie : l\u2019appel de la montagne.<\/p>\n\n\n\n<p>Je commence alors \u00e0 travailler le projet de cr\u00e9ation d&rsquo;entreprise et les prototypes. En Avril 2019, je cr\u00e9e Woodrock.<\/p>\n\n\n\n<p>Le pitch de Woodrock ? Des agr\u00e8s d\u2019escalade pens\u00e9s par et pour les grimpeurs, cr\u00e9\u00e9s et fabriqu\u00e9s en France de fa\u00e7on artisanale et dans une d\u00e9marche \u00e9co-responsable. Pour le moment, les poutres<br>Woodrock sont disponibles uniquement en vente directe via www.woodrock.fr<br><\/p>\n\n\n\n<figure class=\"wp-block-gallery columns-2 is-cropped wp-block-gallery-1 is-layout-flex wp-block-gallery-is-layout-flex\"><ul class=\"blocks-gallery-grid\"><li class=\"blocks-gallery-item\"><figure><img decoding=\"async\" loading=\"lazy\" width=\"1024\" height=\"968\" src=\"https:\/\/www.salon-escalade.com\/vertical-feed\/wp-content\/uploads\/2021\/03\/Nomade-1024x968.jpg\" alt=\"\" data-id=\"688\" data-full-url=\"https:\/\/www.salon-escalade.com\/vertical-feed\/wp-content\/uploads\/2021\/03\/Nomade-scaled.jpg\" data-link=\"https:\/\/www.salon-escalade.com\/vertical-feed\/?attachment_id=688\" class=\"wp-image-688\" srcset=\"https:\/\/www.salon-escalade.com\/vertical-feed\/wp-content\/uploads\/2021\/03\/Nomade-1024x968.jpg 1024w, https:\/\/www.salon-escalade.com\/vertical-feed\/wp-content\/uploads\/2021\/03\/Nomade-300x284.jpg 300w, https:\/\/www.salon-escalade.com\/vertical-feed\/wp-content\/uploads\/2021\/03\/Nomade-768x726.jpg 768w, https:\/\/www.salon-escalade.com\/vertical-feed\/wp-content\/uploads\/2021\/03\/Nomade-1536x1452.jpg 1536w, https:\/\/www.salon-escalade.com\/vertical-feed\/wp-content\/uploads\/2021\/03\/Nomade-2048x1935.jpg 2048w\" sizes=\"(max-width: 1024px) 100vw, 1024px\" \/><\/figure><\/li><li class=\"blocks-gallery-item\"><figure><img decoding=\"async\" loading=\"lazy\" width=\"1024\" height=\"1024\" src=\"https:\/\/www.salon-escalade.com\/vertical-feed\/wp-content\/uploads\/2021\/03\/IMG_20201003_172318-1024x1024.jpg\" alt=\"\" data-id=\"687\" data-full-url=\"https:\/\/www.salon-escalade.com\/vertical-feed\/wp-content\/uploads\/2021\/03\/IMG_20201003_172318-scaled.jpg\" data-link=\"https:\/\/www.salon-escalade.com\/vertical-feed\/?attachment_id=687\" class=\"wp-image-687\" srcset=\"https:\/\/www.salon-escalade.com\/vertical-feed\/wp-content\/uploads\/2021\/03\/IMG_20201003_172318-1024x1024.jpg 1024w, https:\/\/www.salon-escalade.com\/vertical-feed\/wp-content\/uploads\/2021\/03\/IMG_20201003_172318-300x300.jpg 300w, https:\/\/www.salon-escalade.com\/vertical-feed\/wp-content\/uploads\/2021\/03\/IMG_20201003_172318-150x150.jpg 150w, https:\/\/www.salon-escalade.com\/vertical-feed\/wp-content\/uploads\/2021\/03\/IMG_20201003_172318-768x768.jpg 768w, https:\/\/www.salon-escalade.com\/vertical-feed\/wp-content\/uploads\/2021\/03\/IMG_20201003_172318-1536x1536.jpg 1536w, https:\/\/www.salon-escalade.com\/vertical-feed\/wp-content\/uploads\/2021\/03\/IMG_20201003_172318-2048x2048.jpg 2048w\" sizes=\"(max-width: 1024px) 100vw, 1024px\" \/><\/figure><\/li><li class=\"blocks-gallery-item\"><figure><img decoding=\"async\" loading=\"lazy\" width=\"1004\" height=\"650\" src=\"https:\/\/www.salon-escalade.com\/vertical-feed\/wp-content\/uploads\/2021\/03\/woodrock_logo_bois_seul.jpg\" alt=\"\" data-id=\"689\" data-full-url=\"https:\/\/www.salon-escalade.com\/vertical-feed\/wp-content\/uploads\/2021\/03\/woodrock_logo_bois_seul.jpg\" data-link=\"https:\/\/www.salon-escalade.com\/vertical-feed\/?attachment_id=689\" class=\"wp-image-689\" srcset=\"https:\/\/www.salon-escalade.com\/vertical-feed\/wp-content\/uploads\/2021\/03\/woodrock_logo_bois_seul.jpg 1004w, https:\/\/www.salon-escalade.com\/vertical-feed\/wp-content\/uploads\/2021\/03\/woodrock_logo_bois_seul-300x194.jpg 300w, https:\/\/www.salon-escalade.com\/vertical-feed\/wp-content\/uploads\/2021\/03\/woodrock_logo_bois_seul-768x497.jpg 768w\" sizes=\"(max-width: 1004px) 100vw, 1004px\" \/><\/figure><\/li><\/ul><\/figure>\n\n\n\n<p>Apr\u00e8s quelques mois de lancement, la vitesse de croisi\u00e8re de Woodrock s&rsquo;acc\u00e9l\u00e8re et je passe de plus en plus de temps \u00e0 l\u2019atelier. Depuis fin 2019, la demande ne cesse de cro\u00eetre et la crise sanitaire renforce cette tendance. Je dois consacrer une grande partie de mon temps \u00e0 la production et je mets en \u201cveille\u201d la partie communication de l\u2019entreprise.<br>Me voil\u00e0 donc en F\u00e9vrier 2021 avec des news \u00e0 vous donner !<br><\/p>\n\n\n\n<p>Principale nouveaut\u00e9 : Woodrock a d\u00e9m\u00e9nag\u00e9. L\u2019interlude de la Haute-Savoie aura dur\u00e9 deux ans. Woodrock est maintenant situ\u00e9 au pied du Vercors, non loin de la mythique falaise de Presles.<\/p>\n\n\n\n<figure class=\"wp-block-gallery columns-1 is-cropped wp-block-gallery-3 is-layout-flex wp-block-gallery-is-layout-flex\"><ul class=\"blocks-gallery-grid\"><li class=\"blocks-gallery-item\"><figure><img decoding=\"async\" loading=\"lazy\" width=\"1024\" height=\"768\" src=\"https:\/\/www.salon-escalade.com\/vertical-feed\/wp-content\/uploads\/2021\/03\/IMG_20200916_165907-1024x768.jpg\" alt=\"\" data-id=\"685\" data-full-url=\"https:\/\/www.salon-escalade.com\/vertical-feed\/wp-content\/uploads\/2021\/03\/IMG_20200916_165907-scaled.jpg\" data-link=\"https:\/\/www.salon-escalade.com\/vertical-feed\/?attachment_id=685\" class=\"wp-image-685\" srcset=\"https:\/\/www.salon-escalade.com\/vertical-feed\/wp-content\/uploads\/2021\/03\/IMG_20200916_165907-1024x768.jpg 1024w, https:\/\/www.salon-escalade.com\/vertical-feed\/wp-content\/uploads\/2021\/03\/IMG_20200916_165907-300x225.jpg 300w, https:\/\/www.salon-escalade.com\/vertical-feed\/wp-content\/uploads\/2021\/03\/IMG_20200916_165907-768x576.jpg 768w, https:\/\/www.salon-escalade.com\/vertical-feed\/wp-content\/uploads\/2021\/03\/IMG_20200916_165907-1536x1152.jpg 1536w, https:\/\/www.salon-escalade.com\/vertical-feed\/wp-content\/uploads\/2021\/03\/IMG_20200916_165907-2048x1536.jpg 2048w, https:\/\/www.salon-escalade.com\/vertical-feed\/wp-content\/uploads\/2021\/03\/IMG_20200916_165907-136x102.jpg 136w\" sizes=\"(max-width: 1024px) 100vw, 1024px\" \/><\/figure><\/li><\/ul><figcaption class=\"blocks-gallery-caption\">Je suis aujourd\u2019hui install\u00e9 dans un bel atelier o\u00f9 j\u2019ai pu perfectionner l\u2019organisation de la production. En 2021, je vais donc pouvoir compl\u00e9ter la gamme de poutre, notamment avec la version \u00ab\u00a0hard\u00a0\u00bb de la Varappe et peut-\u00eatre proposer quelques nouveaut\u00e9s\u2026<\/figcaption><\/figure>\n\n\n\n<p><\/p>\n\n\n\n<p>Je ne peux pas r\u00e9sumer un an de \u201csilence radio\u201d dans un article mais c&rsquo;est promis, je vais me rattraper en 2021 en publiant plus r\u00e9guli\u00e8rement les actualit\u00e9s de Woodrock. La suite sera donc \u00e0 suivre sur Vertical-Feed et sur les r\u00e9seaux sociaux !<\/p>\n\n\n\n<hr class=\"wp-block-separator\"\/>\n\n\n\n<p>Jo de Woodrock<br>contact@woodrock.fr<br>Facebook et instagram : @woodrock.climbing<\/p>\n<div style=\"margin-top: 0px; margin-bottom: 0px;\" class=\"sharethis-inline-share-buttons\" ><\/div>","protected":false},"excerpt":{"rendered":"<p>Woodrock, c&rsquo;est l&rsquo;histoire de deux passions qui se rencontrent : la menuiserie et l&rsquo;escalade. Il y a encore deux ans, j\u2019\u00e9tais travailleur social. En parall\u00e8le, je pratiquais l&rsquo;escalade et la&hellip; <\/p>\n","protected":false},"author":31,"featured_media":689,"comment_status":"closed","ping_status":"open","sticky":false,"template":"","format":"standard","meta":{"footnotes":""},"categories":[530,529],"tags":[162],"_links":{"self":[{"href":"https:\/\/www.salon-escalade.com\/vertical-feed\/wp-json\/wp\/v2\/posts\/684"}],"collection":[{"href":"https:\/\/www.salon-escalade.com\/vertical-feed\/wp-json\/wp\/v2\/posts"}],"about":[{"href":"https:\/\/www.salon-escalade.com\/vertical-feed\/wp-json\/wp\/v2\/types\/post"}],"author":[{"embeddable":true,"href":"https:\/\/www.salon-escalade.com\/vertical-feed\/wp-json\/wp\/v2\/users\/31"}],"replies":[{"embeddable":true,"href":"https:\/\/www.salon-escalade.com\/vertical-feed\/wp-json\/wp\/v2\/comments?post=684"}],"version-history":[{"count":3,"href":"https:\/\/www.salon-escalade.com\/vertical-feed\/wp-json\/wp\/v2\/posts\/684\/revisions"}],"predecessor-version":[{"id":698,"href":"https:\/\/www.salon-escalade.com\/vertical-feed\/wp-json\/wp\/v2\/posts\/684\/revisions\/698"}],"wp:featuredmedia":[{"embeddable":true,"href":"https:\/\/www.salon-escalade.com\/vertical-feed\/wp-json\/wp\/v2\/media\/689"}],"wp:attachment":[{"href":"https:\/\/www.salon-escalade.com\/vertical-feed\/wp-json\/wp\/v2\/media?parent=684"}],"wp:term":[{"taxonomy":"category","embeddable":true,"href":"https:\/\/www.salon-escalade.com\/vertical-feed\/wp-json\/wp\/v2\/categories?post=684"},{"taxonomy":"post_tag","embeddable":true,"href":"https:\/\/www.salon-escalade.com\/vertical-feed\/wp-json\/wp\/v2\/tags?post=684"}],"curies":[{"name":"wp","href":"https:\/\/api.w.org\/{rel}","templated":true}]}}