{"id":446,"date":"2021-02-25T09:49:00","date_gmt":"2021-02-25T08:49:00","guid":{"rendered":"https:\/\/www.salon-escalade.com\/vertical-feed\/?p=446"},"modified":"2025-10-03T18:09:09","modified_gmt":"2025-10-03T16:09:09","slug":"seb-bouin-a-retrouve-le-flow-de-ceuse","status":"publish","type":"post","link":"https:\/\/www.salon-escalade.com\/vertical-feed\/2021\/02\/25\/seb-bouin-a-retrouve-le-flow-de-ceuse\/","title":{"rendered":"Seb Bouin a (re)trouv\u00e9 le flow de Ce\u00fcse"},"content":{"rendered":"<div style=\"\" class=\"sharethis-inline-share-buttons\" ><\/div>\n<hr class=\"wp-block-separator\"\/>\n\n\n\n<h4 class=\"wp-block-heading\">Seb Bouin nous raconte <em>Biographie<\/em>, apr\u00e8s sa 3<sup>\u00e8me<\/sup> chute post Crux sommital et avant de cocher cette ligne l\u00e9gendaire&#8230;<\/h4>\n\n\n\n<figure class=\"wp-block-image size-large\"><img decoding=\"async\" loading=\"lazy\" width=\"1024\" height=\"1024\" src=\"https:\/\/www.salon-escalade.com\/vertical-feed\/wp-content\/uploads\/2021\/02\/SamBIE_ceuse_ep03_biographie_vintage_rocktour-EBescalade_txt-1024x1024.jpg\" alt=\"\" class=\"wp-image-447\" srcset=\"https:\/\/www.salon-escalade.com\/vertical-feed\/wp-content\/uploads\/2021\/02\/SamBIE_ceuse_ep03_biographie_vintage_rocktour-EBescalade_txt-1024x1024.jpg 1024w, https:\/\/www.salon-escalade.com\/vertical-feed\/wp-content\/uploads\/2021\/02\/SamBIE_ceuse_ep03_biographie_vintage_rocktour-EBescalade_txt-300x300.jpg 300w, https:\/\/www.salon-escalade.com\/vertical-feed\/wp-content\/uploads\/2021\/02\/SamBIE_ceuse_ep03_biographie_vintage_rocktour-EBescalade_txt-150x150.jpg 150w, https:\/\/www.salon-escalade.com\/vertical-feed\/wp-content\/uploads\/2021\/02\/SamBIE_ceuse_ep03_biographie_vintage_rocktour-EBescalade_txt-768x768.jpg 768w, https:\/\/www.salon-escalade.com\/vertical-feed\/wp-content\/uploads\/2021\/02\/SamBIE_ceuse_ep03_biographie_vintage_rocktour-EBescalade_txt-1536x1536.jpg 1536w, https:\/\/www.salon-escalade.com\/vertical-feed\/wp-content\/uploads\/2021\/02\/SamBIE_ceuse_ep03_biographie_vintage_rocktour-EBescalade_txt-1568x1568.jpg 1568w, https:\/\/www.salon-escalade.com\/vertical-feed\/wp-content\/uploads\/2021\/02\/SamBIE_ceuse_ep03_biographie_vintage_rocktour-EBescalade_txt.jpg 2000w\" sizes=\"(max-width: 1024px) 100vw, 1024px\" \/><figcaption>Seb BOUIN dans \u00ab\u00a0Biographie\u00a0\u00bb, 9a+, C\u00e9\u00fcse \/ France &#8211; \u00a9 Sam Bi\u00e9<\/figcaption><\/figure>\n\n\n\n<p>Il faut dire que c&rsquo;\u00e9tait mon premier \u00ab\u00a0vrai\u00a0\u00bb trip \u00e0 Ce\u00fcse. J&rsquo;y avais grimp\u00e9 quelques weekends \u00e9tant plus jeune, mais je n&rsquo;\u00e9tais jamais revenu depuis.<\/p>\n\n\n\n<p>J&rsquo;avais souvent d&rsquo;autres projets pour cette p\u00e9riode de l&rsquo;ann\u00e9e.<br>Et il faut dire que Ce\u00fcse n&rsquo;est pas vraiment dans mon style de pr\u00e9dilection. J&rsquo;imagine que l&rsquo;on priorise les falaises et les projets o\u00f9 l&rsquo;on se sent fort. <\/p>\n\n\n\n<p>Je suis plus habitu\u00e9 \u00e0 grimper dans le gros d\u00e9vers avec des colos ou des plats. Il a fallu que je m&rsquo;adapte \u00e0 cette falaise et ces petits trous ouverts, que je chausse d&rsquo;autres types de chaussons EB avec plus de bras de levier et plus solide en grattonage ; dans ce style j&rsquo;avais besoin d&rsquo;un peu de griffe mais surtout de beaucoup d&rsquo;asym\u00e9trie et de rigidit\u00e9 en pointe.<br><\/p>\n\n\n\n<p>Ensuite, j&rsquo;ai mis un peu de temps \u00e0 trouver le flow, mais c&rsquo;\u00e9tait vraiment cool d&rsquo;essayer quelque chose de nouveau.<br>Maintenant, je m&rsquo;aper\u00e7ois que j&rsquo;ai vraiment aim\u00e9 Ce\u00fcse, peut \u00eatre que je me mettrai un plus gros projet ici dans les prochaines ann\u00e9es.<br><\/p>\n\n\n\n<p>C&rsquo;\u00e9tait un bon challenge d&rsquo;inclure Biographie premier 9a+ du monde et Ce\u00fcse dans mon EB &#8211; Vintage Rock Tour.<\/p>\n\n\n\n<hr class=\"wp-block-separator\"\/>\n\n\n\n<figure class=\"wp-block-gallery columns-3 is-cropped wp-block-gallery-1 is-layout-flex wp-block-gallery-is-layout-flex\"><ul class=\"blocks-gallery-grid\"><li class=\"blocks-gallery-item\"><figure><img decoding=\"async\" loading=\"lazy\" width=\"1024\" height=\"1024\" src=\"https:\/\/www.salon-escalade.com\/vertical-feed\/wp-content\/uploads\/2021\/02\/DJANGO_illustration-1024x1024.jpg\" alt=\"\" data-id=\"450\" data-full-url=\"https:\/\/www.salon-escalade.com\/vertical-feed\/wp-content\/uploads\/2021\/02\/DJANGO_illustration.jpg\" data-link=\"https:\/\/www.salon-escalade.com\/vertical-feed\/?attachment_id=450\" class=\"wp-image-450\" srcset=\"https:\/\/www.salon-escalade.com\/vertical-feed\/wp-content\/uploads\/2021\/02\/DJANGO_illustration-1024x1024.jpg 1024w, https:\/\/www.salon-escalade.com\/vertical-feed\/wp-content\/uploads\/2021\/02\/DJANGO_illustration-300x300.jpg 300w, https:\/\/www.salon-escalade.com\/vertical-feed\/wp-content\/uploads\/2021\/02\/DJANGO_illustration-150x150.jpg 150w, https:\/\/www.salon-escalade.com\/vertical-feed\/wp-content\/uploads\/2021\/02\/DJANGO_illustration-768x768.jpg 768w, https:\/\/www.salon-escalade.com\/vertical-feed\/wp-content\/uploads\/2021\/02\/DJANGO_illustration.jpg 1500w\" sizes=\"(max-width: 1024px) 100vw, 1024px\" \/><\/figure><\/li><li class=\"blocks-gallery-item\"><figure><img decoding=\"async\" loading=\"lazy\" width=\"1024\" height=\"1024\" src=\"https:\/\/www.salon-escalade.com\/vertical-feed\/wp-content\/uploads\/2021\/02\/DJANGO_DATA-1024x1024.jpg\" alt=\"\" data-id=\"449\" data-full-url=\"https:\/\/www.salon-escalade.com\/vertical-feed\/wp-content\/uploads\/2021\/02\/DJANGO_DATA.jpg\" data-link=\"https:\/\/www.salon-escalade.com\/vertical-feed\/?attachment_id=449\" class=\"wp-image-449\" srcset=\"https:\/\/www.salon-escalade.com\/vertical-feed\/wp-content\/uploads\/2021\/02\/DJANGO_DATA-1024x1024.jpg 1024w, https:\/\/www.salon-escalade.com\/vertical-feed\/wp-content\/uploads\/2021\/02\/DJANGO_DATA-300x300.jpg 300w, https:\/\/www.salon-escalade.com\/vertical-feed\/wp-content\/uploads\/2021\/02\/DJANGO_DATA-150x150.jpg 150w, https:\/\/www.salon-escalade.com\/vertical-feed\/wp-content\/uploads\/2021\/02\/DJANGO_DATA-768x768.jpg 768w, https:\/\/www.salon-escalade.com\/vertical-feed\/wp-content\/uploads\/2021\/02\/DJANGO_DATA.jpg 1500w\" sizes=\"(max-width: 1024px) 100vw, 1024px\" \/><\/figure><\/li><li class=\"blocks-gallery-item\"><figure><img decoding=\"async\" loading=\"lazy\" width=\"1024\" height=\"1024\" src=\"https:\/\/www.salon-escalade.com\/vertical-feed\/wp-content\/uploads\/2021\/02\/DJANGO_illustration_02-1024x1024.jpg\" alt=\"\" data-id=\"451\" data-full-url=\"https:\/\/www.salon-escalade.com\/vertical-feed\/wp-content\/uploads\/2021\/02\/DJANGO_illustration_02.jpg\" data-link=\"https:\/\/www.salon-escalade.com\/vertical-feed\/?attachment_id=451\" class=\"wp-image-451\" srcset=\"https:\/\/www.salon-escalade.com\/vertical-feed\/wp-content\/uploads\/2021\/02\/DJANGO_illustration_02-1024x1024.jpg 1024w, https:\/\/www.salon-escalade.com\/vertical-feed\/wp-content\/uploads\/2021\/02\/DJANGO_illustration_02-300x300.jpg 300w, https:\/\/www.salon-escalade.com\/vertical-feed\/wp-content\/uploads\/2021\/02\/DJANGO_illustration_02-150x150.jpg 150w, https:\/\/www.salon-escalade.com\/vertical-feed\/wp-content\/uploads\/2021\/02\/DJANGO_illustration_02-768x768.jpg 768w, https:\/\/www.salon-escalade.com\/vertical-feed\/wp-content\/uploads\/2021\/02\/DJANGO_illustration_02.jpg 1500w\" sizes=\"(max-width: 1024px) 100vw, 1024px\" \/><\/figure><\/li><\/ul><\/figure>\n<div style=\"margin-top: 0px; margin-bottom: 0px;\" class=\"sharethis-inline-share-buttons\" ><\/div>","protected":false},"excerpt":{"rendered":"<p>Seb Bouin nous raconte Biographie, apr\u00e8s sa 3\u00e8me chute post Crux sommital et avant de cocher cette ligne l\u00e9gendaire&#8230; Il faut dire que c&rsquo;\u00e9tait mon premier \u00ab\u00a0vrai\u00a0\u00bb trip \u00e0 Ce\u00fcse.&hellip; <\/p>\n","protected":false},"author":5,"featured_media":448,"comment_status":"closed","ping_status":"open","sticky":false,"template":"","format":"standard","meta":{"footnotes":""},"categories":[527,526],"tags":[8],"_links":{"self":[{"href":"https:\/\/www.salon-escalade.com\/vertical-feed\/wp-json\/wp\/v2\/posts\/446"}],"collection":[{"href":"https:\/\/www.salon-escalade.com\/vertical-feed\/wp-json\/wp\/v2\/posts"}],"about":[{"href":"https:\/\/www.salon-escalade.com\/vertical-feed\/wp-json\/wp\/v2\/types\/post"}],"author":[{"embeddable":true,"href":"https:\/\/www.salon-escalade.com\/vertical-feed\/wp-json\/wp\/v2\/users\/5"}],"replies":[{"embeddable":true,"href":"https:\/\/www.salon-escalade.com\/vertical-feed\/wp-json\/wp\/v2\/comments?post=446"}],"version-history":[{"count":2,"href":"https:\/\/www.salon-escalade.com\/vertical-feed\/wp-json\/wp\/v2\/posts\/446\/revisions"}],"predecessor-version":[{"id":462,"href":"https:\/\/www.salon-escalade.com\/vertical-feed\/wp-json\/wp\/v2\/posts\/446\/revisions\/462"}],"wp:featuredmedia":[{"embeddable":true,"href":"https:\/\/www.salon-escalade.com\/vertical-feed\/wp-json\/wp\/v2\/media\/448"}],"wp:attachment":[{"href":"https:\/\/www.salon-escalade.com\/vertical-feed\/wp-json\/wp\/v2\/media?parent=446"}],"wp:term":[{"taxonomy":"category","embeddable":true,"href":"https:\/\/www.salon-escalade.com\/vertical-feed\/wp-json\/wp\/v2\/categories?post=446"},{"taxonomy":"post_tag","embeddable":true,"href":"https:\/\/www.salon-escalade.com\/vertical-feed\/wp-json\/wp\/v2\/tags?post=446"}],"curies":[{"name":"wp","href":"https:\/\/api.w.org\/{rel}","templated":true}]}}