{"id":397,"date":"2021-02-19T11:35:43","date_gmt":"2021-02-19T10:35:43","guid":{"rendered":"https:\/\/www.salon-escalade.com\/vertical-feed\/?p=397"},"modified":"2025-09-05T12:09:40","modified_gmt":"2025-09-05T10:09:40","slug":"a-ecouter-les-potions-symples-presentees-par-leur-druide","status":"publish","type":"post","link":"https:\/\/www.salon-escalade.com\/vertical-feed\/2021\/02\/19\/a-ecouter-les-potions-symples-presentees-par-leur-druide\/","title":{"rendered":"\u00c0 \u00e9couter : Les \u00ab\u00a0potions\u00a0\u00bb Symples pr\u00e9sent\u00e9es par leur Druide"},"content":{"rendered":"<div style=\"\" class=\"sharethis-inline-share-buttons\" ><\/div>\n<hr class=\"wp-block-separator\"\/>\n\n\n\n<figure class=\"wp-block-image size-large\"><img decoding=\"async\" loading=\"lazy\" width=\"1024\" height=\"683\" src=\"https:\/\/www.salon-escalade.com\/vertical-feed\/wp-content\/uploads\/2021\/02\/1-4-1024x683.jpg\" alt=\"\" class=\"wp-image-399\" srcset=\"https:\/\/www.salon-escalade.com\/vertical-feed\/wp-content\/uploads\/2021\/02\/1-4-1024x683.jpg 1024w, https:\/\/www.salon-escalade.com\/vertical-feed\/wp-content\/uploads\/2021\/02\/1-4-300x200.jpg 300w, https:\/\/www.salon-escalade.com\/vertical-feed\/wp-content\/uploads\/2021\/02\/1-4-768x512.jpg 768w, https:\/\/www.salon-escalade.com\/vertical-feed\/wp-content\/uploads\/2021\/02\/1-4-1536x1024.jpg 1536w, https:\/\/www.salon-escalade.com\/vertical-feed\/wp-content\/uploads\/2021\/02\/1-4-2048x1365.jpg 2048w, https:\/\/www.salon-escalade.com\/vertical-feed\/wp-content\/uploads\/2021\/02\/1-4-1568x1045.jpg 1568w\" sizes=\"(max-width: 1024px) 100vw, 1024px\" \/><\/figure>\n\n\n\n<p>Florent Hell\u00e9 est, comme il le dit lui-m\u00eame, un druide. Il est passionn\u00e9 par les plantes et leurs vertus, notamment m\u00e9dicinales. Cette passion, il en a fait, \u00e0 m\u00eame pas 25 ans, un projet entrepreneurial et plus particuli\u00e8rement une boisson : la boisson Symples. Nomm\u00e9 en l\u2019honneur des simples m\u00e9decines du Moyen\u00c2ge, ce soda bio, 100% issu de plantes fran\u00e7aises fait d\u00e9couvrir des m\u00e9langes \u00e9tonnants et tr\u00e8s vari\u00e9s.<br><\/p>\n\n\n\n<p>Chacune de ces \u201cpotions\u201d poss\u00e8de des vertus : d\u00e9toxifiante, \u00e9nergisante, relaxante\u2026 Mais elles se posent surtout comme une alternative saine aux sodas de grandes marques. Une n\u00e9cessit\u00e9 que Florent a constat\u00e9 lors de ses  \u00e9tudes d\u2019agronomie et son travail dans un jardin botanique.<\/p>\n\n\n\n<p>Ecoutez ce podcast #10 Les militant.e.s de l&rsquo;assiette qu&rsquo;a concoct\u00e9 pour vous <a rel=\"noreferrer noopener\" href=\"https:\/\/podcast.ausha.co\/sur-le-grill-d-ecotable\" data-type=\"URL\" data-id=\"https:\/\/podcast.ausha.co\/sur-le-grill-d-ecotable\" target=\"_blank\">Sur le grill d&rsquo;Ecotable<\/a> :<\/p>\n\n\n\n<figure class=\"wp-block-audio\"><audio controls src=\"https:\/\/www.salon-escalade.com\/vertical-feed\/wp-content\/uploads\/2021\/02\/K2523iCeabuNRQDkm3jw1E727ipUYBf00X4fbGBT.mp3\"><\/audio><\/figure>\n\n\n\n<hr class=\"wp-block-separator\"\/>\n\n\n\n<p class=\"has-small-font-size\">Ecotable, c&rsquo;est : un podcast, deux formats, deux visions de notre alimentation avec un prisme toujours engag\u00e9 !<\/p>\n\n\n\n<p class=\"has-small-font-size\">Sur le grill d&rsquo;Ecotable permet de d\u00e9crypter les enjeux environnementaux, sociaux, sanitaires de notre alimentation. Les circuit courts sont-ils vraiment vertueux ? Peut-on faire confiance au label bio ? Doit-on limiter sa consommation de fromage ? Fanny Giansetto d\u00e9crypte toutes les questions que l&rsquo;on se pose au quotidien avec un expert.<\/p>\n\n\n\n<p class=\"has-small-font-size\">Les militant.e.s de l&rsquo;assiette donne la parole \u00e0 des personnes engag\u00e9es au quotidien dans l&rsquo;alimentation durable. Des parcours et prises de parole inspirantes sous format d&rsquo;interview.<\/p>\n\n\n\n<p class=\"has-small-font-size\">****<\/p>\n\n\n\n<p class=\"has-small-font-size\">Ecotable est un label et une communaut\u00e9 de restauration durable. Ecotable identifie, accompagne et valorise les restaurants engag\u00e9s dans une d\u00e9marche \u00e9coresponsable afin de permettre \u00e0 toutes et \u00e0 tous de manger dans des restaurants \u00e9coresponsable et de r\u00e9duire, de mani\u00e8re globale, l&rsquo;impact environnemental de la restauration.<\/p>\n<div style=\"margin-top: 0px; margin-bottom: 0px;\" class=\"sharethis-inline-share-buttons\" ><\/div>","protected":false},"excerpt":{"rendered":"<p>Florent Hell\u00e9 est, comme il le dit lui-m\u00eame, un druide. Il est passionn\u00e9 par les plantes et leurs vertus, notamment m\u00e9dicinales. Cette passion, il en a fait, \u00e0 m\u00eame pas&hellip; <\/p>\n","protected":false},"author":8,"featured_media":399,"comment_status":"closed","ping_status":"open","sticky":false,"template":"","format":"standard","meta":{"footnotes":""},"categories":[527,529],"tags":[124],"_links":{"self":[{"href":"https:\/\/www.salon-escalade.com\/vertical-feed\/wp-json\/wp\/v2\/posts\/397"}],"collection":[{"href":"https:\/\/www.salon-escalade.com\/vertical-feed\/wp-json\/wp\/v2\/posts"}],"about":[{"href":"https:\/\/www.salon-escalade.com\/vertical-feed\/wp-json\/wp\/v2\/types\/post"}],"author":[{"embeddable":true,"href":"https:\/\/www.salon-escalade.com\/vertical-feed\/wp-json\/wp\/v2\/users\/8"}],"replies":[{"embeddable":true,"href":"https:\/\/www.salon-escalade.com\/vertical-feed\/wp-json\/wp\/v2\/comments?post=397"}],"version-history":[{"count":2,"href":"https:\/\/www.salon-escalade.com\/vertical-feed\/wp-json\/wp\/v2\/posts\/397\/revisions"}],"predecessor-version":[{"id":533,"href":"https:\/\/www.salon-escalade.com\/vertical-feed\/wp-json\/wp\/v2\/posts\/397\/revisions\/533"}],"wp:featuredmedia":[{"embeddable":true,"href":"https:\/\/www.salon-escalade.com\/vertical-feed\/wp-json\/wp\/v2\/media\/399"}],"wp:attachment":[{"href":"https:\/\/www.salon-escalade.com\/vertical-feed\/wp-json\/wp\/v2\/media?parent=397"}],"wp:term":[{"taxonomy":"category","embeddable":true,"href":"https:\/\/www.salon-escalade.com\/vertical-feed\/wp-json\/wp\/v2\/categories?post=397"},{"taxonomy":"post_tag","embeddable":true,"href":"https:\/\/www.salon-escalade.com\/vertical-feed\/wp-json\/wp\/v2\/tags?post=397"}],"curies":[{"name":"wp","href":"https:\/\/api.w.org\/{rel}","templated":true}]}}