{"id":3362,"date":"2026-04-28T10:16:47","date_gmt":"2026-04-28T08:16:47","guid":{"rendered":"https:\/\/www.salon-escalade.com\/vertical-feed\/?p=3362"},"modified":"2026-04-28T10:18:02","modified_gmt":"2026-04-28T08:18:02","slug":"lassociation-femmes-en-montagne-fete-ses-10-ans","status":"publish","type":"post","link":"https:\/\/www.salon-escalade.com\/vertical-feed\/2026\/04\/28\/lassociation-femmes-en-montagne-fete-ses-10-ans\/","title":{"rendered":"L\u2019Association Femmes en Montagne f\u00eate ses 10 ans !\u00a0"},"content":{"rendered":"<div style=\"\" class=\"sharethis-inline-share-buttons\" ><\/div>\n<p>En 2015, Tanya Naville et L\u00e9o Wattebled constatent la difficult\u00e9 des femmes \u00e0 se projeter dans les m\u00e9tiers de la montagne. En creusant la question, une \u00e9vidence leur saute aux yeux : l\u2019absence de femmes sur les \u00e9crans des festivals de films de montagne.&nbsp;<\/p>\n\n\n\n<p>Puisqu\u2019il n\u2019y a pas de r\u00f4le-mod\u00e8les, il faut en cr\u00e9er.&nbsp;<\/p>\n\n\n\n<p>La premi\u00e8re mission de l\u2019association Femme en Montagne (\u201cOn n\u2019est pas que des collants\u201d \u00e0 l\u2019\u00e9poque) : r\u00e9aliser un triptyque de documentaires sur des skieuses \u00e0 travers le monde (Islande, Gr\u00e8ce et Japon),&nbsp; (Women\u2019s Skimo Project). Les films sortent en 2016 et sont diffus\u00e9s dans plus de 10 pays, 15 festivals, dans les cin\u00e9mas des alpes et \u00e0 la t\u00e9l\u00e9vision.&nbsp;<\/p>\n\n\n\n<h2 class=\"wp-block-heading\">10 ans plus tard \ud83c\udf89&nbsp;&nbsp;<\/h2>\n\n\n\n<p>Cette association, aujourd\u2019hui, c\u2019est 52 b\u00e9n\u00e9voles, 2 salari\u00e9es \u00e0 temps partiel, environs 140 films diffus\u00e9s depuis les d\u00e9buts de l\u2019association !&nbsp;<\/p>\n\n\n\n<p>Cette ann\u00e9e, Femmes en Montagne f\u00eate ses 10 ans.&nbsp;<\/p>\n\n\n\n<p>10 ans \u00e0 :&nbsp;<\/p>\n\n\n\n<ul>\n<li>semer les graines de la mixit\u00e9 dans le sport chez les jeunes,&nbsp;<\/li>\n\n\n\n<li>\u00e0 mettre en lumi\u00e8re les femmes qui se r\u00e9alisent par la montagne,&nbsp;<\/li>\n\n\n\n<li>\u00e0 cr\u00e9er du lien entre les montagnardes pour les encourager \u00e0 pratiquer,&nbsp;<\/li>\n\n\n\n<li>\u00e0 centraliser les initiatives qui servent le m\u00eame objectif.&nbsp;<\/li>\n\n\n\n<li>\u00e0 faciliter la diffusion de films de montagne f\u00e9minins<\/li>\n<\/ul>\n\n\n\n<p>\u00c7a se f\u00eate !&nbsp;<\/p>\n\n\n\n<p>Rendez-vous : <\/p>\n\n\n\n<p>\ud83d\udcc5le 20 mai \u00e0 Atome Annecy <\/p>\n\n\n\n<p>\u231a \u00e0 partir de 19h pour c\u00e9l\u00e9brer les 10 ans de l\u2019association<\/p>\n\n\n\n<p>Pour une soir\u00e9e port\u00e9e par une belle \u00e9nergie ! L\u2019\u00e9quipe de Femmes en Montagne vous pr\u00e9pare des animation, un DJ et des rencontres avec les grands noms du Festival. <\/p>\n\n\n<div class=\"wp-block-image\">\n<figure class=\"aligncenter size-large is-resized\"><img decoding=\"async\" src=\"https:\/\/www.salon-escalade.com\/vertical-feed\/wp-content\/uploads\/2026\/04\/dynamique-messine-1-819x1024.jpg\" alt=\"\" class=\"wp-image-3363\" style=\"aspect-ratio:0.7998046875;width:328px;height:auto\"\/><\/figure><\/div>\n\n\n<h2 class=\"wp-block-heading\">Pour soutenir l\u2019association :&nbsp;<\/h2>\n\n\n\n<ul>\n<li>Organisez une tourn\u00e9e en relais et diffusez les films du Festival tout au long de l\u2019ann\u00e9e !&nbsp;<\/li>\n\n\n\n<li>Organisez une tourn\u00e9e scolaire au sein de votre \u00e9tablissement.&nbsp;<\/li>\n\n\n\n<li>Assistez \u00e0 la prochaine \u00e9dition du Festival \u00e0 Annecy ou en ligne ! (<em>du 12 au 15 novembre 2026)&nbsp;<\/em><\/li>\n\n\n\n<li>Devenez B\u00e9n\u00e9vole&nbsp;<\/li>\n\n\n\n<li>Devenez adh\u00e9rent(e) !\u00a0<\/li>\n<\/ul>\n\n\n\n<div class=\"wp-block-buttons is-content-justification-center is-layout-flex wp-container-1 wp-block-buttons-is-layout-flex\">\n<div class=\"wp-block-button has-custom-font-size has-small-font-size\"><a class=\"wp-block-button__link has-background has-text-align-center wp-element-button\" href=\"https:\/\/femmesenmontagne.com\/\" style=\"background-color:#890000\">Soutenir l&rsquo;association <\/a><\/div>\n<\/div>\n\n\n\n<figure class=\"wp-block-embed is-type-wp-embed is-provider-femmes-en-montagne wp-block-embed-femmes-en-montagne\"><div class=\"wp-block-embed__wrapper\">\n<blockquote class=\"wp-embedded-content\" data-secret=\"FtqmpxIKfx\"><a href=\"https:\/\/femmesenmontagne.com\/\">Femmes en Montagne<\/a><\/blockquote><iframe class=\"wp-embedded-content\" sandbox=\"allow-scripts\" security=\"restricted\" style=\"position: absolute; clip: rect(1px, 1px, 1px, 1px);\" title=\"\u00ab\u00a0Femmes en Montagne\u00a0\u00bb &#8212; Femmes en Montagne\" src=\"https:\/\/femmesenmontagne.com\/embed\/#?secret=quWuhPTlBf#?secret=FtqmpxIKfx\" data-secret=\"FtqmpxIKfx\" width=\"600\" height=\"338\" frameborder=\"0\" marginwidth=\"0\" marginheight=\"0\" scrolling=\"no\"><\/iframe>\n<\/div><\/figure>\n<div style=\"margin-top: 0px; margin-bottom: 0px;\" class=\"sharethis-inline-share-buttons\" ><\/div>","protected":false},"excerpt":{"rendered":"<p>Cette association, aujourd\u2019hui, c\u2019est 52 b\u00e9n\u00e9voles, 2 salari\u00e9es \u00e0 temps partiel, environs 140 films diffus\u00e9s depuis les d\u00e9buts de l\u2019association ! <\/p>\n<p>Rendez-vous le 20 mai \u00e0 Atome Annecy \u00e0 partir de 19h pour c\u00e9l\u00e9brer les ans de l\u2019association. Pour une soir\u00e9e port\u00e9e par une belle \u00e9nergie. L\u2019\u00e9quipe de Femmes en Montagne vous pr\u00e9pare des animation, un DJ et des rencontres avec les grands noms du Festival <\/p>\n","protected":false},"author":95,"featured_media":3363,"comment_status":"closed","ping_status":"open","sticky":false,"template":"","format":"standard","meta":{"footnotes":""},"categories":[527,530,529,526],"tags":[],"_links":{"self":[{"href":"https:\/\/www.salon-escalade.com\/vertical-feed\/wp-json\/wp\/v2\/posts\/3362"}],"collection":[{"href":"https:\/\/www.salon-escalade.com\/vertical-feed\/wp-json\/wp\/v2\/posts"}],"about":[{"href":"https:\/\/www.salon-escalade.com\/vertical-feed\/wp-json\/wp\/v2\/types\/post"}],"author":[{"embeddable":true,"href":"https:\/\/www.salon-escalade.com\/vertical-feed\/wp-json\/wp\/v2\/users\/95"}],"replies":[{"embeddable":true,"href":"https:\/\/www.salon-escalade.com\/vertical-feed\/wp-json\/wp\/v2\/comments?post=3362"}],"version-history":[{"count":2,"href":"https:\/\/www.salon-escalade.com\/vertical-feed\/wp-json\/wp\/v2\/posts\/3362\/revisions"}],"predecessor-version":[{"id":3365,"href":"https:\/\/www.salon-escalade.com\/vertical-feed\/wp-json\/wp\/v2\/posts\/3362\/revisions\/3365"}],"wp:featuredmedia":[{"embeddable":true,"href":"https:\/\/www.salon-escalade.com\/vertical-feed\/wp-json\/wp\/v2\/media\/3363"}],"wp:attachment":[{"href":"https:\/\/www.salon-escalade.com\/vertical-feed\/wp-json\/wp\/v2\/media?parent=3362"}],"wp:term":[{"taxonomy":"category","embeddable":true,"href":"https:\/\/www.salon-escalade.com\/vertical-feed\/wp-json\/wp\/v2\/categories?post=3362"},{"taxonomy":"post_tag","embeddable":true,"href":"https:\/\/www.salon-escalade.com\/vertical-feed\/wp-json\/wp\/v2\/tags?post=3362"}],"curies":[{"name":"wp","href":"https:\/\/api.w.org\/{rel}","templated":true}]}}