{"id":3356,"date":"2026-03-16T11:42:23","date_gmt":"2026-03-16T10:42:23","guid":{"rendered":"https:\/\/www.salon-escalade.com\/vertical-feed\/?p=3356"},"modified":"2026-03-16T11:42:23","modified_gmt":"2026-03-16T10:42:23","slug":"monolithe-et-si-lescalade-faisait-litteralement-partie-du-paysage","status":"publish","type":"post","link":"https:\/\/www.salon-escalade.com\/vertical-feed\/2026\/03\/16\/monolithe-et-si-lescalade-faisait-litteralement-partie-du-paysage\/","title":{"rendered":"Monolithe : et si l\u2019escalade faisait litt\u00e9ralement partie du paysage ?\u00a0"},"content":{"rendered":"<div style=\"\" class=\"sharethis-inline-share-buttons\" ><\/div>\n<p>Vainqueur des Troph\u00e9es de la Verticalit\u00e9 dans la cat\u00e9gorie \u201cInnovation\u201d, Monolithe r\u00e9pond \u00e0 la fois \u00e0 un enjeu d&rsquo;am\u00e9nagement des villes (ou des campagnes) et de ville sportives.<\/p>\n\n\n\n<p>Nous ne pouvons pas le cacher, entre les camions bloqu\u00e9s par le verglas et les man\u0153uvres laborieuses dans le hall du parc des expositions de la Porte de Versailles, <a href=\"https:\/\/www.instagram.com\/reel\/DTSmTIvktXe\/?utm_source=ig_web_copy_link&amp;igsh=MzRlODBiNWFlZA==\">l\u2019installation du Monolithe<\/a>\u00a0 au Salon de l\u2019Escalade a donn\u00e9 des sueurs froides \u00e0 pas mal de monde. Mais au vu du succ\u00e8s de ce caillou, \u00e7a valait carr\u00e9ment le coup ! <\/p>\n\n\n<div class=\"wp-block-image\">\n<figure class=\"aligncenter size-large is-resized\"><img decoding=\"async\" loading=\"lazy\" width=\"1024\" height=\"683\" src=\"https:\/\/www.salon-escalade.com\/vertical-feed\/wp-content\/uploads\/2026\/03\/Monolythe_David-Pillet_11-01-2026_HD_1413-1024x683.jpg\" alt=\"\" class=\"wp-image-3357\" style=\"aspect-ratio:1.4999014389907352;width:580px;height:auto\" srcset=\"https:\/\/www.salon-escalade.com\/vertical-feed\/wp-content\/uploads\/2026\/03\/Monolythe_David-Pillet_11-01-2026_HD_1413-1024x683.jpg 1024w, https:\/\/www.salon-escalade.com\/vertical-feed\/wp-content\/uploads\/2026\/03\/Monolythe_David-Pillet_11-01-2026_HD_1413-300x200.jpg 300w, https:\/\/www.salon-escalade.com\/vertical-feed\/wp-content\/uploads\/2026\/03\/Monolythe_David-Pillet_11-01-2026_HD_1413-768x512.jpg 768w, https:\/\/www.salon-escalade.com\/vertical-feed\/wp-content\/uploads\/2026\/03\/Monolythe_David-Pillet_11-01-2026_HD_1413-1536x1024.jpg 1536w, https:\/\/www.salon-escalade.com\/vertical-feed\/wp-content\/uploads\/2026\/03\/Monolythe_David-Pillet_11-01-2026_HD_1413-2048x1365.jpg 2048w\" sizes=\"(max-width: 1024px) 100vw, 1024px\" \/><figcaption class=\"wp-element-caption\">Photo : Pillet David &#8211; Le Monolithe au Salon de l&rsquo;Escalade<\/figcaption><\/figure><\/div>\n\n\n<h2 class=\"wp-block-heading\">Une r\u00e9ponse \u00e0 plusieurs enjeux : am\u00e9nagement urbain, pratique outdoor et acc\u00e8s \u00e0 la pratique.&nbsp;<\/h2>\n\n\n\n<p>Sur le plan sportif, le projet est hautement corr\u00e9l\u00e9 aux enjeux actuels.&nbsp;<\/p>\n\n\n\n<h3 class=\"wp-block-heading\"><strong>Pratique Outdoor Centrale&nbsp;<\/strong><\/h3>\n\n\n\n<p>L\u2019outdoor, notamment, prend une place centrale dans la pratique sportive des fran\u00e7ais. <em>\u201cSelon l\u2019association Outdoor Sports Valley, 64 % des Fran\u00e7ais consid\u00e8rent aujourd\u2019hui la pratique de sports de plein air comme essentielle \u00e0 leur \u00e9quilibre de vie. Chez les 18-35 ans, le chiffre grimpe \u00e0 72 %.\u201d<\/em><\/p>\n\n\n\n<h3 class=\"wp-block-heading\"><strong>Escalade en acc\u00e8s libre&nbsp;<\/strong><\/h3>\n\n\n\n<p>L\u2019inclusion est l\u2019un des d\u00e9fis majeurs pour la discipline. Nous observons d\u2019ailleurs de nombreuses r\u00e9flexions et voyons na\u00eetre de nombreux projets visant \u00e0 rendre la pratique accessible \u00e0 tous: tous les genres, toutes les morphologies, toutes les classes sociales.\u00a0<\/p>\n\n\n\n<p>Avec Monolithe, nous parlons de la cr\u00e9ation d\u2019espaces de grimpe en acc\u00e8s libre, donc, ouverts \u00e0 tous. La pr\u00e9sence de monolithe en milieux urbains laisserait donc entrevoir des possibilit\u00e9s pour organiser des temps d\u2019initiation pour des publics \u201cbloqu\u00e9s\u201d par les co\u00fbts d\u2019entr\u00e9e aux salles ou \u00e9loign\u00e9s des \u201ccodes\u201d de la discipline.&nbsp;<\/p>\n\n\n\n<h3 class=\"wp-block-heading\"><strong>Am\u00e9nagement urbain naturel<\/strong><\/h3>\n\n\n\n<p>Le monolithe apporte une dimension naturelle au paysage : il d\u00e9tonne avec les murs d\u2019escalade en bois, des co\u00fbts r\u00e9duits en entretien, tr\u00e8s peu d\u2019usure. Il s\u2019int\u00e8gre au paysage avec une facilit\u00e9 d\u00e9concertante.&nbsp;<\/p>\n\n\n\n<p>\u201cUn monolithe, c\u2019est :<\/p>\n\n\n\n<ul>\n<li>Une dur\u00e9e de vie de plusieurs si\u00e8cles<\/li>\n\n\n\n<li>Quasi aucun entretien<\/li>\n\n\n\n<li>Une empreinte carbone radicalement r\u00e9duite<\/li>\n\n\n\n<li>Une int\u00e9gration paysag\u00e8re unique\u201d<\/li>\n<\/ul>\n\n\n\n<p>Pour d\u00e9couvrir les fondateurs et le projet, retrouvez la conf\u00e9rence B2B sur notre cha\u00eene YouTube :&nbsp;<\/p>\n\n\n\n<p>Monolithe : un am\u00e9nagement sportif urbain durable<\/p>\n\n\n\n<figure class=\"wp-block-embed is-type-video is-provider-youtube wp-block-embed-youtube wp-embed-aspect-16-9 wp-has-aspect-ratio\"><div class=\"wp-block-embed__wrapper\">\n<iframe loading=\"lazy\" title=\"Monolithe : un am\u00e9nagement sportif urbain durable\" width=\"1110\" height=\"624\" src=\"https:\/\/www.youtube.com\/embed\/xFkud8PNfl4?feature=oembed\" frameborder=\"0\" allow=\"accelerometer; autoplay; clipboard-write; encrypted-media; gyroscope; picture-in-picture; web-share\" referrerpolicy=\"strict-origin-when-cross-origin\" allowfullscreen><\/iframe>\n<\/div><\/figure>\n\n\n\n<h2 class=\"wp-block-heading\">Un nouveau spot d\u2019escalade de bloc \u201cMonolithe\u201d aux Carroz&nbsp;<\/h2>\n\n\n\n<p>En F\u00e9vrier, nouvelle \u00e9tape de franchie pour la start up messine qui annonce sur LinkedIn :&nbsp;<\/p>\n\n\n\n<p><em>\u201cNous sommes tr\u00e8s heureux d\u2019annoncer que nous avons \u00e9t\u00e9 s\u00e9lectionn\u00e9s pour la r\u00e9alisation d\u2019un espace d\u2019escalade en blocs de roche dans le cadre du march\u00e9 d\u2019extension du skatepark des Carroz.\u201d<\/em><\/p>\n\n\n\n<p><a href=\"https:\/\/www.linkedin.com\/posts\/monolithe-climbing_monolitheclimbing-escalade-amaeznagementurbain-activity-7435725888970702848-1wuO?utm_source=share&amp;utm_medium=member_desktop&amp;rcm=ACoAACjFDmoB-O1QW2WGuyRigemmhfc8d7uXBbo\" target=\"_blank\" rel=\"noreferrer noopener\">Voir le Post LinkedIn complet<\/a><\/p>\n\n\n\n<p>C\u2019est de bon augure pour la suite, que nous suivons avec beaucoup d\u2019int\u00e9r\u00eat !&nbsp;<\/p>\n<div style=\"margin-top: 0px; margin-bottom: 0px;\" class=\"sharethis-inline-share-buttons\" ><\/div>","protected":false},"excerpt":{"rendered":"<p>Vainqueur des Troph\u00e9es de la Verticalit\u00e9 dans la cat\u00e9gorie \u201cInnovation\u201d, Monolithe r\u00e9pond \u00e0 la fois \u00e0 un enjeu d&rsquo;am\u00e9nagement des villes (ou des campagnes) et de ville sportives !<br \/>\nNous ne pouvons pas le cacher, entre les camions bloqu\u00e9s par le verglas et les man\u0153uvres laborieuses dans le hall du parc des expositions de la Porte de Versailles, l\u2019installation du Monolithe  au Salon de l\u2019Escalade a donn\u00e9 des sueurs froides \u00e0 pas mal de monde. Heureusement, le bloc de gr\u00e9 a conquis le public ! <\/p>\n","protected":false},"author":95,"featured_media":3358,"comment_status":"closed","ping_status":"open","sticky":false,"template":"","format":"standard","meta":{"footnotes":""},"categories":[530,529,525],"tags":[26,354],"_links":{"self":[{"href":"https:\/\/www.salon-escalade.com\/vertical-feed\/wp-json\/wp\/v2\/posts\/3356"}],"collection":[{"href":"https:\/\/www.salon-escalade.com\/vertical-feed\/wp-json\/wp\/v2\/posts"}],"about":[{"href":"https:\/\/www.salon-escalade.com\/vertical-feed\/wp-json\/wp\/v2\/types\/post"}],"author":[{"embeddable":true,"href":"https:\/\/www.salon-escalade.com\/vertical-feed\/wp-json\/wp\/v2\/users\/95"}],"replies":[{"embeddable":true,"href":"https:\/\/www.salon-escalade.com\/vertical-feed\/wp-json\/wp\/v2\/comments?post=3356"}],"version-history":[{"count":1,"href":"https:\/\/www.salon-escalade.com\/vertical-feed\/wp-json\/wp\/v2\/posts\/3356\/revisions"}],"predecessor-version":[{"id":3359,"href":"https:\/\/www.salon-escalade.com\/vertical-feed\/wp-json\/wp\/v2\/posts\/3356\/revisions\/3359"}],"wp:featuredmedia":[{"embeddable":true,"href":"https:\/\/www.salon-escalade.com\/vertical-feed\/wp-json\/wp\/v2\/media\/3358"}],"wp:attachment":[{"href":"https:\/\/www.salon-escalade.com\/vertical-feed\/wp-json\/wp\/v2\/media?parent=3356"}],"wp:term":[{"taxonomy":"category","embeddable":true,"href":"https:\/\/www.salon-escalade.com\/vertical-feed\/wp-json\/wp\/v2\/categories?post=3356"},{"taxonomy":"post_tag","embeddable":true,"href":"https:\/\/www.salon-escalade.com\/vertical-feed\/wp-json\/wp\/v2\/tags?post=3356"}],"curies":[{"name":"wp","href":"https:\/\/api.w.org\/{rel}","templated":true}]}}