{"id":3234,"date":"2025-12-06T19:00:07","date_gmt":"2025-12-06T18:00:07","guid":{"rendered":"https:\/\/www.salon-escalade.com\/vertical-feed\/?p=3234"},"modified":"2025-12-08T11:13:57","modified_gmt":"2025-12-08T10:13:57","slug":"exposer-au-salon-les-conseils-de-preparation-de-rgentec","status":"publish","type":"post","link":"https:\/\/www.salon-escalade.com\/vertical-feed\/2025\/12\/06\/exposer-au-salon-les-conseils-de-preparation-de-rgentec\/","title":{"rendered":"Exposer au Salon : les conseils de pr\u00e9paration de RGENtec\u00a0"},"content":{"rendered":"<div style=\"\" class=\"sharethis-inline-share-buttons\" ><\/div>\n<p>Les stands qui ont eu du succ\u00e8s au Salon ? On pense au Vieux Campeur et \u00e0 YY Vertical. Difficile de se comparer \u00e0 ces mastodontes quand on est plus petits\u2026 Heureusement, il y avait aussi (entre autre) <a href=\"https:\/\/rgentec.com\/fr\/\">RGENtec<\/a> ! Ils venaient pour asseoir leur l\u00e9gitimit\u00e9 dans le milieu de l\u2019escalade, ils repartent avec de nouveaux clients conquis, des id\u00e9es \u00e0 mettre en place et un r\u00e9seau B2B \u00e0 animer.\u00a0<\/p>\n\n\n\n<p>Audrey Arrivetx vous livre <strong>quelques cl\u00e9s pour pr\u00e9parer le Salon<\/strong> et profiter au maximum de ce week-end o\u00f9 l\u2019int\u00e9gralit\u00e9 des acteurs de la verticalit\u00e9 sont r\u00e9unis.&nbsp;<\/p>\n\n\n<div class=\"wp-block-image\">\n<figure class=\"aligncenter size-large is-resized\"><img decoding=\"async\" loading=\"lazy\" width=\"819\" height=\"1024\" src=\"https:\/\/www.salon-escalade.com\/vertical-feed\/wp-content\/uploads\/2025\/12\/VISUEL_Ambassadeurs_RGENtec_1080x1350-819x1024.jpg\" alt=\"\" class=\"wp-image-3235\" style=\"aspect-ratio:0.7998046875;width:297px;height:auto\" srcset=\"https:\/\/www.salon-escalade.com\/vertical-feed\/wp-content\/uploads\/2025\/12\/VISUEL_Ambassadeurs_RGENtec_1080x1350-819x1024.jpg 819w, https:\/\/www.salon-escalade.com\/vertical-feed\/wp-content\/uploads\/2025\/12\/VISUEL_Ambassadeurs_RGENtec_1080x1350-240x300.jpg 240w, https:\/\/www.salon-escalade.com\/vertical-feed\/wp-content\/uploads\/2025\/12\/VISUEL_Ambassadeurs_RGENtec_1080x1350-768x960.jpg 768w, https:\/\/www.salon-escalade.com\/vertical-feed\/wp-content\/uploads\/2025\/12\/VISUEL_Ambassadeurs_RGENtec_1080x1350.jpg 1080w\" sizes=\"(max-width: 819px) 100vw, 819px\" \/><\/figure><\/div>\n\n\n<h2 class=\"wp-block-heading\">Les questions \u00e0 se poser en amont&nbsp;<\/h2>\n\n\n\n<p>Un Salon, \u00e7a se pr\u00e9pare d\u2019autant plus quand on sait qu\u2019on peut y rencontrer des clients, des partenaires, des revendeurs, des ambassadeurs\u2026 Alors, pour \u00e9viter de perdre du vue ses objectifs : posons le cadre en commen\u00e7ant par se poser les bonnes questions.&nbsp;<\/p>\n\n\n\n<p>La premi\u00e8re \u00e9tant :&nbsp;<strong>\u201cPourquoi on y va ?\u201d<\/strong> <\/p>\n\n\n\n<ul>\n<li>Gagner en visibilit\u00e9 ?&nbsp;<\/li>\n\n\n\n<li>Rencontrer des acteurs-cl\u00e9s ?&nbsp;<\/li>\n\n\n\n<li>Asseoir sa l\u00e9gitimit\u00e9 dans le milieu ?<\/li>\n\n\n\n<li>Faire tester mon produit \u00e0 des utilisateurs ?&nbsp;<\/li>\n\n\n\n<li>Pr\u00e9senter sa marque \u00e0 un public bien sp\u00e9cifique ?&nbsp;<\/li>\n\n\n\n<li>Faire conna\u00eetre mon projet \u00e0 de potentiels partenaires ?&nbsp;<\/li>\n<\/ul>\n\n\n\n<p><\/p>\n\n\n\n<p>Chaque exposant(e) aura sa r\u00e9ponse.\u00a0La R\u00e9ponse de RGENtec \u00e0 cette question :\u00a0<\/p>\n\n\n\n<p><strong>Salon&nbsp; : Qu\u2019est ce que vous attendiez du salon de l\u2019escalade en janvier 2025?&nbsp;<\/strong><\/p>\n\n\n\n<p><em>AA.<\/em> Alors, on attendait de la l\u00e9gitimit\u00e9, de la visibilit\u00e9 et aussi du contact avec les pratiquants, les grimpeurs et un petit peu aussi B2B, mais bon on savait pas trop quoi en sortir.<\/p>\n\n\n\n<p><strong>Salon : Et finalement, vous en \u00eates sortis avec quoi ?&nbsp;<\/strong><\/p>\n\n\n\n<p>AA. On est sorti avec beaucoup de fatigue, mais on est surtout sorti avec plein, plein d&rsquo;enseignements sur les pratiquants, ce qu\u2019ils attendaient, la fa\u00e7on d&rsquo;utiliser nos produits. Et on est sorti aussi avec \u00e9norm\u00e9ment de contacts B2B, des contacts pro et plein d&rsquo;id\u00e9es pour 2025 \/ 2026.<\/p>\n\n\n\n<p><strong>Salon :<\/strong> <strong>L\u00e9gitimit\u00e9 bien install\u00e9e au salon de l\u2019escalade?\u00a0<\/strong><\/p>\n\n\n\n<p><em>AA : <\/em>Oui, exactement, en fait \u00e7a nous avait vraiment permis de se dire <em>\u201cOn est l\u00e0 o\u00f9 on devait \u00eatre, on a des produits qui sont hyper utiles pour les grimpeurs et ce n&rsquo;est pas nous qui le disons\u201d<\/em>. En fait, c&rsquo;est vraiment les retours qu&rsquo;on a, donc on peut vraiment continuer \u00e0 creuser cette piste l\u00e0 o\u00f9 on est. Donc voil\u00e0, l&rsquo;id\u00e9e c&rsquo;\u00e9tait voil\u00e0, on est utile comment on peut \u00eatre encore plus utile et \u00e0 qui, que \u00e7a soit en indoor ou alors \u00e0 l&rsquo;ext\u00e9rieur en outdoor avec la Coupe du monde, avec l&rsquo;ENSA, et avec les grimpeurs qu&rsquo;on accompagne.\u00a0<\/p>\n\n\n\n<p><\/p>\n\n\n\n<p>Pour r\u00e9sumer, \u00e0 la question \u201cPourquoi \u00eates-vous exposants au Salon? \u201d\u00a0RGENtec a r\u00e9pondu : <\/p>\n\n\n\n<ol>\n<li>Pour asseoir leur l\u00e9gitimit\u00e9&nbsp;<\/li>\n\n\n\n<li>Gagner en visibilit\u00e9&nbsp;<\/li>\n\n\n\n<li>Avoir du contact avec les pratiquants.&nbsp;<\/li>\n<\/ol>\n\n\n\n<p>L\u2019objectif est clair, maintenant comment on s\u2019y prend pour les atteindre ?&nbsp;<\/p>\n\n\n\n<h2 class=\"wp-block-heading\">Pr\u00e9parer le Salon&nbsp;<\/h2>\n\n\n\n<p>Comment faire pour attirer les bonnes personnes au bon endroit ?&nbsp;<\/p>\n\n\n\n<p>Il y a plusieurs leviers pour cela :&nbsp;<\/p>\n\n\n\n<ul>\n<li>Ceux que le Salon peut mettre \u00e0 disposition : salles B2B, speaker, podium guide visiteur, programme en ligne\u2026&nbsp;<\/li>\n<\/ul>\n\n\n\n<ul>\n<li>Votre stand : sur lequel vous avez toutes les libert\u00e9s du monde pour attirer du monde ! La pr\u00e9sence d\u2019un ambassadeur, un jeu-concours, une animation, des produits \u00e0 tester\u2026&nbsp;<\/li>\n<\/ul>\n\n\n\n<p>\ud83d\udc49\ud83c\udffc Programmer et provoquer les rencontres indispensables : la petite \u00e9quipe d\u2019Organisation peut vous accompagner sur ces sujets.  <\/p>\n\n\n\n<figure class=\"wp-block-embed is-type-video is-provider-youtube wp-block-embed-youtube wp-embed-aspect-16-9 wp-has-aspect-ratio\"><div class=\"wp-block-embed__wrapper\">\n<iframe loading=\"lazy\" title=\"R\u00e9cup\u00e9ration et optimisation : Le secret des grimpeurs\" width=\"1110\" height=\"624\" src=\"https:\/\/www.youtube.com\/embed\/0fVxLm-5LYw?feature=oembed\" frameborder=\"0\" allow=\"accelerometer; autoplay; clipboard-write; encrypted-media; gyroscope; picture-in-picture; web-share\" referrerpolicy=\"strict-origin-when-cross-origin\" allowfullscreen><\/iframe>\n<\/div><figcaption class=\"wp-element-caption\"><em>Conf\u00e9rence lors de laquelle Audrey Arrivetx est intervenue lors de la pr\u00e9c\u00e9dente \u00e9dition.<\/em><\/figcaption><\/figure>\n\n\n\n<p><strong>Salon : Comment avez-vous pr\u00e9par\u00e9 le salon pour optimiser votre pr\u00e9sence ?<\/strong><\/p>\n\n\n\n<p>AA : Alors on s&rsquo;est dit qu&rsquo;en fait, la seule fa\u00e7on d&rsquo;\u00eatre vraiment pertinent sur le salon, c&rsquo;est de <strong>pouvoir faire tester nos produits<\/strong>. On y est arriv\u00e9 avec beaucoup de produits \u00e0 vendre, \u00e9videmment, mais aussi avec beaucoup d&rsquo;\u00e9chantillons, avec des tubes d\u00e9mo et avec une vraie logique de se dire ok, on va essayer<strong> <\/strong><strong>d&rsquo;\u00eatre vraiment dans la discussion.<\/strong><\/p>\n\n\n\n<p>On \u00e9tait vraiment dans une logique de test et non pas de vendre [&#8230;] donc on est vraiment arriv\u00e9 avec des produits, des \u00e9chantillons, des id\u00e9es de tests.\u00a0On est \u00e9galement arriv\u00e9 avec une logique de se dire comment on peut se faire conna\u00eetre. Donc moi j&rsquo;ai anim\u00e9 une conf\u00e9rence sur la r\u00e9cup\u00e9ration dans le cadre des cycles de conf\u00e9rences qui \u00e9tait g\u00e9r\u00e9 par le Salon de l&rsquo;escalade.\u00a0<\/p>\n\n\n\n<p>Un salon, c\u2019est un \u00e9v\u00e9nement physique : c\u2019est fait pour rencontrer des gens, apprendre \u00e0 les conna\u00eetre. <strong>Mais aussi et surtout, laisser la place \u00e0 l\u2019impr\u00e9vu et aux rencontres fortuites&nbsp;<\/strong><\/p>\n\n\n\n<h2 class=\"wp-block-heading\">Les conseil de RGENtec<\/h2>\n\n\n\n<p><strong>Salon : Si tu dois faire une petite liste de conseils aux futurs exposants du salon pour optimiser leur pr\u00e9sence sur place?&nbsp;<\/strong><\/p>\n\n\n\n<p>AA : Il faut s&rsquo;attendre \u00e0 avoir beaucoup de monde et \u00e0 beaucoup discuter, pr\u00e9senter les produits. Il faut \u00eatre pr\u00eat vraiment \u00e0 faire tester, \u00e0 s&rsquo;int\u00e9resser aux probl\u00e9matiques des gens et essayer de creuser un peu plus.\u00a0L&rsquo;id\u00e9e c&rsquo;est vraiment de s&rsquo;int\u00e9grer dans la vie des grimpeurs, dans leurs besoins et d&rsquo;essayer de comprendre un peu leur probl\u00e9matique pour apporter de meilleures solutions.\u00a0<\/p>\n\n\n\n<h2 class=\"wp-block-heading\">G\u00e9rer l\u2019apr\u00e8s salon<\/h2>\n\n\n\n<p>Et l\u2019avantage avec les Salons, c\u2019est que les rencontres faites pendant l\u2019\u00e9v\u00e9nement, les id\u00e9es qui y sont n\u00e9es ne s\u2019\u00e9vaporent pas !&nbsp;<\/p>\n\n\n\n<p>Le Salon c\u2019est donc avant-tout une histoire de rencontres en tous genres.&nbsp;<\/p>\n\n\n\n<p>Vous allez rencontrer celles et ceux qui vont utiliser votre produit, devenir partenaire ou ambassadeur de votre marque. Quelle que soit la nature de ces rencontres, elles vont (nous le souhaitons) faire \u00e9clore des id\u00e9es pour la suite de votre entreprise.&nbsp;<\/p>\n\n\n\n<h3 class=\"wp-block-heading\">To do post-event <\/h3>\n\n\n<div class=\"wp-block-image\">\n<figure class=\"aligncenter size-large is-resized\"><img decoding=\"async\" loading=\"lazy\" width=\"819\" height=\"1024\" src=\"https:\/\/www.salon-escalade.com\/vertical-feed\/wp-content\/uploads\/2025\/12\/Reveal-Simond--819x1024.jpg\" alt=\"Audrey Arrivetx vous livre quelques cl\u00e9s pour pr\u00e9parer le Salon et profiter au maximum de ce week-end o\u00f9 l\u2019int\u00e9gralit\u00e9 des acteurs de la verticalit\u00e9 sont r\u00e9unis. \" class=\"wp-image-3236\" style=\"aspect-ratio:0.7998046875;width:293px;height:auto\" srcset=\"https:\/\/www.salon-escalade.com\/vertical-feed\/wp-content\/uploads\/2025\/12\/Reveal-Simond--819x1024.jpg 819w, https:\/\/www.salon-escalade.com\/vertical-feed\/wp-content\/uploads\/2025\/12\/Reveal-Simond--240x300.jpg 240w, https:\/\/www.salon-escalade.com\/vertical-feed\/wp-content\/uploads\/2025\/12\/Reveal-Simond--768x960.jpg 768w, https:\/\/www.salon-escalade.com\/vertical-feed\/wp-content\/uploads\/2025\/12\/Reveal-Simond-.jpg 1080w\" sizes=\"(max-width: 819px) 100vw, 819px\" \/><\/figure><\/div>\n\n\n<p><strong>Salon : Comment s\u2019est pass\u00e9 l\u2019apr\u00e8s-salon<\/strong><\/p>\n\n\n\n<p>AA : Pour nous le salon, \u00e7a a vraiment \u00e9t\u00e9 une question de rencontres essentiellement rencontres avec les pratiquants, rencontres avec les pros du secteur, rencontre avec les athl\u00e8tes, rencontre aussi avec l&rsquo;organisation du salon, qu&rsquo;on ne connaissait pas et c&rsquo;\u00e9tait la premi\u00e8re fois qu\u2019on le faisait.<\/p>\n\n\n\n<p>Il y a eu \u00e9norm\u00e9ment de suivi derri\u00e8re avec tous ces gens l\u00e0, avec les acheteurs, avec les clients qui nous ont donn\u00e9 leurs retours, avec les pros qui nous ont r\u00e9f\u00e9renc\u00e9s. Et puis m\u00eame avec Eric et tout le reste du salon avec qui on est pas mal rest\u00e9 en contact pour voir comment justement on pouvait encore faire mieux en 2026, que ce soit pour nous m\u00eame pour le salon lui-m\u00eame.&nbsp;<\/p>\n\n\n\n<h2 class=\"wp-block-heading\">RGENtec au Salon de l&rsquo;Escalade 2026 <\/h2>\n\n\n\n<p>Au programme sur leur stand : <\/p>\n\n\n\n<ul>\n<li>Rencontre avec Edwin Gaufr\u00e8s le samedi 10 janvier \u00e0 14h <\/li>\n\n\n\n<li>Talk \u00ab\u00a0Performance : se pr\u00e9parer et r\u00e9cup\u00e9rer\u00a0\u00bb avec H\u00e9lo\u00efse Doumont et Edwin Gaufr\u00e8s <\/li>\n\n\n\n<li>Rencontre avec H\u00e9lo\u00efse Doumont le dimanche 11 janvier \u00e0 11h <\/li>\n<\/ul>\n\n\n\n<p>Rendez-vous au Salon de l&rsquo;Escalade : <\/p>\n\n\n\n<p>\ud83d\udcc6 les 10 et 11 janvier 2026 <\/p>\n\n\n\n<p>\ud83d\udccd Paris Expo Porte de Versailles<\/p>\n\n\n\n<div class=\"wp-block-buttons is-content-justification-center is-layout-flex wp-container-1 wp-block-buttons-is-layout-flex\">\n<div class=\"wp-block-button has-custom-font-size has-small-font-size\"><a class=\"wp-block-button__link has-background wp-element-button\" href=\"https:\/\/www.salon-escalade.com\/billetterie\/\" style=\"background-color:#890000\">Billetterie<\/a><\/div>\n<\/div>\n<div style=\"margin-top: 0px; margin-bottom: 0px;\" class=\"sharethis-inline-share-buttons\" ><\/div>","protected":false},"excerpt":{"rendered":"<p>Audrey Arrivetx vous livre quelques cl\u00e9s pour pr\u00e9parer le Salon et profiter au maximum de ce week-end o\u00f9 l\u2019int\u00e9gralit\u00e9 des acteurs de la verticalit\u00e9 sont r\u00e9unis. <\/p>\n","protected":false},"author":95,"featured_media":3237,"comment_status":"closed","ping_status":"open","sticky":false,"template":"","format":"standard","meta":{"footnotes":""},"categories":[529,525],"tags":[99],"_links":{"self":[{"href":"https:\/\/www.salon-escalade.com\/vertical-feed\/wp-json\/wp\/v2\/posts\/3234"}],"collection":[{"href":"https:\/\/www.salon-escalade.com\/vertical-feed\/wp-json\/wp\/v2\/posts"}],"about":[{"href":"https:\/\/www.salon-escalade.com\/vertical-feed\/wp-json\/wp\/v2\/types\/post"}],"author":[{"embeddable":true,"href":"https:\/\/www.salon-escalade.com\/vertical-feed\/wp-json\/wp\/v2\/users\/95"}],"replies":[{"embeddable":true,"href":"https:\/\/www.salon-escalade.com\/vertical-feed\/wp-json\/wp\/v2\/comments?post=3234"}],"version-history":[{"count":3,"href":"https:\/\/www.salon-escalade.com\/vertical-feed\/wp-json\/wp\/v2\/posts\/3234\/revisions"}],"predecessor-version":[{"id":3255,"href":"https:\/\/www.salon-escalade.com\/vertical-feed\/wp-json\/wp\/v2\/posts\/3234\/revisions\/3255"}],"wp:featuredmedia":[{"embeddable":true,"href":"https:\/\/www.salon-escalade.com\/vertical-feed\/wp-json\/wp\/v2\/media\/3237"}],"wp:attachment":[{"href":"https:\/\/www.salon-escalade.com\/vertical-feed\/wp-json\/wp\/v2\/media?parent=3234"}],"wp:term":[{"taxonomy":"category","embeddable":true,"href":"https:\/\/www.salon-escalade.com\/vertical-feed\/wp-json\/wp\/v2\/categories?post=3234"},{"taxonomy":"post_tag","embeddable":true,"href":"https:\/\/www.salon-escalade.com\/vertical-feed\/wp-json\/wp\/v2\/tags?post=3234"}],"curies":[{"name":"wp","href":"https:\/\/api.w.org\/{rel}","templated":true}]}}