{"id":3217,"date":"2025-12-08T14:09:49","date_gmt":"2025-12-08T13:09:49","guid":{"rendered":"https:\/\/www.salon-escalade.com\/vertical-feed\/?p=3217"},"modified":"2025-12-08T14:13:49","modified_gmt":"2025-12-08T13:13:49","slug":"escalade-nature-et-mobilite-douce-le-slow-climbing-avec-un-col-ou-un-pic","status":"publish","type":"post","link":"https:\/\/www.salon-escalade.com\/vertical-feed\/2025\/12\/08\/escalade-nature-et-mobilite-douce-le-slow-climbing-avec-un-col-ou-un-pic\/","title":{"rendered":"Escalade nature et mobilit\u00e9 douce : le slow climbing avec Un Col ou un Pic"},"content":{"rendered":"<div style=\"\" class=\"sharethis-inline-share-buttons\" ><\/div>\n<p>Un Col ou un Pic vous fait d\u00e9couvrir une autre mani\u00e8re d&rsquo;aller grimper : plus lente, mais aussi plus consciente et plus responsable. \u00ab\u00a0<em>On mettrait trop de temps\u00a0\u00bb, \u00ab\u00a0trop gal\u00e8re de porter le mat\u00e9riel\u00a0\u00bb, \u00ab\u00a0trop fatiguant pour grimper ensuite\u00a0\u00bb.<\/em> Venez recontrer Julien Gobillot au Salon de l&rsquo;Escalade, sur l&rsquo;Aire des Mobilit\u00e9s Douces, pour envoyer valser vos id\u00e9es re\u00e7ues ! <\/p>\n\n\n\n<figure class=\"wp-block-gallery has-nested-images columns-default is-cropped wp-block-gallery-1 is-layout-flex wp-block-gallery-is-layout-flex\">\n<figure class=\"wp-block-image size-large\"><img decoding=\"async\" loading=\"lazy\" width=\"1024\" height=\"724\" data-id=\"3220\" src=\"https:\/\/www.salon-escalade.com\/vertical-feed\/wp-content\/uploads\/2025\/12\/baniere-taille-ok-1-1024x724.png\" alt=\"Un Col ou un Pic - V\u00e9lo escalade \" class=\"wp-image-3220\" srcset=\"https:\/\/www.salon-escalade.com\/vertical-feed\/wp-content\/uploads\/2025\/12\/baniere-taille-ok-1-1024x724.png 1024w, https:\/\/www.salon-escalade.com\/vertical-feed\/wp-content\/uploads\/2025\/12\/baniere-taille-ok-1-300x212.png 300w, https:\/\/www.salon-escalade.com\/vertical-feed\/wp-content\/uploads\/2025\/12\/baniere-taille-ok-1-768x543.png 768w, https:\/\/www.salon-escalade.com\/vertical-feed\/wp-content\/uploads\/2025\/12\/baniere-taille-ok-1-1536x1086.png 1536w, https:\/\/www.salon-escalade.com\/vertical-feed\/wp-content\/uploads\/2025\/12\/baniere-taille-ok-1.png 1920w\" sizes=\"(max-width: 1024px) 100vw, 1024px\" \/><\/figure>\n<\/figure>\n\n\n\n<h2 class=\"wp-block-heading\">Ralentir pour mieux grimper : une philosophie de l\u2019escalade nature<\/h2>\n\n\n\n<blockquote class=\"wp-block-quote\">\n<p>Dans un monde o\u00f9 tout va trop vite, ralentir devient un acte de libert\u00e9.<\/p>\n<cite>Julien Gobillot<\/cite><\/blockquote>\n\n\n\n<p>C\u2019est le pari audacieux de Julien Gobillot, moniteur d\u2019escalade et fondateur de Un Col ou un Pic, la premi\u00e8re structure en France \u00e0 proposer des stages d\u2019escalade 100 % \u00e0 v\u00e9lo.<\/p>\n\n\n\n<p>Son projet associe escalade en nature, mobilit\u00e9 douce et slow tourisme, pour une exp\u00e9rience d\u2019aventure \u00e0 la fois \u00e9cologique, sportive et profond\u00e9ment humaine.<\/p>\n\n\n<div class=\"wp-block-image\">\n<figure class=\"aligncenter size-full is-resized\"><a href=\"https:\/\/www.uncolouunpic.com\/\"><img decoding=\"async\" loading=\"lazy\" width=\"500\" height=\"116\" src=\"https:\/\/www.salon-escalade.com\/vertical-feed\/wp-content\/uploads\/2025\/12\/Bouton-clic-ok.png\" alt=\"\" class=\"wp-image-3221\" style=\"aspect-ratio:4.310344827586207;width:211px;height:auto\" srcset=\"https:\/\/www.salon-escalade.com\/vertical-feed\/wp-content\/uploads\/2025\/12\/Bouton-clic-ok.png 500w, https:\/\/www.salon-escalade.com\/vertical-feed\/wp-content\/uploads\/2025\/12\/Bouton-clic-ok-300x70.png 300w\" sizes=\"(max-width: 500px) 100vw, 500px\" \/><\/a><\/figure><\/div>\n\n\n<h2 class=\"wp-block-heading\">Le slow tourisme appliqu\u00e9 \u00e0 l\u2019escalade outdoor<\/h2>\n\n\n\n<p>Le slow tourisme, c\u2019est l\u2019art de voyager autrement : \u00e0 son rythme, en red\u00e9couvrant les territoires proches et les personnes qui les font vivre.<\/p>\n\n\n\n<p>Avec Un Col ou un Pic, chaque stage d\u2019escalade devient une immersion totale dans la nature :<\/p>\n\n\n\n<ul>\n<li>Les d\u00e9placements entre les falaises se font \u00e0 v\u00e9lo,<\/li>\n<\/ul>\n\n\n\n<ul>\n<li>Les h\u00e9bergements sont locaux et authentiques,<\/li>\n<\/ul>\n\n\n\n<ul>\n<li>Les rencontres humaines et le partage sont au c\u0153ur du s\u00e9jour.<\/li>\n<\/ul>\n\n\n\n<p>Imaginez : p\u00e9daler au lever du soleil vers une paroi calcaire, grimper toute la journ\u00e9e sur un site d\u2019escalade outdoor, puis bivouaquer sous les \u00e9toiles.<\/p>\n\n\n\n<p>Le voyage ne se mesure plus en kilom\u00e8tres, mais en \u00e9motions.<\/p>\n\n\n\n<h2 class=\"wp-block-heading\">\u00c9co-climbing : donner une valeur \u00e9cologique \u00e0 sa grimpe<\/h2>\n\n\n\n<p>L\u2019escalade conna\u00eet un essor fulgurant : plus de 2 millions de pratiquants en France. Cette croissance, bien <strong>qu\u2019enthousiasmante<\/strong>, questionne notre impact sur les sites naturels. C\u2019est ici qu\u2019intervient le concept d\u2019\u00e9co climbing, une approche inspir\u00e9e de l\u2019\u201cEcopoint\u201d d\u00e9velopp\u00e9 par des grimpeuses engag\u00e9es : Lena Muller et <strong>Sofie<\/strong> Paulus et repris plus tard par Eline Le Menestrel.<\/p>\n\n\n\n<ul>\n<li>Le principe : donner une valeur \u00e9cologique \u00e0 sa grimpe, pas seulement sportive.<\/li>\n<\/ul>\n\n\n\n<ul>\n<li>Venir \u00e0 v\u00e9lo, utiliser du mat\u00e9riel recycl\u00e9, partager un topo num\u00e9rique, ramasser des d\u00e9chets, respecter la faune et la flore\u2026<\/li>\n\n\n\n<li>Chaque geste compte et fait partie de la r\u00e9ussite. Grimper devient alors un acte \u00e0 la fois sportif et \u00e9cologique, o\u00f9 le \u201csucc\u00e8s\u201d se mesure autant en m\u00e8tres gravis qu\u2019en empreinte all\u00e9g\u00e9e.<\/li>\n<\/ul>\n\n\n<div class=\"wp-block-image\">\n<figure class=\"aligncenter size-full is-resized\"><a href=\"https:\/\/www.uncolouunpic.com\/\"><img decoding=\"async\" loading=\"lazy\" width=\"500\" height=\"116\" src=\"https:\/\/www.salon-escalade.com\/vertical-feed\/wp-content\/uploads\/2025\/12\/Bouton-clic-ok.png\" alt=\"\" class=\"wp-image-3221\" style=\"aspect-ratio:4.310344827586207;width:211px;height:auto\" srcset=\"https:\/\/www.salon-escalade.com\/vertical-feed\/wp-content\/uploads\/2025\/12\/Bouton-clic-ok.png 500w, https:\/\/www.salon-escalade.com\/vertical-feed\/wp-content\/uploads\/2025\/12\/Bouton-clic-ok-300x70.png 300w\" sizes=\"(max-width: 500px) 100vw, 500px\" \/><\/a><\/figure><\/div>\n\n\n<h2 class=\"wp-block-heading\">Le transport : au c\u0153ur de l\u2019escalade mobilit\u00e9 douce<\/h2>\n\n\n\n<p>Le transport repr\u00e9sente environ 80 % de l\u2019empreinte carbone des activit\u00e9s d\u2019escalade.<\/p>\n\n\n\n<p>Un Col ou un Pic a d\u00e9cid\u00e9 d\u2019en faire le c\u0153ur de sa d\u00e9marche \u00e9cologique.<\/p>\n\n\n\n<p>Chaque itin\u00e9raire est pens\u00e9 pour \u00eatre enti\u00e8rement r\u00e9alisable \u00e0 v\u00e9lo, sans besoin de voiture.<\/p>\n\n\n\n<p>Des falaises mythiques comme les Dentelles de Montmirail sont accessibles depuis Orange gr\u00e2ce \u00e0 70% de pistes cyclables et de petites routes.<\/p>\n\n\n\n<p>Cette approche de l\u2019escalade en mobilit\u00e9 douce permet de r\u00e9duire drastiquement les \u00e9missions, tout en cr\u00e9ant une connexion plus forte avec les paysages travers\u00e9s.<\/p>\n\n\n\n<figure class=\"wp-block-gallery has-nested-images columns-default is-cropped wp-block-gallery-3 is-layout-flex wp-block-gallery-is-layout-flex\">\n<figure class=\"wp-block-image size-large\"><a href=\"https:\/\/www.uncolouunpic.com\/\"><img decoding=\"async\" loading=\"lazy\" width=\"768\" height=\"1024\" data-id=\"3223\" src=\"https:\/\/www.salon-escalade.com\/vertical-feed\/wp-content\/uploads\/2025\/12\/20250720_141946-768x1024.jpg\" alt=\"Un Col ou un Pic - Escalade Brian\u00e7on\" class=\"wp-image-3223\" srcset=\"https:\/\/www.salon-escalade.com\/vertical-feed\/wp-content\/uploads\/2025\/12\/20250720_141946-768x1024.jpg 768w, https:\/\/www.salon-escalade.com\/vertical-feed\/wp-content\/uploads\/2025\/12\/20250720_141946-225x300.jpg 225w, https:\/\/www.salon-escalade.com\/vertical-feed\/wp-content\/uploads\/2025\/12\/20250720_141946-1152x1536.jpg 1152w, https:\/\/www.salon-escalade.com\/vertical-feed\/wp-content\/uploads\/2025\/12\/20250720_141946.jpg 1440w\" sizes=\"(max-width: 768px) 100vw, 768px\" \/><\/a><\/figure>\n<\/figure>\n\n\n\n<h2 class=\"wp-block-heading\">Un Col ou un Pic : pionnier de l\u2019escalade durable et du voyage outdoor<\/h2>\n\n\n\n<p>Un Col ou un Pic n\u2019est pas qu\u2019un organisateur de s\u00e9jours : c\u2019est un v\u00e9ritable laboratoire de grimpe durable.<\/p>\n\n\n\n<p>Ses engagements :<\/p>\n\n\n\n<ul>\n<li>Recyclage d\u2019anciens v\u00e9los et remise en \u00e9tat pour une location \u00e9co-responsable,<\/li>\n\n\n\n<li>Transformation de vieux baudriers en sacoches \u00e0 v\u00e9lo <strong>upcycl\u00e9es<\/strong>,<\/li>\n\n\n\n<li>Discussions et actions avec des acteurs engag\u00e9s comme Mountain Wilderness et le mouvement Changer d\u2019approche,<\/li>\n\n\n\n<li>Adh\u00e9sion \u00e0 la CAE Odyss\u00e9e du Voyage, qui promeut une \u00e9conomie sociale et solidaire.<\/li>\n<\/ul>\n\n\n\n<p>L\u2019objectif est clair : montrer qu\u2019un autre mod\u00e8le d\u2019escalade outdoor est possible, plus simple, plus <strong>locale<\/strong> et plus <strong>respectueuse<\/strong> de la nature.<\/p>\n\n\n<div class=\"wp-block-image\">\n<figure class=\"aligncenter size-full is-resized\"><a href=\"https:\/\/www.uncolouunpic.com\/\"><img decoding=\"async\" loading=\"lazy\" width=\"500\" height=\"116\" src=\"https:\/\/www.salon-escalade.com\/vertical-feed\/wp-content\/uploads\/2025\/12\/Bouton-clic-ok.png\" alt=\"\" class=\"wp-image-3221\" style=\"aspect-ratio:4.310344827586207;width:211px;height:auto\" srcset=\"https:\/\/www.salon-escalade.com\/vertical-feed\/wp-content\/uploads\/2025\/12\/Bouton-clic-ok.png 500w, https:\/\/www.salon-escalade.com\/vertical-feed\/wp-content\/uploads\/2025\/12\/Bouton-clic-ok-300x70.png 300w\" sizes=\"(max-width: 500px) 100vw, 500px\" \/><\/a><\/figure><\/div>\n\n\n<h2 class=\"wp-block-heading\">Les bienfaits du slow climbing<\/h2>\n\n\n\n<p>Le slow climbing, ou escalade lente et consciente, a des vertus multiples :<\/p>\n\n\n\n<ul>\n<li>Pour soi : on retrouve la libert\u00e9, le plaisir du mouvement et la d\u00e9connexion.<\/li>\n\n\n\n<li>Pour les autres : on favorise la rencontre, l\u2019\u00e9change et la solidarit\u00e9.<\/li>\n\n\n\n<li>Pour la plan\u00e8te : on r\u00e9duit son empreinte carbone et on participe \u00e0 la pr\u00e9servation des sites naturels.<\/li>\n<\/ul>\n\n\n\n<p>L\u2019escalade en mobilit\u00e9 douce ne se r\u00e9sume pas \u00e0 un choix logistique : c\u2019est une philosophie, un engagement pour un monde plus coh\u00e9rent.<\/p>\n\n\n\n<figure class=\"wp-block-gallery has-nested-images columns-default is-cropped wp-block-gallery-5 is-layout-flex wp-block-gallery-is-layout-flex\">\n<figure class=\"wp-block-image size-large\"><a href=\"https:\/\/www.uncolouunpic.com\/\"><img decoding=\"async\" loading=\"lazy\" width=\"768\" height=\"1024\" data-id=\"3224\" src=\"https:\/\/www.salon-escalade.com\/vertical-feed\/wp-content\/uploads\/2025\/12\/20250724_143128-768x1024.jpg\" alt=\"Un Col ou un Pic - Escalade Ailefroide\" class=\"wp-image-3224\" srcset=\"https:\/\/www.salon-escalade.com\/vertical-feed\/wp-content\/uploads\/2025\/12\/20250724_143128-768x1024.jpg 768w, https:\/\/www.salon-escalade.com\/vertical-feed\/wp-content\/uploads\/2025\/12\/20250724_143128-225x300.jpg 225w, https:\/\/www.salon-escalade.com\/vertical-feed\/wp-content\/uploads\/2025\/12\/20250724_143128-1152x1536.jpg 1152w, https:\/\/www.salon-escalade.com\/vertical-feed\/wp-content\/uploads\/2025\/12\/20250724_143128-rotated.jpg 1440w\" sizes=\"(max-width: 768px) 100vw, 768px\" \/><\/a><\/figure>\n<\/figure>\n\n\n\n<h2 class=\"wp-block-heading\">Conclusion : vers une escalade outdoor plus libre, plus locale et plus vivante<\/h2>\n\n\n\n<p>Le slow tourisme, l\u2019\u00e9co climbing et l\u2019escalade en nature red\u00e9finissent notre rapport \u00e0 la montagne.<\/p>\n\n\n\n<p>Ils replacent la lenteur, la sobri\u00e9t\u00e9 et le respect au c\u0153ur de la performance.<\/p>\n\n\n\n<p>Avec <strong>Un Col<\/strong> ou un <strong>Pic<\/strong>, enfourchez votre v\u00e9lo, attachez votre corde et partez d\u00e9couvrir une nouvelle fa\u00e7on de grimper \u2014 durable, consciente et passionn\u00e9e.<\/p>\n\n\n\n<p>Chaque coup de p\u00e9dale devient une victoire, chaque voie une aventure.<\/p>\n\n\n\n<p>D\u00e9couvrez tous les stages d\u2019escalade sur :<a href=\"http:\/\/uncolouunpic.com\/\"> uncolouunpic.com<\/a><\/p>\n\n\n<div class=\"wp-block-image\">\n<figure class=\"aligncenter size-full is-resized\"><a href=\"https:\/\/www.uncolouunpic.com\/\"><img decoding=\"async\" loading=\"lazy\" width=\"500\" height=\"116\" src=\"https:\/\/www.salon-escalade.com\/vertical-feed\/wp-content\/uploads\/2025\/12\/Bouton-clic-ok.png\" alt=\"\" class=\"wp-image-3221\" style=\"aspect-ratio:4.310344827586207;width:211px;height:auto\" srcset=\"https:\/\/www.salon-escalade.com\/vertical-feed\/wp-content\/uploads\/2025\/12\/Bouton-clic-ok.png 500w, https:\/\/www.salon-escalade.com\/vertical-feed\/wp-content\/uploads\/2025\/12\/Bouton-clic-ok-300x70.png 300w\" sizes=\"(max-width: 500px) 100vw, 500px\" \/><\/a><\/figure><\/div><div style=\"margin-top: 0px; margin-bottom: 0px;\" class=\"sharethis-inline-share-buttons\" ><\/div>","protected":false},"excerpt":{"rendered":"<p>D\u00e9couvrez une nouvelle mani\u00e8re de grimper gr\u00e2ce \u00e0 l\u2019escalade en mobilit\u00e9 douce : des stages o\u00f9 l\u2019on rejoint les falaises \u00e0 v\u00e9lo, pour une aventure plus \u00e9cologique et immersive. Un Col ou un Pic associe slow tourisme, \u00e9co climbing et escalade outdoor pour vivre la montagne autrement, au rythme de la nature. <\/p>\n","protected":false},"author":104,"featured_media":3218,"comment_status":"open","ping_status":"open","sticky":false,"template":"","format":"standard","meta":{"footnotes":""},"categories":[179,530,529],"tags":[470,26,8,531,354],"_links":{"self":[{"href":"https:\/\/www.salon-escalade.com\/vertical-feed\/wp-json\/wp\/v2\/posts\/3217"}],"collection":[{"href":"https:\/\/www.salon-escalade.com\/vertical-feed\/wp-json\/wp\/v2\/posts"}],"about":[{"href":"https:\/\/www.salon-escalade.com\/vertical-feed\/wp-json\/wp\/v2\/types\/post"}],"author":[{"embeddable":true,"href":"https:\/\/www.salon-escalade.com\/vertical-feed\/wp-json\/wp\/v2\/users\/104"}],"replies":[{"embeddable":true,"href":"https:\/\/www.salon-escalade.com\/vertical-feed\/wp-json\/wp\/v2\/comments?post=3217"}],"version-history":[{"count":5,"href":"https:\/\/www.salon-escalade.com\/vertical-feed\/wp-json\/wp\/v2\/posts\/3217\/revisions"}],"predecessor-version":[{"id":3259,"href":"https:\/\/www.salon-escalade.com\/vertical-feed\/wp-json\/wp\/v2\/posts\/3217\/revisions\/3259"}],"wp:featuredmedia":[{"embeddable":true,"href":"https:\/\/www.salon-escalade.com\/vertical-feed\/wp-json\/wp\/v2\/media\/3218"}],"wp:attachment":[{"href":"https:\/\/www.salon-escalade.com\/vertical-feed\/wp-json\/wp\/v2\/media?parent=3217"}],"wp:term":[{"taxonomy":"category","embeddable":true,"href":"https:\/\/www.salon-escalade.com\/vertical-feed\/wp-json\/wp\/v2\/categories?post=3217"},{"taxonomy":"post_tag","embeddable":true,"href":"https:\/\/www.salon-escalade.com\/vertical-feed\/wp-json\/wp\/v2\/tags?post=3217"}],"curies":[{"name":"wp","href":"https:\/\/api.w.org\/{rel}","templated":true}]}}