{"id":3201,"date":"2025-11-24T11:07:49","date_gmt":"2025-11-24T10:07:49","guid":{"rendered":"https:\/\/www.salon-escalade.com\/vertical-feed\/?p=3201"},"modified":"2026-03-02T15:40:39","modified_gmt":"2026-03-02T14:40:39","slug":"para-escalade-journee-de-detection-au-salon-de-lescalade","status":"publish","type":"post","link":"https:\/\/www.salon-escalade.com\/vertical-feed\/2025\/11\/24\/para-escalade-journee-de-detection-au-salon-de-lescalade\/","title":{"rendered":"Para-Escalade : Journ\u00e9e de D\u00e9tection au Salon de l\u2019Escalade\u00a0"},"content":{"rendered":"<div style=\"\" class=\"sharethis-inline-share-buttons\" ><\/div>\n<p>Le staff de l\u2019\u00e9quipe de France para-escalade organise une journ\u00e9e de d\u00e9tection \u00e0 destination des athl\u00e8tes souhaitant s\u2019inscrire dans une d\u00e9marche comp\u00e9titive en escalade, dans la perspective des Jeux Paralympiques de Los Angeles 2028.<\/p>\n\n\n\n<p>\ud83d\udcc6 Rendez-vous le dimanche 11 janvier 2026,<\/p>\n\n\n\n<p>\u231a de 9h45 \u00e0 17h00 au Salon de l\u2019escalade (<a href=\"https:\/\/www.salon-escalade.com\/\">https:\/\/www.salon-escalade.com\/<\/a>)<\/p>\n\n\n\n<p>\ud83d\udccd Paris Expo Porte de Versailles<\/p>\n\n\n\n<div class=\"wp-block-buttons has-custom-font-size has-small-font-size is-content-justification-center is-layout-flex wp-container-1 wp-block-buttons-is-layout-flex\">\n<div class=\"wp-block-button\"><a class=\"wp-block-button__link has-background wp-element-button\" href=\"https:\/\/docs.google.com\/forms\/d\/e\/1FAIpQLSf6ABamuTK-10fuh1pwQASQ1iDpGh1uRgkY-P0uTzw3l75z9g\/viewform\" style=\"background-color:#890000\">Inscriptions \u00e0 la Journ\u00e9e de D\u00e9tection<\/a><\/div>\n<\/div>\n\n\n<div class=\"wp-block-image\">\n<figure class=\"aligncenter size-large is-resized\"><img decoding=\"async\" loading=\"lazy\" width=\"1024\" height=\"683\" src=\"https:\/\/www.salon-escalade.com\/vertical-feed\/wp-content\/uploads\/2025\/11\/250921-ChM-para-Seoul_Qualifs-J2-15-1024x683.jpg\" alt=\"\" class=\"wp-image-3202\" style=\"aspect-ratio:1.499267935578331;width:462px;height:auto\" srcset=\"https:\/\/www.salon-escalade.com\/vertical-feed\/wp-content\/uploads\/2025\/11\/250921-ChM-para-Seoul_Qualifs-J2-15-1024x683.jpg 1024w, https:\/\/www.salon-escalade.com\/vertical-feed\/wp-content\/uploads\/2025\/11\/250921-ChM-para-Seoul_Qualifs-J2-15-300x200.jpg 300w, https:\/\/www.salon-escalade.com\/vertical-feed\/wp-content\/uploads\/2025\/11\/250921-ChM-para-Seoul_Qualifs-J2-15-768x512.jpg 768w, https:\/\/www.salon-escalade.com\/vertical-feed\/wp-content\/uploads\/2025\/11\/250921-ChM-para-Seoul_Qualifs-J2-15-1536x1025.jpg 1536w, https:\/\/www.salon-escalade.com\/vertical-feed\/wp-content\/uploads\/2025\/11\/250921-ChM-para-Seoul_Qualifs-J2-15-2048x1366.jpg 2048w\" sizes=\"(max-width: 1024px) 100vw, 1024px\" \/><figcaption class=\"wp-element-caption\">Seoul (KOR) &#8211; \u00a9 Nakajima\/Timmerman\/IFSC<\/figcaption><\/figure><\/div>\n\n\n<h2 class=\"wp-block-heading\">Objectifs et d\u00e9roul\u00e9 de la journ\u00e9e<\/h2>\n\n\n\n<p>Elle a pour objectif d\u2019\u00e9valuer le potentiel de chaque personne, dans sa globalit\u00e9, \u00e0 travers des tests physiques, des situations d\u2019escalade et un entretien individuel.<\/p>\n\n\n\n<p>En fonction des r\u00e9sultats et du projet de chaque personne, un parcours pourra \u00eatre mis en place par le staff de l\u2019\u00e9quipe de France para-escalade.&nbsp;<\/p>\n\n\n\n<p>Chaque athl\u00e8te s\u00e9lectionn\u00e9 aura alors l&rsquo;opportunit\u00e9 de s\u2019investir pleinement dans un nouveau projet sportif en comp\u00e9tition sur le circuit national et international.<\/p>\n\n\n\n<h2 class=\"wp-block-heading\"><strong>Profil attendu&nbsp;<\/strong><\/h2>\n\n\n\n<ul>\n<li>Avoir une exp\u00e9rience de l\u2019escalade sportive et\/ou d\u2019un para sport en comp\u00e9tition<\/li>\n\n\n\n<li>\u00catre en situation de handicap moteur ou sensoriel (d\u00e9ficience visuelle),&nbsp;<\/li>\n\n\n\n<li>Vouloir entrer dans une d\u00e9marche de performance sportive.<\/li>\n<\/ul>\n\n\n\n<p>Vous souhaitez tenter l\u2019aventure ? Compl\u00e9tez ce formulaire avant <strong>le 7<\/strong> Janvier 2026<\/p>\n\n\n\n<div class=\"wp-block-buttons is-content-justification-center is-layout-flex wp-container-2 wp-block-buttons-is-layout-flex\">\n<div class=\"wp-block-button has-custom-font-size has-small-font-size\"><a class=\"wp-block-button__link has-background wp-element-button\" href=\"https:\/\/docs.google.com\/forms\/d\/e\/1FAIpQLSf6ABamuTK-10fuh1pwQASQ1iDpGh1uRgkY-P0uTzw3l75z9g\/viewform\" style=\"background-color:#890000\">S&rsquo;inscrire \u00e0 la Journ\u00e9e de D\u00e9tection<\/a><\/div>\n<\/div>\n\n\n\n<p>Rendez-vous au <a href=\"https:\/\/www.salon-escalade.com\/\">Salon de l&rsquo;Escalade ! <\/a><\/p>\n<div style=\"margin-top: 0px; margin-bottom: 0px;\" class=\"sharethis-inline-share-buttons\" ><\/div>","protected":false},"excerpt":{"rendered":"<p>Le staff de l\u2019\u00e9quipe de France para escalade organise une journ\u00e9e de d\u00e9tection \u00e0<br \/>\ndestination des athl\u00e8tes souhaitant s\u2019inscrire dans une d\u00e9marche comp\u00e9titive en escalade,<br \/>\ndans la perspective des Jeux Paralympiques de Los Angeles 2028.<\/p>\n","protected":false},"author":95,"featured_media":3202,"comment_status":"closed","ping_status":"open","sticky":false,"template":"","format":"standard","meta":{"footnotes":""},"categories":[530,526,154],"tags":[77],"_links":{"self":[{"href":"https:\/\/www.salon-escalade.com\/vertical-feed\/wp-json\/wp\/v2\/posts\/3201"}],"collection":[{"href":"https:\/\/www.salon-escalade.com\/vertical-feed\/wp-json\/wp\/v2\/posts"}],"about":[{"href":"https:\/\/www.salon-escalade.com\/vertical-feed\/wp-json\/wp\/v2\/types\/post"}],"author":[{"embeddable":true,"href":"https:\/\/www.salon-escalade.com\/vertical-feed\/wp-json\/wp\/v2\/users\/95"}],"replies":[{"embeddable":true,"href":"https:\/\/www.salon-escalade.com\/vertical-feed\/wp-json\/wp\/v2\/comments?post=3201"}],"version-history":[{"count":2,"href":"https:\/\/www.salon-escalade.com\/vertical-feed\/wp-json\/wp\/v2\/posts\/3201\/revisions"}],"predecessor-version":[{"id":3346,"href":"https:\/\/www.salon-escalade.com\/vertical-feed\/wp-json\/wp\/v2\/posts\/3201\/revisions\/3346"}],"wp:featuredmedia":[{"embeddable":true,"href":"https:\/\/www.salon-escalade.com\/vertical-feed\/wp-json\/wp\/v2\/media\/3202"}],"wp:attachment":[{"href":"https:\/\/www.salon-escalade.com\/vertical-feed\/wp-json\/wp\/v2\/media?parent=3201"}],"wp:term":[{"taxonomy":"category","embeddable":true,"href":"https:\/\/www.salon-escalade.com\/vertical-feed\/wp-json\/wp\/v2\/categories?post=3201"},{"taxonomy":"post_tag","embeddable":true,"href":"https:\/\/www.salon-escalade.com\/vertical-feed\/wp-json\/wp\/v2\/tags?post=3201"}],"curies":[{"name":"wp","href":"https:\/\/api.w.org\/{rel}","templated":true}]}}