{"id":3193,"date":"2025-11-24T09:38:17","date_gmt":"2025-11-24T08:38:17","guid":{"rendered":"https:\/\/www.salon-escalade.com\/vertical-feed\/?p=3193"},"modified":"2025-12-08T10:49:39","modified_gmt":"2025-12-08T09:49:39","slug":"letat-desprit-entrepreneurial","status":"publish","type":"post","link":"https:\/\/www.salon-escalade.com\/vertical-feed\/2025\/11\/24\/letat-desprit-entrepreneurial\/","title":{"rendered":"L\u2019\u00e9tat d\u2019esprit entrepreneurial : une analogie pour progresser en escalade."},"content":{"rendered":"<div style=\"\" class=\"sharethis-inline-share-buttons\" ><\/div>\n<p>Nous avons tendance \u00e0 faire le parall\u00e8le entre l&rsquo;escalade et l&rsquo;entrepreneuriat pour mettre cette discipline au service du monde professionnel. Et si l&rsquo;inverse \u00e9tait vrai aussi ? <\/p>\n\n\n\n<p>Article de Climb Catalunya en collaboration avec Arno Ilgner auteur de <a rel=\"noreferrer noopener\" href=\"https:\/\/www.editionsdumontblanc.com\/manuels-techniques\/31-escalade-la-voie-des-guerriers-du-rocher.html\" target=\"_blank\">\u00ab\u00a0Escalade : la voie des guerrier du rocher\u00a0\u00bb<\/a>  (\u00e9ditions du Montblanc) <\/p>\n\n\n\n<figure class=\"wp-block-image size-large is-resized\"><img decoding=\"async\" loading=\"lazy\" width=\"663\" height=\"1024\" src=\"https:\/\/www.salon-escalade.com\/vertical-feed\/wp-content\/uploads\/2025\/11\/IMG_6319-663x1024.jpeg\" alt=\"\" class=\"wp-image-3196\" style=\"aspect-ratio:0.6474609375;width:421px;height:auto\" srcset=\"https:\/\/www.salon-escalade.com\/vertical-feed\/wp-content\/uploads\/2025\/11\/IMG_6319-663x1024.jpeg 663w, https:\/\/www.salon-escalade.com\/vertical-feed\/wp-content\/uploads\/2025\/11\/IMG_6319-194x300.jpeg 194w, https:\/\/www.salon-escalade.com\/vertical-feed\/wp-content\/uploads\/2025\/11\/IMG_6319-768x1186.jpeg 768w, https:\/\/www.salon-escalade.com\/vertical-feed\/wp-content\/uploads\/2025\/11\/IMG_6319-995x1536.jpeg 995w, https:\/\/www.salon-escalade.com\/vertical-feed\/wp-content\/uploads\/2025\/11\/IMG_6319.jpeg 1170w\" sizes=\"(max-width: 663px) 100vw, 663px\" \/><\/figure>\n\n\n\n<h3 class=\"wp-block-heading\">Pourquoi devons-nous attendre ?<\/h3>\n\n\n\n<p>Edwin Land \u00e9tait en vacances avec sa famille \u00e0 la fin des ann\u00e9es 1940. Il a pris beaucoup de photos pour garder un souvenir de leurs aventures. Ses jeunes enfants \u00e9taient impatients et voulaient les voir. Il les rassura en leur disant qu\u2019ils pourraient voir les photos dans une semaine. Aujourd\u2019hui, on prend des photos num\u00e9riques et on les partage imm\u00e9diatement. Ce n\u2019\u00e9tait pas le cas au milieu du XX\u1d49 si\u00e8cle. Le film photographique expos\u00e9 devait \u00eatre d\u00e9velopp\u00e9 en chambre noire, ce qui prenait environ une semaine. L\u2019un des enfants de Land demanda : \u00ab Pourquoi devons-nous attendre une semaine, papa ? \u00bb<\/p>\n\n\n\n<p>On aurait pu balayer une telle question d\u2019enfant d\u2019un revers de main, ou bien y pr\u00eater attention. Edwin Land \u00e9tait un entrepreneur et avait appris \u00e0 \u00eatre curieux face aux questions ordinaires. Il prit la question de son enfant au s\u00e9rieux. Cette question le mena \u00e0 d\u00e9velopper l\u2019appareil Polaroid Land, qui d\u00e9veloppait les photographies en soixante secondes.<\/p>\n\n\n\n<h3 class=\"wp-block-heading\">Et si la vision entrepreneuriale nous aidait \u00e0 progresser en escalade ? <\/h3>\n\n\n\n<p>Beaucoup d\u2019entre nous voient des probl\u00e8mes et souhaiteraient qu\u2019ils disparaissent ; les entrepreneurs voient des probl\u00e8mes et les transforment en opportunit\u00e9s. En fait, la r\u00e9ussite dans toute entreprise entrepreneuriale d\u00e9pend d\u2019identifier des besoins non satisfaits (des probl\u00e8mes) et de trouver des moyens d\u2019aider les gens \u00e0 les satisfaire. Les entrepreneurs pr\u00e9voient ces besoins non satisfaits pour am\u00e9liorer la vie des gens.<\/p>\n\n\n\n<p>Les entrepreneurs posent des \u00ab questions d\u2019opportunit\u00e9 \u00bb telles que : \u00ab Comment pourrais-je\u2026 ? \u00bb Ces questions stimulent le processus cr\u00e9atif. Un excellent exercice consiste \u00e0 rep\u00e9rer probl\u00e8mes, plaintes ou frustrations dans la vie des gens et \u00e0 les consigner dans un carnet. Cela nous donnera des id\u00e9es pour lancer une activit\u00e9 et cr\u00e9er des produits ou services qui r\u00e9pondent \u00e0 ces besoins.<\/p>\n\n\n\n<p>Nous pouvons appliquer l\u2019\u00e9tat d\u2019esprit entrepreneurial \u00e0 notre escalade et \u00e0 notre vie.<\/p>\n\n\n\n<p>Nous pouvons rep\u00e9rer des besoins non satisfaits qui causent des probl\u00e8mes, nous poussent \u00e0 nous plaindre ou nous frustrent. Nous pouvons commencer \u00e0 voir ce qui nous d\u00e9range et comment nous pourrions changer de perspective.<\/p>\n\n\n\n<p>Imaginons que nous ayons le probl\u00e8me de chuter continuellement au crux (le passage cl\u00e9) de notre voie projet. Nous nous frustrons et nous plaignons de notre niveau de force, des conditions ou d\u2019un entra\u00eenement inefficace. L\u2019\u00e9tat d\u2019esprit entrepreneurial d\u00e9place notre attention du probl\u00e8me vers l\u2019opportunit\u00e9. Il nous permet de poser une question d\u2019opportunit\u00e9 : \u00ab Comment pourrais-je franchir le crux sans tomber ? \u00bb Imm\u00e9diatement, la plainte et la frustration disparaissent. Cela oriente notre attention vers la curiosit\u00e9, ce qui nous aide automatiquement \u00e0 imaginer des options :<\/p>\n\n\n\n<ul>\n<li>Il se peut que j\u2019aie besoin d\u2019un entra\u00eenement physique diff\u00e9rent ciblant pr\u00e9cis\u00e9ment ce crux.<\/li>\n\n\n\n<li>Il se peut que j\u2019aie besoin de rester plus longtemps aux repos pour r\u00e9cup\u00e9rer de l\u2019\u00e9nergie.<\/li>\n\n\n\n<li>Il se peut que je doive me d\u00e9placer plus rapidement pour \u00e9conomiser de l\u2019\u00e9nergie.<\/li>\n\n\n\n<li>Il se peut que je doive m\u2019entra\u00eener \u00e0 tomber pour diminuer cette peur.<\/li>\n\n\n\n<li>Il se peut que je doive changer la s\u00e9quence que j\u2019utilise pour le crux.<\/li>\n<\/ul>\n\n\n\n<p>Aucune de ces options ne garantit la r\u00e9solution imm\u00e9diate du probl\u00e8me. Cependant, nous progresserons plus vite vers la solution avec l\u2019\u00e9tat d\u2019esprit entrepreneurial. Trouver la solution peut n\u00e9cessiter d\u2019explorer toutes les options list\u00e9es et d\u2019autres que nous d\u00e9couvrirons jusqu\u2019\u00e0 y parvenir. Un grand avantage, toutefois, est que nous abordons tout le processus avec curiosit\u00e9, ce qui non seulement r\u00e9sout le probl\u00e8me plus rapidement, mais rend aussi le travail plus agr\u00e9able.<\/p>\n\n\n\n<p>Changer notre perspective au sujet de nos besoins non satisfaits change notre vie.<\/p>\n\n\n\n<p>Les entrepreneurs transforment les plaintes en compliments, les frustrations en curiosit\u00e9s et les probl\u00e8mes en opportunit\u00e9s. L\u2019\u00e9tat d\u2019esprit entrepreneurial am\u00e9liore notre vie. Il se peut que nous ne d\u00e9veloppions pas le prochain gadget technologique, mais nous serons plus engag\u00e9s et nous prendrons plaisir \u00e0 r\u00e9soudre les probl\u00e8mes qui nous permettent d\u2019assouvir nos besoins non satisfaits.<\/p>\n\n\n\n<h3 class=\"wp-block-heading\">Astuce pratique : \u00ab Comment pourrais-je\u2026 ? \u00bb<\/h3>\n\n\n\n<p>Tu auras toujours des probl\u00e8mes dans ta vie. Autant changer la fa\u00e7on dont tu les envisages. Ne te concentre pas sur l\u2019\u00e9limination des probl\u00e8mes ; cherche-les activement. Observe les opportunit\u00e9s cach\u00e9es dans ces probl\u00e8mes.<\/p>\n\n\n\n<p>Pose une \u00ab question d\u2019opportunit\u00e9 \u00bb d\u00e8s que tu as identifi\u00e9 un probl\u00e8me :<\/p>\n\n\n\n<ul>\n<li>\u00ab Comment pourrais-je r\u00e9soudre ce probl\u00e8me ? \u00bb<\/li>\n<\/ul>\n\n\n\n<p>Puis, dresse la liste du plus grand nombre possible d\u2019options et explore chacune d\u2019elles. Avec suffisamment d\u2019investigation, tu trouveras la solution \u2014 et tu t\u2019amuseras en le faisant.<\/p>\n\n\n\n<div class=\"wp-block-buttons is-content-justification-center is-layout-flex wp-container-1 wp-block-buttons-is-layout-flex\">\n<div class=\"wp-block-button has-custom-font-size has-small-font-size\"><a class=\"wp-block-button__link has-background has-text-align-center wp-element-button\" href=\"https:\/\/climbcatalunya.com\/\" style=\"background-color:#890000\">D\u00e9couvrir Climb Catalunya<\/a><\/div>\n<\/div>\n<div style=\"margin-top: 0px; margin-bottom: 0px;\" class=\"sharethis-inline-share-buttons\" ><\/div>","protected":false},"excerpt":{"rendered":"<p>Nous avons tendance \u00e0 faire le parall\u00e8le entre l&rsquo;escalade et l&rsquo;entrepreneuriat pour mettre cette discipline au service du monde professionnel. Et si l&rsquo;inverse \u00e9tait vrai aussi ? <\/p>\n","protected":false},"author":118,"featured_media":3196,"comment_status":"closed","ping_status":"open","sticky":false,"template":"","format":"standard","meta":{"footnotes":""},"categories":[529,526],"tags":[541],"_links":{"self":[{"href":"https:\/\/www.salon-escalade.com\/vertical-feed\/wp-json\/wp\/v2\/posts\/3193"}],"collection":[{"href":"https:\/\/www.salon-escalade.com\/vertical-feed\/wp-json\/wp\/v2\/posts"}],"about":[{"href":"https:\/\/www.salon-escalade.com\/vertical-feed\/wp-json\/wp\/v2\/types\/post"}],"author":[{"embeddable":true,"href":"https:\/\/www.salon-escalade.com\/vertical-feed\/wp-json\/wp\/v2\/users\/118"}],"replies":[{"embeddable":true,"href":"https:\/\/www.salon-escalade.com\/vertical-feed\/wp-json\/wp\/v2\/comments?post=3193"}],"version-history":[{"count":4,"href":"https:\/\/www.salon-escalade.com\/vertical-feed\/wp-json\/wp\/v2\/posts\/3193\/revisions"}],"predecessor-version":[{"id":3245,"href":"https:\/\/www.salon-escalade.com\/vertical-feed\/wp-json\/wp\/v2\/posts\/3193\/revisions\/3245"}],"wp:featuredmedia":[{"embeddable":true,"href":"https:\/\/www.salon-escalade.com\/vertical-feed\/wp-json\/wp\/v2\/media\/3196"}],"wp:attachment":[{"href":"https:\/\/www.salon-escalade.com\/vertical-feed\/wp-json\/wp\/v2\/media?parent=3193"}],"wp:term":[{"taxonomy":"category","embeddable":true,"href":"https:\/\/www.salon-escalade.com\/vertical-feed\/wp-json\/wp\/v2\/categories?post=3193"},{"taxonomy":"post_tag","embeddable":true,"href":"https:\/\/www.salon-escalade.com\/vertical-feed\/wp-json\/wp\/v2\/tags?post=3193"}],"curies":[{"name":"wp","href":"https:\/\/api.w.org\/{rel}","templated":true}]}}