{"id":3127,"date":"2025-09-15T16:50:52","date_gmt":"2025-09-15T14:50:52","guid":{"rendered":"https:\/\/www.salon-escalade.com\/vertical-feed\/?p=3127"},"modified":"2025-10-03T17:55:53","modified_gmt":"2025-10-03T15:55:53","slug":"le-guide-pour-aller-grimper-sans-voiture-depuis-grenoble","status":"publish","type":"post","link":"https:\/\/www.salon-escalade.com\/vertical-feed\/2025\/09\/15\/le-guide-pour-aller-grimper-sans-voiture-depuis-grenoble\/","title":{"rendered":"Le guide pour aller grimper sans voiture depuis Grenoble."},"content":{"rendered":"<div style=\"\" class=\"sharethis-inline-share-buttons\" ><\/div>\n<p><em>Quand on a eu l&rsquo;id\u00e9e de mettre en place l&rsquo;espace th\u00e9matique sur les Mobilit\u00e9s Douces, on a pass\u00e9 quelques coups de fils qui nous ont tous irr\u00e9m\u00e9diablement men\u00e9s vers une personne : Florian Garibal. C&rsquo;est le genre de personne qui agit dans l&rsquo;ombre (pour le moment), mais qui met en place des actions \u00e0 son \u00e9chelle pour offrir une nouvelle mani\u00e8re de faire. Son sujet de pr\u00e9dilection : l&rsquo;escalade sans voiture.<\/em><\/p>\n\n\n\n<div class=\"wp-block-buttons is-content-justification-center is-layout-flex wp-container-1 wp-block-buttons-is-layout-flex\">\n<div class=\"wp-block-button has-custom-width wp-block-button__width-25 has-custom-font-size has-small-font-size\"><a class=\"wp-block-button__link has-background has-text-align-center wp-element-button\" href=\"https:\/\/www.ulule.com\/le-topo-doux-escalade-depuis-grenoble\/\" style=\"background-color:#890000\">Pr\u00e9-commander le Topo Doux \ud83d\udc9a<\/a><\/div>\n<\/div>\n\n\n<div class=\"wp-block-image\">\n<figure class=\"aligncenter size-large is-resized\"><img decoding=\"async\" loading=\"lazy\" width=\"819\" height=\"1024\" src=\"https:\/\/www.salon-escalade.com\/vertical-feed\/wp-content\/uploads\/2025\/09\/IG-post-1_2-819x1024.png\" alt=\"Un topo pour aller grimper sans voiture depuis Grenoble par Florian Garibal. \" class=\"wp-image-3129\" style=\"aspect-ratio:0.7998046875;width:257px;height:auto\" srcset=\"https:\/\/www.salon-escalade.com\/vertical-feed\/wp-content\/uploads\/2025\/09\/IG-post-1_2-819x1024.png 819w, https:\/\/www.salon-escalade.com\/vertical-feed\/wp-content\/uploads\/2025\/09\/IG-post-1_2-240x300.png 240w, https:\/\/www.salon-escalade.com\/vertical-feed\/wp-content\/uploads\/2025\/09\/IG-post-1_2-768x960.png 768w, https:\/\/www.salon-escalade.com\/vertical-feed\/wp-content\/uploads\/2025\/09\/IG-post-1_2.png 1080w\" sizes=\"(max-width: 819px) 100vw, 819px\" \/><\/figure><\/div>\n\n\n<p>Cela fait plusieurs ann\u00e9es qu&rsquo;il est convaincu qu&rsquo;une approche plus sobre est possible pour aller grimper et qu&rsquo;il s&rsquo;\u00e9chine \u00e0 convaincre les autres que \u00e7a a du sens, que \u00e7a a ses bons c\u00f4t\u00e9s, m\u00eame si c&rsquo;est \u00ab\u00a0trop de logistique, trop lent, trop sportif&#8230;\u00a0\u00bb. En passant son Dipl\u00f4me d&rsquo;Etat de Moniteur d&rsquo;Escalade en Milieu Naturel, il en a fait son projet : proposer un guide pour aller grimper sans voiture depuis Grenoble.<\/p>\n\n\n\n<p>C&rsquo;est un beau projet en cours de construction, le r\u00e9sultat de plusieurs ann\u00e9es de travail, de recherche, d&rsquo;exploration. C&rsquo;est \u00e0 la fois :<\/p>\n\n\n\n<ul>\n<li>un guide-pratique pour la partie trajets \u00e0 v\u00e9lo,<\/li>\n\n\n\n<li>une partie topo : 5 massifs, 41 secteurs et 82 grandes voies d\u00e9crites avec acc\u00e8s d\u00e9taill\u00e9 sans voiture depuis Grenoble.<\/li>\n\n\n\n<li>des interviews de grimpeurs et grimpeuses, des r\u00e9cits d&rsquo;aventures<\/li>\n\n\n\n<li>des pages instructives sur l&rsquo;impact de la pratique, l&rsquo;\u00e9quipement, le mat\u00e9riel<\/li>\n<\/ul>\n\n\n\n<p>Le tout illustr\u00e9 avec beaucoup de douceur, \u00e0 l&rsquo;aquarelle, par Fanny Audig\u00e9 (retrouvez-la sur instagram : <a href=\"https:\/\/www.instagram.com\/fa.illu\/\">https:\/\/www.instagram.com\/fa.illu\/<\/a>) <\/p>\n\n\n\n<div class=\"wp-block-buttons is-content-justification-center is-layout-flex wp-container-2 wp-block-buttons-is-layout-flex\">\n<div class=\"wp-block-button has-custom-font-size has-small-font-size\"><a class=\"wp-block-button__link has-background wp-element-button\" href=\"https:\/\/www.ulule.com\/le-topo-doux-escalade-depuis-grenoble\/\" style=\"background-color:#890000\">Pr\u00e9commander le Topo Doux \ud83d\udc9a <\/a><\/div>\n<\/div>\n\n\n<div class=\"wp-block-image\">\n<figure class=\"aligncenter size-large is-resized\"><img decoding=\"async\" loading=\"lazy\" width=\"768\" height=\"1024\" src=\"https:\/\/www.salon-escalade.com\/vertical-feed\/wp-content\/uploads\/2025\/09\/Aquarelle_3pucelles-768x1024.jpeg\" alt=\"\" class=\"wp-image-3128\" style=\"aspect-ratio:0.75;width:233px;height:auto\" srcset=\"https:\/\/www.salon-escalade.com\/vertical-feed\/wp-content\/uploads\/2025\/09\/Aquarelle_3pucelles-768x1024.jpeg 768w, https:\/\/www.salon-escalade.com\/vertical-feed\/wp-content\/uploads\/2025\/09\/Aquarelle_3pucelles-225x300.jpeg 225w, https:\/\/www.salon-escalade.com\/vertical-feed\/wp-content\/uploads\/2025\/09\/Aquarelle_3pucelles-1152x1536.jpeg 1152w, https:\/\/www.salon-escalade.com\/vertical-feed\/wp-content\/uploads\/2025\/09\/Aquarelle_3pucelles-1536x2048.jpeg 1536w, https:\/\/www.salon-escalade.com\/vertical-feed\/wp-content\/uploads\/2025\/09\/Aquarelle_3pucelles-scaled.jpeg 1920w\" sizes=\"(max-width: 768px) 100vw, 768px\" \/><\/figure><\/div>\n\n\n<p>C&rsquo;est un bel ouvrage qui s&rsquo;appr\u00eate \u00e0 para\u00eetre, \u00e0 mi-chemin entre un guide pratique, un topo et un beau livre. Au Salon, vous pourrez les retrouver sur l&rsquo;Aire des Mobilit\u00e9s Douces (le livre, l&rsquo;auteur et l&rsquo;illustratrice). Mais d&rsquo;ici l\u00e0, apportez-leur votre soutien : les pr\u00e9-commandes sont ouvertes.<\/p>\n\n\n\n<div class=\"wp-block-buttons is-content-justification-center is-layout-flex wp-container-3 wp-block-buttons-is-layout-flex\">\n<div class=\"wp-block-button has-custom-width wp-block-button__width-25 has-custom-font-size has-small-font-size\"><a class=\"wp-block-button__link has-background wp-element-button\" href=\"https:\/\/www.ulule.com\/le-topo-doux-escalade-depuis-grenoble\/\" style=\"background-color:#890000\">Pr\u00e9-commander le Topo Doux \ud83d\udc9a<\/a><\/div>\n<\/div>\n\n\n\n<p>PS : 30 % des b\u00e9n\u00e9fices sont revers\u00e9s aux \u00e9quipements et aux associations \ud83d\udc40<\/p>\n\n\n\n<p><\/p>\n<div style=\"margin-top: 0px; margin-bottom: 0px;\" class=\"sharethis-inline-share-buttons\" ><\/div>","protected":false},"excerpt":{"rendered":"<p>Quand on a eu l&rsquo;id\u00e9e de mettre en place l&rsquo;espace th\u00e9matique sur les Mobilit\u00e9s Douces, on a pass\u00e9 quelques coups de fils qui nous ont tous irr\u00e9m\u00e9diablement men\u00e9s vers une&hellip; <\/p>\n","protected":false},"author":95,"featured_media":3128,"comment_status":"closed","ping_status":"open","sticky":false,"template":"","format":"standard","meta":{"footnotes":""},"categories":[530],"tags":[26,8],"_links":{"self":[{"href":"https:\/\/www.salon-escalade.com\/vertical-feed\/wp-json\/wp\/v2\/posts\/3127"}],"collection":[{"href":"https:\/\/www.salon-escalade.com\/vertical-feed\/wp-json\/wp\/v2\/posts"}],"about":[{"href":"https:\/\/www.salon-escalade.com\/vertical-feed\/wp-json\/wp\/v2\/types\/post"}],"author":[{"embeddable":true,"href":"https:\/\/www.salon-escalade.com\/vertical-feed\/wp-json\/wp\/v2\/users\/95"}],"replies":[{"embeddable":true,"href":"https:\/\/www.salon-escalade.com\/vertical-feed\/wp-json\/wp\/v2\/comments?post=3127"}],"version-history":[{"count":2,"href":"https:\/\/www.salon-escalade.com\/vertical-feed\/wp-json\/wp\/v2\/posts\/3127\/revisions"}],"predecessor-version":[{"id":3132,"href":"https:\/\/www.salon-escalade.com\/vertical-feed\/wp-json\/wp\/v2\/posts\/3127\/revisions\/3132"}],"wp:featuredmedia":[{"embeddable":true,"href":"https:\/\/www.salon-escalade.com\/vertical-feed\/wp-json\/wp\/v2\/media\/3128"}],"wp:attachment":[{"href":"https:\/\/www.salon-escalade.com\/vertical-feed\/wp-json\/wp\/v2\/media?parent=3127"}],"wp:term":[{"taxonomy":"category","embeddable":true,"href":"https:\/\/www.salon-escalade.com\/vertical-feed\/wp-json\/wp\/v2\/categories?post=3127"},{"taxonomy":"post_tag","embeddable":true,"href":"https:\/\/www.salon-escalade.com\/vertical-feed\/wp-json\/wp\/v2\/tags?post=3127"}],"curies":[{"name":"wp","href":"https:\/\/api.w.org\/{rel}","templated":true}]}}