{"id":3032,"date":"2025-04-01T16:47:16","date_gmt":"2025-04-01T14:47:16","guid":{"rendered":"https:\/\/www.salon-escalade.com\/vertical-feed\/?p=3032"},"modified":"2025-10-09T16:19:08","modified_gmt":"2025-10-09T14:19:08","slug":"montagne-en-scene-summer-2025","status":"publish","type":"post","link":"https:\/\/www.salon-escalade.com\/vertical-feed\/2025\/04\/01\/montagne-en-scene-summer-2025\/","title":{"rendered":"Les 5 raisons du succ\u00e8s intemporel de Montagne en Sc\u00e8ne\u00a0"},"content":{"rendered":"<div style=\"\" class=\"sharethis-inline-share-buttons\" ><\/div>\n<p>Cette tourn\u00e9e internationale de films d\u2019aventures outdoor existe depuis 2013 et rencontre chaque ann\u00e9e un franc succ\u00e8s. Selon l\u2019\u00e9quipe du Salon, voici 5 raisons qui expliquent (en partie) pourquoi. <\/p>\n\n\n\n<h3 class=\"wp-block-heading\">1. L\u2019\u00e9quipe<\/h3>\n\n\n\n<p>C\u2019est toujours sous-c\u00f4t\u00e9, alors que c\u2019est un \u00e9l\u00e9ment-cl\u00e9 !&nbsp;<\/p>\n\n\n\n<p>Cyril Salomon &amp; Marion Grimwood les fondateurs de cette tourn\u00e9e sont aujourd\u2019hui accompagn\u00e9s d\u2019une \u00e9quipe de f\u00e9rus de montagne, qui croient en Montagne en Sc\u00e8ne et qui s\u2019impliquent dans le succ\u00e8s de l\u2019\u00e9v\u00e9nement.&nbsp;<\/p>\n\n\n\n<h3 class=\"wp-block-heading\">2. Des projections qui am\u00e8nent la Montagne aux spectateurs.&nbsp;<\/h3>\n\n\n\n<p>L\u2019itin\u00e9rance a du bon pour varier les publics. En se d\u00e9pla\u00e7ant de villes en villes, Montagne en Sc\u00e8ne touche aussi bien :&nbsp;<\/p>\n\n\n\n<ul>\n<li>ceux pour qui la montagne fait partie du quotidien,&nbsp;<\/li>\n\n\n\n<li>ceux qui pour la montagne est synonyme de vacances,&nbsp;<\/li>\n\n\n\n<li>ceux pour qui la montagne n\u2019est (pour l\u2019instant) qu\u2019une envie d\u2019\u00e9vasion.&nbsp;<\/li>\n<\/ul>\n\n\n\n<h3 class=\"wp-block-heading\">3.&nbsp; Une s\u00e9lection de films aux petits oignons.&nbsp;<\/h3>\n\n\n\n<p>Des exploits sportifs dans des paysages \u00e0 couper le souffle, souvent accompagn\u00e9s d\u2019une touche subtile d\u2019\u00e9motion avec en prime, une pointe d\u2019humour, toujours.&nbsp;<\/p>\n\n\n\n<p>Mention sp\u00e9ciale \u00e0 J\u00e9r\u00f4me Tanon a remport\u00e9 deux fois cons\u00e9cutives le prix coup de c\u0153ur du jury avec \u201cBleau dans la Peau\u201d et \u201cOf a Lifetime\u201d : les deux films sont splendides.&nbsp;<\/p>\n\n\n\n<h3 class=\"wp-block-heading\">4. C\u2019est toujours \u201cun peu plus\u201d qu\u2019une soir\u00e9e cin\u00e9.&nbsp;<\/h3>\n\n\n\n<p>Il y a les films, bien s\u00fbr. Mais il y a aussi des moments interactifs entre le public et les sportifs, producteurs ou r\u00e9alisateurs.&nbsp;Et c\u2019est surtout l\u2019occasion de croiser du monde ! <\/p>\n\n\n\n<h3 class=\"wp-block-heading\">5.&nbsp; un \u00e9v\u00e9nement qui \u00e9volue avec son temps.&nbsp;<\/h3>\n\n\n\n<p>Les milieux montagnards sont boulevers\u00e9s par le r\u00e9chauffement climatique et Montagne en Sc\u00e8ne traite le sujet \u00e0 bras le corps :&nbsp;<\/p>\n\n\n\n<ul>\n<li>avec la <a href=\"https:\/\/www.montagne-en-scene.com\/fondation\">Fondation Montagne en Sc\u00e8ne<\/a> et soutient des projets visant \u00e0 faire de la montagne un territoire inclusif, tout en la prot\u00e9geant.&nbsp;<\/li>\n\n\n\n<li>en compensant les \u00e9missions de CO<em>\u2082 <\/em>d\u00fbes aux tourn\u00e9es Montagne en Sc\u00e8ne<\/li>\n<\/ul>\n\n\n\n<h3 class=\"wp-block-heading\">Tout \u00e7a pour vous dire que \u00e7a vaut le coup : trouver votre prochaine projection !&nbsp;<\/h3>\n\n\n\n<p>Montagne en Sc\u00e8ne revient pour sa Summer Edition 2025 avec 4 films in\u00e9dits.<\/p>\n\n\n\n<p>Au programme :&nbsp;<\/p>\n\n\n\n<ul>\n<li>le challenge mental et physique de Bronwyn Hodgins qui s&rsquo;attaque \u00e0 une longue voie extr\u00eame (8c+) en Andalousie,&nbsp;<\/li>\n\n\n\n<li>la conqu\u00eate d&rsquo;un sommet vierge au Pakistan par le trio d&rsquo;alpinistes J\u00e9r\u00f4me Sullivan, Christophe Ogier et Victor Sauc\u00e8de,&nbsp;<\/li>\n\n\n\n<li>la recherche du mouvement parfait de Simon Lorenzi pour r\u00e9ussir \u00e0 encha\u00eener le premier bloc cot\u00e9 9a, et enfin,&nbsp;<\/li>\n\n\n\n<li>l&rsquo;exceptionnelle descente des gorges de l&rsquo;Indus, rivi\u00e8re r\u00e9put\u00e9e comme la plus dure au monde, par les 3 amis kayakistes Nouria Newman, Jules Domin\u00e9 et Ma\u00ebl Nguyen.<\/li>\n<\/ul>\n\n\n\n<figure class=\"wp-block-embed is-type-video is-provider-youtube wp-block-embed-youtube wp-embed-aspect-16-9 wp-has-aspect-ratio\"><div class=\"wp-block-embed__wrapper\">\n<iframe loading=\"lazy\" title=\"Programme Summer Edition 2025 - Montagne en Sc\u00e8ne\" width=\"1110\" height=\"624\" src=\"https:\/\/www.youtube.com\/embed\/-4Rm5N_29pg?feature=oembed\" frameborder=\"0\" allow=\"accelerometer; autoplay; clipboard-write; encrypted-media; gyroscope; picture-in-picture; web-share\" referrerpolicy=\"strict-origin-when-cross-origin\" allowfullscreen><\/iframe>\n<\/div><\/figure>\n\n\n\n<p>Trouvez une projection pr\u00e8s de chez vous : <a href=\"https:\/\/www.montagne-en-scene.com\/villes-etapes-france\">https:\/\/www.montagne-en-scene.com\/villes-etapes-france<\/a><\/p>\n\n\n\n<p>Tentez de gagner 2 places pour la projection de votre choix :<\/p>\n\n\n\n<p> <a href=\"https:\/\/www.facebook.com\/share\/p\/17qhuP359M\/\">Jouer sur Facebook <\/a> ou <a href=\"https:\/\/www.instagram.com\/p\/DH7u-nuoX4V\/?igsh=MThtd21wcW9kNGp4cQ==\">Jouer sur Insta<\/a><\/p>\n\n\n\n<p><\/p>\n<div style=\"margin-top: 0px; margin-bottom: 0px;\" class=\"sharethis-inline-share-buttons\" ><\/div>","protected":false},"excerpt":{"rendered":"<p>Montagne en Sc\u00e8ne existe depuis 2013, d\u00e9couvrez-ici les 5 raisons qui expliquent le succ\u00e8s de cette tourn\u00e9e (selon le Salon!) <\/p>\n","protected":false},"author":95,"featured_media":3037,"comment_status":"closed","ping_status":"open","sticky":false,"template":"","format":"standard","meta":{"footnotes":""},"categories":[154],"tags":[191,531],"_links":{"self":[{"href":"https:\/\/www.salon-escalade.com\/vertical-feed\/wp-json\/wp\/v2\/posts\/3032"}],"collection":[{"href":"https:\/\/www.salon-escalade.com\/vertical-feed\/wp-json\/wp\/v2\/posts"}],"about":[{"href":"https:\/\/www.salon-escalade.com\/vertical-feed\/wp-json\/wp\/v2\/types\/post"}],"author":[{"embeddable":true,"href":"https:\/\/www.salon-escalade.com\/vertical-feed\/wp-json\/wp\/v2\/users\/95"}],"replies":[{"embeddable":true,"href":"https:\/\/www.salon-escalade.com\/vertical-feed\/wp-json\/wp\/v2\/comments?post=3032"}],"version-history":[{"count":6,"href":"https:\/\/www.salon-escalade.com\/vertical-feed\/wp-json\/wp\/v2\/posts\/3032\/revisions"}],"predecessor-version":[{"id":3049,"href":"https:\/\/www.salon-escalade.com\/vertical-feed\/wp-json\/wp\/v2\/posts\/3032\/revisions\/3049"}],"wp:featuredmedia":[{"embeddable":true,"href":"https:\/\/www.salon-escalade.com\/vertical-feed\/wp-json\/wp\/v2\/media\/3037"}],"wp:attachment":[{"href":"https:\/\/www.salon-escalade.com\/vertical-feed\/wp-json\/wp\/v2\/media?parent=3032"}],"wp:term":[{"taxonomy":"category","embeddable":true,"href":"https:\/\/www.salon-escalade.com\/vertical-feed\/wp-json\/wp\/v2\/categories?post=3032"},{"taxonomy":"post_tag","embeddable":true,"href":"https:\/\/www.salon-escalade.com\/vertical-feed\/wp-json\/wp\/v2\/tags?post=3032"}],"curies":[{"name":"wp","href":"https:\/\/api.w.org\/{rel}","templated":true}]}}