{"id":3018,"date":"2025-03-12T10:03:03","date_gmt":"2025-03-12T09:03:03","guid":{"rendered":"https:\/\/www.salon-escalade.com\/vertical-feed\/?p=3018"},"modified":"2025-10-09T16:19:40","modified_gmt":"2025-10-09T14:19:40","slug":"qui-sont-les-visiteurs-du-salon-de-lescalade","status":"publish","type":"post","link":"https:\/\/www.salon-escalade.com\/vertical-feed\/2025\/03\/12\/qui-sont-les-visiteurs-du-salon-de-lescalade\/","title":{"rendered":"Qui sont les visiteurs du Salon de l&rsquo;Escalade ?"},"content":{"rendered":"<div style=\"\" class=\"sharethis-inline-share-buttons\" ><\/div>\n<p>Pour conna\u00eetre et comprendre nos visiteurs, nous les avons invit\u00e9s \u00e0 r\u00e9pondre \u00e0 un questionnaire qui leur a \u00e9t\u00e9 transmis \u00e0 l&rsquo;issue du Salon afin de r\u00e9pondre aux mieux \u00e0 leurs attentes lors des futures \u00e9ditions. Voici la synth\u00e8se de leurs r\u00e9ponses. <\/p>\n\n\n\n<h3 class=\"wp-block-heading\">Un visitorat majoritairement francilien&#8230; Mais pas que !<\/h3>\n\n\n\n<p>Sans surprise, la plupart des visiteurs du Salon viennent d&rsquo;\u00cele-de-France, mais le reste de la France n&rsquo;est pas en reste puisque plus d&rsquo;un quart des r\u00e9pondants est venu depuis le reste de la France. <\/p>\n\n\n\n<p><img decoding=\"async\" src=\"blob:https:\/\/www.salon-escalade.com\/76189d22-2f61-47d7-987a-1b9b5cfcd5e9\" alt=\"Tableau des r\u00e9ponses au formulaire Forms. Titre de la question&nbsp;: D'o\u00f9 venez-vous ?&nbsp;. Nombre de r\u00e9ponses&nbsp;: 88&nbsp;r\u00e9ponses.\"><\/p>\n\n\n\n<p>Peu importe d&rsquo;o\u00f9 ils viennent, pr\u00e8s de 75% des visiteurs ont favoris\u00e9 les transports en commun ou la mobilit\u00e9 douce ! <\/p>\n\n\n\n<h3 class=\"wp-block-heading\">La plupart des visiteurs sont des grimpeurs (de surprise en surprise, dites !) <\/h3>\n\n\n\n<p>Blague \u00e0 part, cette 5\u00e8me \u00e9dition du Salon de l&rsquo;Escalade <\/p>\n\n\n\n<p>Objectif pour le prochain Salon : inviter les non-pratiquants \u00e0 venir d\u00e9couvrir cette discipline ! <\/p>\n\n\n\n<p><img decoding=\"async\" src=\"blob:https:\/\/www.salon-escalade.com\/48a26f7a-0dd7-4136-abbb-a76b157d4530\" alt=\"Tableau des r\u00e9ponses au formulaire Forms. Titre de la question&nbsp;: Depuis combien de temps pratiquez-vous l'escalade ?&nbsp;. Nombre de r\u00e9ponses&nbsp;: 88&nbsp;r\u00e9ponses.\"><\/p>\n\n\n\n<h2 class=\"wp-block-heading\">Des visiteurs avides de mat\u00e9riel ! <\/h2>\n\n\n\n<p>Ce sont, de loin, les stands des revendeurs et de mat\u00e9riel qui ont le plus de succ\u00e8s : preuve en est par les stand du Vieux Campeur ou de YY Vertical qui n&rsquo;ont pas d\u00e9semplit. <\/p>\n\n\n\n<p>Les prises d&rsquo;escalade et les fabricants des murs ont connu un certain succ\u00e8s  (d&rsquo;ailleurs, avez-vous eu l&rsquo;occasion d&rsquo;\u00e9couter le podcast de La Grimposph\u00e8re sur les prises d&rsquo;escalade ? Il y a mati\u00e8re \u00e0 ouvrir la discussion) <\/p>\n\n\n\n<p>Nos espaces th\u00e9matique ont connu un certains succ\u00e8s \u00e9galement : La salle Cin\u00e9scalade, les espaces Grimpe \u00e0 Bleau, Bien-\u00catre &amp; Perf, le Bureau des Moniteurs et Le March\u00e9 des Cr\u00e9ateurs ne sont pas en reste ! <\/p>\n\n\n\n<p>Moniteurs, cr\u00e9ateurs : pensez-y pour la prochaine \u00e9dition : votre pr\u00e9sence \u00e9tait appr\u00e9ci\u00e9e au Salon.<\/p>\n\n\n\n<figure class=\"wp-block-image size-large\"><img decoding=\"async\" loading=\"lazy\" width=\"1024\" height=\"576\" src=\"https:\/\/www.salon-escalade.com\/vertical-feed\/wp-content\/uploads\/2025\/03\/Design-sans-titre-1024x576.jpg\" alt=\"\" class=\"wp-image-3020\" srcset=\"https:\/\/www.salon-escalade.com\/vertical-feed\/wp-content\/uploads\/2025\/03\/Design-sans-titre-1024x576.jpg 1024w, https:\/\/www.salon-escalade.com\/vertical-feed\/wp-content\/uploads\/2025\/03\/Design-sans-titre-300x169.jpg 300w, https:\/\/www.salon-escalade.com\/vertical-feed\/wp-content\/uploads\/2025\/03\/Design-sans-titre-768x432.jpg 768w, https:\/\/www.salon-escalade.com\/vertical-feed\/wp-content\/uploads\/2025\/03\/Design-sans-titre-1536x864.jpg 1536w, https:\/\/www.salon-escalade.com\/vertical-feed\/wp-content\/uploads\/2025\/03\/Design-sans-titre.jpg 1920w\" sizes=\"(max-width: 1024px) 100vw, 1024px\" \/><\/figure>\n\n\n\n<h2 class=\"wp-block-heading\">Comportement d&rsquo;achat au Salon de l&rsquo;Escalade <\/h2>\n\n\n\n<p>Les visiteurs ont profit\u00e9 de ce rassemblement pour s&rsquo;\u00e9quiper ou se r\u00e9\u00e9quiper. 60% des r\u00e9pondants ont fait des achats pendant le Salon :<\/p>\n\n\n\n<p><img decoding=\"async\" src=\"blob:https:\/\/www.salon-escalade.com\/abfa1bdc-8094-473d-b365-1639264b181b\" alt=\"Tableau des r\u00e9ponses au formulaire Forms. Titre de la question&nbsp;: Si vous avez r\u00e9pondu oui \u00e0 la question pr\u00e9c\u00e9dente : quel montant avez-vous d\u00e9pens\u00e9 ?&nbsp;. Nombre de r\u00e9ponses&nbsp;: 55&nbsp;r\u00e9ponses.\"><\/p>\n\n\n\n<h3 class=\"wp-block-heading\">Des visiteurs qui viennent rencontrer les stars et profiter du moment <\/h3>\n\n\n\n<p>Nous retenons aussi que les visiteurs ont pass\u00e9 un bon moment avec nous au Salon et ont profit\u00e9 de ce qui avait \u00e9t\u00e9 mis en place ! <\/p>\n\n\n\n<p>Les visiteurs appr\u00e9cient tout particuli\u00e8rement : <\/p>\n\n\n\n<ul>\n<li>le fait d&rsquo;avoir pu rencontrer les stars de la discipline : Oriane Bertone, Alain Robert, Charles Albert, les Fr\u00e8res Mawem&#8230; <\/li>\n\n\n\n<li>la diversit\u00e9 des activit\u00e9s propos\u00e9s : les conf\u00e9rences, le contest, l&rsquo;acc\u00e8s aux fronton ou les animations propos\u00e9es par les stands <\/li>\n<\/ul>\n\n\n\n<h3 class=\"wp-block-heading\">Les visiteurs sont demandeurs ! <\/h3>\n\n\n\n<p>Le tableau g\u00e9n\u00e9ral montre la satisfaction g\u00e9n\u00e9rale des visiteurs. M\u00eame s&rsquo;ils en r\u00e9clament encore plus ! Plus de marques de chaussons et de mat\u00e9riel, plus de structures&#8230; D&rsquo;ailleurs, on a tr\u00e8s envie de leur proposer ce qui leur a manqu\u00e9 : serez-vous de la partie ? <\/p>\n<div style=\"margin-top: 0px; margin-bottom: 0px;\" class=\"sharethis-inline-share-buttons\" ><\/div>","protected":false},"excerpt":{"rendered":"<p>Pour conna\u00eetre et comprendre nos visiteurs, nous les avons invit\u00e9s \u00e0 r\u00e9pondre \u00e0 un questionnaire qui leur a \u00e9t\u00e9 transmis \u00e0 l&rsquo;issue du Salon afin de r\u00e9pondre aux mieux \u00e0&hellip; <\/p>\n","protected":false},"author":95,"featured_media":3026,"comment_status":"closed","ping_status":"open","sticky":false,"template":"","format":"standard","meta":{"footnotes":""},"categories":[525],"tags":[354],"_links":{"self":[{"href":"https:\/\/www.salon-escalade.com\/vertical-feed\/wp-json\/wp\/v2\/posts\/3018"}],"collection":[{"href":"https:\/\/www.salon-escalade.com\/vertical-feed\/wp-json\/wp\/v2\/posts"}],"about":[{"href":"https:\/\/www.salon-escalade.com\/vertical-feed\/wp-json\/wp\/v2\/types\/post"}],"author":[{"embeddable":true,"href":"https:\/\/www.salon-escalade.com\/vertical-feed\/wp-json\/wp\/v2\/users\/95"}],"replies":[{"embeddable":true,"href":"https:\/\/www.salon-escalade.com\/vertical-feed\/wp-json\/wp\/v2\/comments?post=3018"}],"version-history":[{"count":4,"href":"https:\/\/www.salon-escalade.com\/vertical-feed\/wp-json\/wp\/v2\/posts\/3018\/revisions"}],"predecessor-version":[{"id":3025,"href":"https:\/\/www.salon-escalade.com\/vertical-feed\/wp-json\/wp\/v2\/posts\/3018\/revisions\/3025"}],"wp:featuredmedia":[{"embeddable":true,"href":"https:\/\/www.salon-escalade.com\/vertical-feed\/wp-json\/wp\/v2\/media\/3026"}],"wp:attachment":[{"href":"https:\/\/www.salon-escalade.com\/vertical-feed\/wp-json\/wp\/v2\/media?parent=3018"}],"wp:term":[{"taxonomy":"category","embeddable":true,"href":"https:\/\/www.salon-escalade.com\/vertical-feed\/wp-json\/wp\/v2\/categories?post=3018"},{"taxonomy":"post_tag","embeddable":true,"href":"https:\/\/www.salon-escalade.com\/vertical-feed\/wp-json\/wp\/v2\/tags?post=3018"}],"curies":[{"name":"wp","href":"https:\/\/api.w.org\/{rel}","templated":true}]}}