{"id":2943,"date":"2025-01-08T10:56:04","date_gmt":"2025-01-08T09:56:04","guid":{"rendered":"https:\/\/www.salon-escalade.com\/vertical-feed\/?p=2943"},"modified":"2025-10-09T16:22:40","modified_gmt":"2025-10-09T14:22:40","slug":"lescalade-et-les-limites-on-fait-le-bilan-partie-2-2","status":"publish","type":"post","link":"https:\/\/www.salon-escalade.com\/vertical-feed\/2025\/01\/08\/lescalade-et-les-limites-on-fait-le-bilan-partie-2-2\/","title":{"rendered":"L\u2019escalade et les limites: on fait le bilan? Partie 2\/2"},"content":{"rendered":"<div style=\"\" class=\"sharethis-inline-share-buttons\" ><\/div>\n<p>Ce second et dernier article fait suite \u00e0 <a href=\"https:\/\/www.salon-escalade.com\/vertical-feed\/2024\/12\/20\/lescalade-et-les-limites-on-en-parle-partie-1-2\/\" data-type=\"post\" data-id=\"2923\">l\u2019article ici<\/a>, o\u00f9 nous vous invitions \u00e0 <strong>d\u00e9terminer quelles limites plan\u00e9taires \u00e9taient affect\u00e9es par l\u2019escalade indoor<\/strong>. \u00c0 pr\u00e9sent, nous allons passer en revue les r\u00e9ponses. Les limites plan\u00e9taires ne seront pas forc\u00e9ment toutes abord\u00e9es dans leur d\u00e9tail \u00e0 chaque section, l\u2019id\u00e9e \u00e9tant de d\u00e9fricher le terrain en premier lieu.<\/p>\n\n\n\n<p>Rappelons que le but est d\u2019<strong>am\u00e9liorer la compr\u00e9hension du r\u00f4le de l\u2019escalade indoor sur ces 9 limites plan\u00e9taires<\/strong> afin d\u2019imaginer comment contenir l\u2019impact, et le r\u00e9duire. A l\u2019image de ce que nous enseigne l\u2019escalade, ici <strong>on \u00e9labore de NOUVEAUX POSSIBLES<\/strong>.<\/p>\n\n\n\n<h2 class=\"wp-block-heading\">SECTION 1 &#8211; Les panneaux des SAE<\/h2>\n\n\n\n<p>Les panneaux des SAE peuvent avoir un impact sur les limites plan\u00e9taires suivantes:<\/p>\n\n\n\n<ul>\n<li><em>Changement climatique: <\/em>\n<ul>\n<li>Du fait de leur <strong>transport<\/strong> du pays de production vers le pays d\u2019installation, mais aussi du pays d\u2019extraction de la \u00ab\u00a0mati\u00e8re premi\u00e8re\u00a0\u00bb vers le pays de production du panneau, l&rsquo;impact carbone des panneaux de SAE d\u00e9marre l\u00e0. Privil\u00e9gier des modes de transport peu \u00e9missifs en carbone est un premier pas pour minimiser cet impact. <\/li>\n\n\n\n<li>De plus, <strong>l\u2019utilisation \u00e9ventuelle de r\u00e9sines ou colles dans les panneaux SAE <\/strong>peut \u00eatre \u00e0 l\u2019origine d\u2019\u00e9mission de COV (Compos\u00e9s Organiques Volatiles). Les COV se retrouvent dans l\u2019atmosph\u00e8re et augmentent l\u2019accumulation d\u2019ozone, ayant un impact n\u00e9gatif sur le climat. Il peut donc \u00eatre int\u00e9ressant de demander la concentration en COV des r\u00e9sines et colles utilis\u00e9es dans les panneaux, afin de s&rsquo;assurer du respect des seuils. <\/li>\n\n\n\n<li>La composition des <strong>peintures<\/strong>, utilis\u00e9es \u00e0 usage d\u00e9coratif ou protecteur sur les panneaux, peut \u00e9galement \u00eatre li\u00e9e \u00e0 l&rsquo;\u00e9mission de COV, selon le type de peinture. V\u00e9rifier la concentration en COV permettra l\u00e0 aussi de conna\u00eetre l&rsquo;impact.<\/li>\n<\/ul>\n<\/li>\n\n\n\n<li><em>\u00c9rosion de la biodiversit\u00e9:<\/em> Si le bois utilis\u00e9 pour produire les panneaux des SAE n\u2019est pas issu d\u2019une for\u00eat g\u00e9r\u00e9e durablement, la biodiversit\u00e9 en sera affect\u00e9e. Il existe des labels pour s\u2019assurer que cela est \u00e9vit\u00e9: le <strong>FSC\u00ae<\/strong> et le <strong>PEFC\u00ae<\/strong>. Le label<strong> Ecocert Biodiversit\u00e9 <\/strong>est \u00e9galement un bon indicateur de la pr\u00e9servation de la biodiversit\u00e9.<\/li>\n\n\n\n<li><em>L\u2019acidification des oc\u00e9ans:<\/em> Dans la mesure o\u00f9 l\u2019acidification est li\u00e9e \u00e0 l\u2019absorption carbone (les oc\u00e9ans sont des puits carbone), plus les \u00e9missions sont \u00e9lev\u00e9es, plus ce processus s\u2019acc\u00e9l\u00e8re. Ainsi, cette limite est li\u00e9e au m\u00eame param\u00e8tre que le changement climatique.<\/li>\n\n\n\n<li><em>Augmentation des a\u00e9rosols dans l\u2019atmosph\u00e8re:<\/em> La m\u00e9thode utilis\u00e9e pour peindre les panneaux des SAE et les syst\u00e8mes de captation associ\u00e9s peuvent avoir une influence sur cette limite plan\u00e9taire.<\/li>\n<\/ul>\n\n\n\n<h2 class=\"wp-block-heading\">SECTION 2 &#8211; Les ossatures<\/h2>\n\n\n\n<ul>\n<li><em>Changement climatique: <\/em>\n<ul>\n<li>De m\u00eame que le <strong>transport<\/strong> des panneaux des SAE et de leur mati\u00e8re premi\u00e8re, le transport des ossatures &#8211; m\u00e9talliques ou bois &#8211; a un impact carbone. Le <strong>design de l\u2019ossature<\/strong>, pour optimiser les quantit\u00e9s, a donc un r\u00f4le crucial en plus du choix du mode de transport. <\/li>\n\n\n\n<li>De plus, la <strong>production<\/strong> de la structure m\u00e9tallique en acier inoxydable, ainsi que sa <strong>galvanisation<\/strong> pour un usage ext\u00e9rieur, n\u00e9cessitent de hautes temp\u00e9ratures et donc, une forte consommation d\u2019\u00e9lectricit\u00e9. Selon le pays de production, le mix \u00e9nerg\u00e9tique est plus ou moins carbon\u00e9. Ainsi, les \u00e9missions carbone qui en d\u00e9coulent ont un impact sur le climat.<\/li>\n<\/ul>\n<\/li>\n\n\n\n<li><em>\u00c9rosion de la biodiversit\u00e9:<\/em> L\u2019acier inoxydable est un alliage compos\u00e9 de fer et de carbone. L\u2019<strong>extraction du fer <\/strong>se produisant dans des mines, la biodiversit\u00e9 peut en \u00eatre affect\u00e9e. Il est donc important d\u2019identifier la gestion adopt\u00e9e par la cha\u00eene de valeur au niveau environnemental, afin de comprendre comment les minimiser.<\/li>\n\n\n\n<li><em>Changement d\u2019usage des sols:<\/em> Cette limite d\u00e9pend de l&rsquo;<strong>impact environnemental de l\u2019ouverture des mines<\/strong> d\u2019extraction de fer.<\/li>\n\n\n\n<li><em>Acidification des oc\u00e9ans:<\/em> M\u00eame observation que pour les panneaux des SAE.<\/li>\n<\/ul>\n\n\n\n<h2 class=\"wp-block-heading\">SECTION 3 &#8211; Les prises d\u2019escalade&nbsp;<\/h2>\n\n\n\n<p>Qu\u2019elles soient en r\u00e9sine PE ou PU, \u00e9vid\u00e9es ou pas, ou encore en GRP ou en bois, chaque type de prise a un impact.&nbsp;<\/p>\n\n\n\n<ul>\n<li><em>Changement climatique:<\/em> \n<ul>\n<li>Gr\u00e2ce \u00e0 leur <strong>poids<\/strong> plus l\u00e9ger, certaines prises comme celles en GRP ont un impact carbone moindre durant leur<strong> transport<\/strong>. L\u2019<strong>\u00e9vidage<\/strong> permis par le PU contribue aussi \u00e0 la r\u00e9duction du poids et donc, de l\u2019empreinte carbone du transport. <\/li>\n\n\n\n<li>Si le <strong>design des prises<\/strong> est pens\u00e9 de mani\u00e8re efficace, leur <strong>mise en palette<\/strong> peut \u00eatre <strong>optimis\u00e9e<\/strong> et ainsi, r\u00e9duire le nombre de palettes n\u00e9cessaires pour les acheminer, r\u00e9duisant leur impact carbone durant le transport. <\/li>\n\n\n\n<li>Puisque les prises sont majoritairement en <strong>r\u00e9sine polym\u00e8re<\/strong> et donc, <strong>d\u2019origine fossile<\/strong>, elles ont \u00e9galement un impact carbone de ce fait. <\/li>\n\n\n\n<li>Enfin, concernant le bois, m\u00eame s\u2019il provient de for\u00eats g\u00e9r\u00e9es durablement, le poids de prises et macros en bois est \u00e0 mettre en regard durant leur transport. <\/li>\n\n\n\n<li>En cons\u00e9quence, la <strong>recyclabilit\u00e9 des prises et leur dur\u00e9e de vie <\/strong>(r\u00e9sistance \u00e0 l\u2019abrasion, aux UV&#8230;) sont parmi les meilleures options pour minimiser leur impact carbone, si le processus de recyclage est con\u00e7u pour \u00eatre moins consommateur en ressources que la production et si les unit\u00e9s de recyclage se multiplient pour \u00e9viter le parcours de longues distances.<\/li>\n<\/ul>\n<\/li>\n\n\n\n<li><em>Acidification des oc\u00e9ans: <\/em>De m\u00eame que pour les sections pr\u00e9c\u00e9dentes.<\/li>\n<\/ul>\n\n\n\n<h2 class=\"wp-block-heading\">SECTION 4 &#8211; Les surfaces de r\u00e9ception<\/h2>\n\n\n\n<ul>\n<li><em>Changement climatique:<\/em> \n<ul>\n<li>Nous sommes toujours face au probl\u00e8me des \u00e9missions lors du <strong>transport<\/strong>. <\/li>\n\n\n\n<li>De plus, les<strong> rev\u00eatements<\/strong> des surfaces de r\u00e9ception, ainsi que la <strong>mousse<\/strong> elle-m\u00eame, sont le plus souvent synth\u00e9tiques et donc, issus de <strong>ressources fossiles<\/strong>, avec l\u2019impact carbone associ\u00e9.<\/li>\n<\/ul>\n<\/li>\n\n\n\n<li><em>Acidification des oc\u00e9ans: <\/em>M\u00eame cons\u00e9quence que pr\u00e9c\u00e9demment.<\/li>\n<\/ul>\n\n\n\n<h2 class=\"wp-block-heading\">SECTION 5 &#8211; Les EPI&nbsp;<\/h2>\n\n\n\n<p>La pluralit\u00e9 des EPI n\u00e9cessiterait une \u00e9tude au cas par cas, notamment une <strong>analyse du cycle de vie<\/strong> de chaque r\u00e9f\u00e9rence, pour comprendre l&rsquo;impact environnemental de chaque r\u00e9f\u00e9rence. Aussi, nous n\u2019entrerons pas dans des g\u00e9n\u00e9ralit\u00e9s difficilement applicables dans la r\u00e9alit\u00e9. Toutefois, un des crit\u00e8res \u00ab&nbsp;universels&nbsp;\u00bb qui pourrait \u00eatre syst\u00e9matiquement v\u00e9rifi\u00e9 est celui de la <strong>part d&rsquo;\u00e9l\u00e9ment recycl\u00e9<\/strong> de chaque r\u00e9f\u00e9rence, afin de r\u00e9duire l\u2019empreinte environnementale.<\/p>\n\n\n\n<h2 class=\"wp-block-heading\">SECTION 6 &#8211; Le b\u00e2timent de la salle de grimpe&nbsp;<\/h2>\n\n\n\n<p>Il va de soit que la <strong>construction \/ l\u2019am\u00e9nagemen<\/strong>t d\u2019une salle d\u2019escalade a une <strong>empreinte carbone <\/strong>affectant le climat et l\u2019acidification des oc\u00e9ans, mais aussi une<strong> empreinte au sol <\/strong>qui r\u00e9duit l\u2019espace disponible pour la biodiversit\u00e9. L&rsquo;architecture r\u00e9g\u00e9n\u00e9ratrice est une piste nouvelle \u00e0 explorer \u00e0 cette fin.<\/p>\n\n\n\n<p><strong>Op\u00e9rer une salle d\u2019escalade <\/strong>est \u00e9galement \u00e9nergivore, tant pour le chauffage en hiver que pour le rafra\u00eechissement en \u00e9t\u00e9.&nbsp;La <strong>consommation d\u2019\u00e9nergie <\/strong>aura un impact sur le climat et l\u2019acidification des oc\u00e9ans selon le mix \u00e9nerg\u00e9tique du pays, et le fournisseur d\u2019\u00e9lectricit\u00e9 s\u00e9lectionn\u00e9 (ENR ou pas). <\/p>\n\n\n\n<p>Aussi, <strong>d\u00e8s la conception<\/strong> de la salle, de multiples param\u00e8tres devraient \u00eatre pris en compte pour <strong>minimiser cette consommation<\/strong>: mat\u00e9riaux, isolation, exposition au soleil, protections, ventilation naturelle, entre autres. C\u2019est aussi un calcul financier sur le long-terme.<\/p>\n\n\n\n<h2 class=\"wp-block-heading\">Conclusion&nbsp;<\/h2>\n\n\n\n<p>La <strong>complexit\u00e9 des syst\u00e8mes<\/strong> dans lesquels nous \u00e9voluons <strong>n\u00e9cessite une analyse approfondie<\/strong> de l\u2019ensemble de la cha\u00eene de valeur et du cycle de vie des produits, afin de les clarifier au mieux.<strong> L\u2019\u00e9co-conception des produits, des structures et des salles est le point de d\u00e9part d\u2019un travail engag\u00e9 en mati\u00e8re de minimisation de l\u2019impact environnemental de l\u2019escalade indoor<\/strong>. S\u2019en suit l\u2019identification de moyens pour prolonger l\u2019usage, et minimiser l\u2019impact tout au long de l\u2019usage, associ\u00e9 \u00e0 une \u00e9quation \u00e9conomique viable.<\/p>\n\n\n\n<p><strong>Vous souhaitez plonger davantage dans ce travail environnemental engag\u00e9 ?<\/strong> Oranea conseil est un service d\u2019accompagnement d\u00e9di\u00e9 aux acteurs du monde de l\u2019escalade pour construire une compr\u00e9hension fine de leur impact et des solutions afin de le minimiser. La cr\u00e9atrice, Claire, a travaill\u00e9 plusieurs ann\u00e9es dans le domaine de la RSE, du d\u00e9veloppement durable et des \u00e9nergies renouvelables. Elle est passionn\u00e9e par ces sujets car elle porte la conviction que l\u2019on peut contribuer \u00e0 un monde plus efficace et pr\u00e9serv\u00e9, en agissant ensemble et en \u00e9coutant ce que la nature a \u00e0 nous dire.<\/p>\n<div style=\"margin-top: 0px; margin-bottom: 0px;\" class=\"sharethis-inline-share-buttons\" ><\/div>","protected":false},"excerpt":{"rendered":"<p>Ce second et dernier article fait suite \u00e0 l\u2019article ici, o\u00f9 nous vous invitions \u00e0 d\u00e9terminer quelles limites plan\u00e9taires \u00e9taient affect\u00e9es par l\u2019escalade indoor. \u00c0 pr\u00e9sent, nous allons passer en&hellip; <\/p>\n","protected":false},"author":106,"featured_media":2931,"comment_status":"closed","ping_status":"open","sticky":false,"template":"","format":"standard","meta":{"footnotes":""},"categories":[530,525],"tags":[470],"_links":{"self":[{"href":"https:\/\/www.salon-escalade.com\/vertical-feed\/wp-json\/wp\/v2\/posts\/2943"}],"collection":[{"href":"https:\/\/www.salon-escalade.com\/vertical-feed\/wp-json\/wp\/v2\/posts"}],"about":[{"href":"https:\/\/www.salon-escalade.com\/vertical-feed\/wp-json\/wp\/v2\/types\/post"}],"author":[{"embeddable":true,"href":"https:\/\/www.salon-escalade.com\/vertical-feed\/wp-json\/wp\/v2\/users\/106"}],"replies":[{"embeddable":true,"href":"https:\/\/www.salon-escalade.com\/vertical-feed\/wp-json\/wp\/v2\/comments?post=2943"}],"version-history":[{"count":5,"href":"https:\/\/www.salon-escalade.com\/vertical-feed\/wp-json\/wp\/v2\/posts\/2943\/revisions"}],"predecessor-version":[{"id":2948,"href":"https:\/\/www.salon-escalade.com\/vertical-feed\/wp-json\/wp\/v2\/posts\/2943\/revisions\/2948"}],"wp:featuredmedia":[{"embeddable":true,"href":"https:\/\/www.salon-escalade.com\/vertical-feed\/wp-json\/wp\/v2\/media\/2931"}],"wp:attachment":[{"href":"https:\/\/www.salon-escalade.com\/vertical-feed\/wp-json\/wp\/v2\/media?parent=2943"}],"wp:term":[{"taxonomy":"category","embeddable":true,"href":"https:\/\/www.salon-escalade.com\/vertical-feed\/wp-json\/wp\/v2\/categories?post=2943"},{"taxonomy":"post_tag","embeddable":true,"href":"https:\/\/www.salon-escalade.com\/vertical-feed\/wp-json\/wp\/v2\/tags?post=2943"}],"curies":[{"name":"wp","href":"https:\/\/api.w.org\/{rel}","templated":true}]}}