{"id":2912,"date":"2024-12-06T14:14:40","date_gmt":"2024-12-06T13:14:40","guid":{"rendered":"https:\/\/www.salon-escalade.com\/vertical-feed\/?p=2912"},"modified":"2025-10-09T16:23:10","modified_gmt":"2025-10-09T14:23:10","slug":"un-col-ou-un-pic-une-aventure-extraordinaire-un-voyage-en-velo-escalade","status":"publish","type":"post","link":"https:\/\/www.salon-escalade.com\/vertical-feed\/2024\/12\/06\/un-col-ou-un-pic-une-aventure-extraordinaire-un-voyage-en-velo-escalade\/","title":{"rendered":"Un Col ou un Pic, une aventure extraordinaire : un voyage en v\u00e9lo\/escalade"},"content":{"rendered":"<div style=\"\" class=\"sharethis-inline-share-buttons\" ><\/div><div class=\"wp-block-image\">\n<figure class=\"aligncenter size-large is-resized\"><a href=\"https:\/\/www.uncolouunpic.com\/\" target=\"_blank\" rel=\"noreferrer noopener\"><img decoding=\"async\" loading=\"lazy\" width=\"768\" height=\"1024\" src=\"https:\/\/www.salon-escalade.com\/vertical-feed\/wp-content\/uploads\/2024\/12\/photo2-1-768x1024.jpg\" alt=\"\" class=\"wp-image-2915\" style=\"aspect-ratio:0.75;width:513px;height:auto\" srcset=\"https:\/\/www.salon-escalade.com\/vertical-feed\/wp-content\/uploads\/2024\/12\/photo2-1-768x1024.jpg 768w, https:\/\/www.salon-escalade.com\/vertical-feed\/wp-content\/uploads\/2024\/12\/photo2-1-225x300.jpg 225w, https:\/\/www.salon-escalade.com\/vertical-feed\/wp-content\/uploads\/2024\/12\/photo2-1-1152x1536.jpg 1152w, https:\/\/www.salon-escalade.com\/vertical-feed\/wp-content\/uploads\/2024\/12\/photo2-1-1536x2048.jpg 1536w, https:\/\/www.salon-escalade.com\/vertical-feed\/wp-content\/uploads\/2024\/12\/photo2-1-scaled.jpg 1920w\" sizes=\"(max-width: 768px) 100vw, 768px\" \/><\/a><\/figure><\/div>\n\n\n<p class=\"has-text-align-center\">Notre id\u00e9e est de fusionner l&rsquo;escalade et le v\u00e9lo, afin de promouvoir un tourisme plus accessible et respectueux de l&rsquo;environnement. Nous souhaitons montrer qu&rsquo;il est possible de s&rsquo;adonner \u00e0 des activit\u00e9s sportives tout en privil\u00e9giant la mobilit\u00e9 douce et qui plus est simple. Notre passion pour le v\u00e9lo et l&rsquo;escalade est au c\u0153ur de cette initiative, car ces deux activit\u00e9s se compl\u00e8tent harmonieusement. Se rendre \u00e0 la falaise \u00e0 v\u00e9lo et grimper en pleine nature offre une v\u00e9ritable aventure, alliant sensations fortes et respect de notre belle plan\u00e8te.<\/p>\n\n\n\n<p class=\"has-text-align-center\">L&rsquo;id\u00e9e de ce projet est n\u00e9e d&rsquo;un voyage \u00e0 v\u00e9lo que nous avons r\u00e9alis\u00e9 cet \u00e9t\u00e9 dans la vall\u00e9e de la Durance, au pied des \u00c9crins. Nous avons d\u00e9cid\u00e9 de remonter la vall\u00e9e en longeant la rivi\u00e8re, en nous arr\u00eatant sur diff\u00e9rents spots le long du chemin. Ce projet a \u00e9t\u00e9 \u00e9labor\u00e9 par une \u00e9quipe de trois personnes : Marjo et les deux Julien. Notre aventure a commenc\u00e9 \u00e0 Embrun, o\u00f9 les premiers impr\u00e9vus se sont d\u00e9j\u00e0 manifest\u00e9s. Charg\u00e9s comme des mules, nous avons d\u00fb faire face \u00e0 des pi\u00e9tons traversant notre chemin au moment du d\u00e9part, ce qui a fait vaciller l&rsquo;une de nos partenaires. Bien que le chargement ait n\u00e9cessit\u00e9 un temps d&rsquo;adaptation, nous avons rapidement appris \u00e0 mieux g\u00e9rer notre \u00e9quipement.<\/p>\n\n\n<div class=\"wp-block-image\">\n<figure class=\"aligncenter size-large is-resized\"><a href=\"https:\/\/www.uncolouunpic.com\/\" target=\"_blank\" rel=\"noreferrer noopener\"><img decoding=\"async\" loading=\"lazy\" width=\"768\" height=\"1024\" src=\"https:\/\/www.salon-escalade.com\/vertical-feed\/wp-content\/uploads\/2024\/12\/photo3-768x1024.jpg\" alt=\"\" class=\"wp-image-2914\" style=\"aspect-ratio:0.75;width:454px;height:auto\" srcset=\"https:\/\/www.salon-escalade.com\/vertical-feed\/wp-content\/uploads\/2024\/12\/photo3-768x1024.jpg 768w, https:\/\/www.salon-escalade.com\/vertical-feed\/wp-content\/uploads\/2024\/12\/photo3-225x300.jpg 225w, https:\/\/www.salon-escalade.com\/vertical-feed\/wp-content\/uploads\/2024\/12\/photo3-1152x1536.jpg 1152w, https:\/\/www.salon-escalade.com\/vertical-feed\/wp-content\/uploads\/2024\/12\/photo3-1536x2048.jpg 1536w, https:\/\/www.salon-escalade.com\/vertical-feed\/wp-content\/uploads\/2024\/12\/photo3-scaled.jpg 1920w\" sizes=\"(max-width: 768px) 100vw, 768px\" \/><\/a><\/figure><\/div>\n\n\n<p class=\"has-text-align-center\">Notre premi\u00e8re \u00e9tape nous a conduits \u00e0 Saint-Cr\u00e9pin, avec pour objectif une grande voie au Ponteil. Le lendemain, apr\u00e8s une marche d&rsquo;approche d&rsquo;environ une heure et 600 m\u00e8tres de d\u00e9nivel\u00e9 positif \u00e0 travers une magnifique for\u00eat, nous sommes arriv\u00e9s au pied de la falaise. Au d\u00e9but d\u2019un voyage j\u2019ai toujours l\u2019impression que les ambitions sont toujours un peu exag\u00e9r\u00e9es! Nous avions choisi une falaise plein sud en plein mois de juillet, ce qui n&rsquo;\u00e9tait peut-\u00eatre pas la meilleure id\u00e9e. Personnellement, ayant toujours trop chaud, j&rsquo;ai d\u00e9cid\u00e9 d&rsquo;abandonner l&rsquo;escalade pour aller faire les courses pour le groupe. Les deux autres ont \u00e9galement renonc\u00e9 \u00e0 la grande voie apr\u00e8s la deuxi\u00e8me longueur pour la m\u00eame raison. Le lendemain, lors de notre prochaine \u00e9tape \u00e0 la Roche de Rame, nous croisons un guide qui nous prend pour des fous. Il nous dit que Le Ponteil est leur spot de pr\u00e9dilection en hiver.&nbsp;<\/p>\n\n\n\n<p class=\"has-text-align-center\">Ah! Enfin, une planification qui se passe bien. Les gorges de la Roche de Rame sont incroyablement belles et parfaites pour grimper au frais. Nous entamons donc une grande voie magnifique o\u00f9 solitude et nature sauvage offrent une exp\u00e9rience inoubliable. De plus, la redescente s\u2019effectue sur ancienne voie Romaine pr\u00e9serv\u00e9e. Savoir que l\u2019on marche sur le m\u00eame chemin que d\u2019autres personnes ont emprunt\u00e9 il y a plus de 2000 ans a \u00e9t\u00e9 pour moi une vraie source d\u2019inspiration et de contemplation. Nous avons grimp\u00e9 l\u00e0 deux jours durant avec le lendemain de la couenne au bord de l\u2019eau et un bivouac magnifique aux abords d\u2019un lac entour\u00e9 de montagnes. Le reste du s\u00e9jour a \u00e9t\u00e9 rythm\u00e9 par un \u00e9quilibre parfait entre v\u00e9lo et escalade. Nous avons \u00e9galement ador\u00e9 le spot du Rif d\u2019Oriol. Nous recommandons absolument ce spot magnifique avec des gorges tr\u00e8s serr\u00e9es et une roche d\u2019une couleur \u00e0 couper le souffle. Nous avons continu\u00e9 notre trajet jusqu\u2019\u00e0 l\u2019Argenti\u00e8re-la-Bess\u00e9e d\u2019o\u00f9 nous sommes redescendus. Tout au long du chemin quand nous regardions cette magnifique rivi\u00e8re qu\u2019est la Durance nous nous disions pourquoi pas la descendre en Kayak cela serait le bouquet final! Nous avons alors pris un guide et c\u2019\u00e9tait parti pour une nouvelle aventure impr\u00e9vue. La descente \u00e9tait extraordinaire avec une eau tr\u00e8s agit\u00e9e d\u2019un bleu turquoise et une vue imprenable sur les montagnes environnantes. Aucun de nous quatre, car un copain nous avait rejoints, n\u2019avait jamais navigu\u00e9 dans des eaux comme celles-ci. Cette partie du voyage nous \u00e0 fait sortir de ce que nous connaissions et a \u00e9t\u00e9 pour nous une exp\u00e9rience inoubliable. De plus, cela a apport\u00e9 un compl\u00e9ment de cette aventure alliant v\u00e9lo, escalade et maintenant kayak..&nbsp;<\/p>\n\n\n\n<p class=\"has-text-align-center\">Le projet \u00ab\u00a0Un Col ou un Pic\u00a0\u00bb a pour but de permettre \u00e0 chacun de vivre une aventure qu&rsquo;il n&rsquo;aurait peut-\u00eatre pas os\u00e9 entreprendre seul. Nous voulons montrer qu&rsquo;il est possible de s&rsquo;amuser tout en utilisant le v\u00e9lo comme moyen de transport, rendant ainsi l&rsquo;exp\u00e9rience encore plus agr\u00e9able. Nous avons pens\u00e9 \u00e0 des d\u00e9parts de gares situ\u00e9es le long de la vall\u00e9e du Rh\u00f4ne pour permettre aux habitants de grandes villes comme Paris, Grenoble ou Lyon de se joindre \u00e0 nous.<\/p>\n\n\n\n<p class=\"has-text-align-center\">Nous avons \u00e9labor\u00e9 deux formules : \u00ab\u00a0V\u00e9lo +\u00a0\u00bb et \u00ab\u00a0V\u00e9lo D\u00e9couverte\u00a0\u00bb. La formule \u00ab\u00a0V\u00e9lo +\u00a0\u00bb s&rsquo;adresse \u00e0 ceux qui souhaitent r\u00e9aliser de plus longs parcours avec un d\u00e9nivel\u00e9 plus important, tandis que la formule \u00ab\u00a0D\u00e9couverte\u00a0\u00bb propose des parcours plus plats, mais tout aussi magnifiques. Pour l&rsquo;h\u00e9bergement et la nourriture, nous privil\u00e9gions des lieux respectueux de l&rsquo;\u00e9cologie, visant l&rsquo;autonomie et proposant une alimentation bio. Nous choisissons des campings ou des fermes pour \u00eatre au plus proche de la nature.<\/p>\n\n\n\n<p class=\"has-text-align-center\">Rejoignez nous pour vivre une exp\u00e9rience incroyable ! N&rsquo;h\u00e9sitez pas \u00e0 visiter notre site internet : <a href=\"https:\/\/www.uncolouunpic.com\/\">https:\/\/www.uncolouunpic.com\/<\/a> ou \u00e0 nous contacter directement par mail ou t\u00e9l\u00e9phone.<\/p>\n<div style=\"margin-top: 0px; margin-bottom: 0px;\" class=\"sharethis-inline-share-buttons\" ><\/div>","protected":false},"excerpt":{"rendered":"<p>Notre id\u00e9e est de fusionner l&rsquo;escalade et le v\u00e9lo, afin de promouvoir un tourisme plus accessible et respectueux de l&rsquo;environnement. Nous souhaitons montrer qu&rsquo;il est possible de s&rsquo;adonner \u00e0 des&hellip; <\/p>\n","protected":false},"author":104,"featured_media":2915,"comment_status":"closed","ping_status":"open","sticky":false,"template":"","format":"standard","meta":{"footnotes":""},"categories":[530],"tags":[470,8],"_links":{"self":[{"href":"https:\/\/www.salon-escalade.com\/vertical-feed\/wp-json\/wp\/v2\/posts\/2912"}],"collection":[{"href":"https:\/\/www.salon-escalade.com\/vertical-feed\/wp-json\/wp\/v2\/posts"}],"about":[{"href":"https:\/\/www.salon-escalade.com\/vertical-feed\/wp-json\/wp\/v2\/types\/post"}],"author":[{"embeddable":true,"href":"https:\/\/www.salon-escalade.com\/vertical-feed\/wp-json\/wp\/v2\/users\/104"}],"replies":[{"embeddable":true,"href":"https:\/\/www.salon-escalade.com\/vertical-feed\/wp-json\/wp\/v2\/comments?post=2912"}],"version-history":[{"count":3,"href":"https:\/\/www.salon-escalade.com\/vertical-feed\/wp-json\/wp\/v2\/posts\/2912\/revisions"}],"predecessor-version":[{"id":2919,"href":"https:\/\/www.salon-escalade.com\/vertical-feed\/wp-json\/wp\/v2\/posts\/2912\/revisions\/2919"}],"wp:featuredmedia":[{"embeddable":true,"href":"https:\/\/www.salon-escalade.com\/vertical-feed\/wp-json\/wp\/v2\/media\/2915"}],"wp:attachment":[{"href":"https:\/\/www.salon-escalade.com\/vertical-feed\/wp-json\/wp\/v2\/media?parent=2912"}],"wp:term":[{"taxonomy":"category","embeddable":true,"href":"https:\/\/www.salon-escalade.com\/vertical-feed\/wp-json\/wp\/v2\/categories?post=2912"},{"taxonomy":"post_tag","embeddable":true,"href":"https:\/\/www.salon-escalade.com\/vertical-feed\/wp-json\/wp\/v2\/tags?post=2912"}],"curies":[{"name":"wp","href":"https:\/\/api.w.org\/{rel}","templated":true}]}}