{"id":288,"date":"2021-02-24T16:45:50","date_gmt":"2021-02-24T15:45:50","guid":{"rendered":"https:\/\/www.salon-escalade.com\/vertical-feed\/?p=288"},"modified":"2021-03-03T17:21:05","modified_gmt":"2021-03-03T16:21:05","slug":"pour-passer-de-la-passion-a-la-profession-devenez-cordiste","status":"publish","type":"post","link":"https:\/\/www.salon-escalade.com\/vertical-feed\/2021\/02\/24\/pour-passer-de-la-passion-a-la-profession-devenez-cordiste\/","title":{"rendered":"Pour passer de la Passion \u00e0 la Profession, devenez Cordiste !"},"content":{"rendered":"<div style=\"\" class=\"sharethis-inline-share-buttons\" ><\/div>\n<hr class=\"wp-block-separator\"\/>\n\n\n\n<p><strong>Le GRETA VIVA 5<\/strong> est l&rsquo;organisme de formation \u00e0 l&rsquo;initiative du <strong>premier dipl\u00f4me de cordiste enregistr\u00e9 au r\u00e9pertoire national des certifications professionnelles, le CATC : Certification Agent Technicien Cordiste<\/strong>.<\/p>\n\n\n\n<p>Nous accompagnons depuis plus de 20 ans des passionn\u00e9s de la hauteur a travers cette formation qui vous permettra de vous professionnaliser pour exercer votre m\u00e9tier sur cordes.<\/p>\n\n\n\n<p>En train de devenir une profession \u00e0 part enti\u00e8re, le cordiste permet d&rsquo;intervenir aujourd&rsquo;hui sur un nombre incalculable de situations o\u00f9 cette technique se r\u00e9v\u00e8le indispensable, efficace et s\u00fbre. <strong>Le march\u00e9 de l&#8217;emploi des cordistes est en pleine expansion,&nbsp;le CA de la profession a tripl\u00e9 en 10 ans<\/strong>.&nbsp;<\/p>\n\n\n\n<p>Vous aurez l&rsquo;opportunit\u00e9 d&rsquo;exercer&nbsp;en milieu&nbsp;naturels, urbains, industriels, \u00e9olien, maritime, off shore&#8230; En bref, partout ou la machine et les \u00e9chafaudages montrent leur limites !<\/p>\n\n\n\n<p>Situ\u00e9 \u00e0 Die au pied du Vercors dans la Biovall\u00e9e\u00ae de la Dr\u00f4me, vous vous formerez sur nombres de sites naturels charg\u00e9s d&rsquo;histoire.<\/p>\n\n\n\n<h2 class=\"wp-block-heading\">Calendrier des formations S1\/2021<\/h2>\n\n\n\n<figure class=\"wp-block-image size-large\"><img decoding=\"async\" loading=\"lazy\" width=\"724\" height=\"1024\" src=\"https:\/\/www.salon-escalade.com\/vertical-feed\/wp-content\/uploads\/2021\/02\/1-Dates-de-demarrage-des-formations-du-1-er-semestre-2021-724x1024.png\" alt=\"\" class=\"wp-image-295\" srcset=\"https:\/\/www.salon-escalade.com\/vertical-feed\/wp-content\/uploads\/2021\/02\/1-Dates-de-demarrage-des-formations-du-1-er-semestre-2021-724x1024.png 724w, https:\/\/www.salon-escalade.com\/vertical-feed\/wp-content\/uploads\/2021\/02\/1-Dates-de-demarrage-des-formations-du-1-er-semestre-2021-212x300.png 212w, https:\/\/www.salon-escalade.com\/vertical-feed\/wp-content\/uploads\/2021\/02\/1-Dates-de-demarrage-des-formations-du-1-er-semestre-2021-768x1086.png 768w, https:\/\/www.salon-escalade.com\/vertical-feed\/wp-content\/uploads\/2021\/02\/1-Dates-de-demarrage-des-formations-du-1-er-semestre-2021-1086x1536.png 1086w, https:\/\/www.salon-escalade.com\/vertical-feed\/wp-content\/uploads\/2021\/02\/1-Dates-de-demarrage-des-formations-du-1-er-semestre-2021-1448x2048.png 1448w, https:\/\/www.salon-escalade.com\/vertical-feed\/wp-content\/uploads\/2021\/02\/1-Dates-de-demarrage-des-formations-du-1-er-semestre-2021-1568x2218.png 1568w\" sizes=\"(max-width: 724px) 100vw, 724px\" \/><\/figure>\n\n\n\n<h2 class=\"wp-block-heading\">T\u00e9l\u00e9chargez nos supports de communication<\/h2>\n\n\n\n<div class=\"wp-block-file\"><a href=\"https:\/\/www.salon-escalade.com\/vertical-feed\/wp-content\/uploads\/2021\/02\/Fiche-Formation-CATC.pdf\" class=\"wp-block-file__button\" download>Fiche-Formation-CATC<\/a><\/div>\n\n\n\n<div class=\"wp-block-file\"><a href=\"https:\/\/www.salon-escalade.com\/vertical-feed\/wp-content\/uploads\/2021\/02\/Fiche-Formation-CQP-Niveau-1.pdf\" class=\"wp-block-file__button\" download>Fiche-Formation-CQP-Niveau-1<\/a><\/div>\n\n\n\n<div class=\"wp-block-file\"><a href=\"https:\/\/www.salon-escalade.com\/vertical-feed\/wp-content\/uploads\/2021\/02\/Fiche-Formation-Formateur-Travaux-sur-Cordes.pdf\" class=\"wp-block-file__button\" download>Fiche-Formation-Formateur-Travaux-sur-Cordes<\/a><\/div>\n\n\n\n<div class=\"wp-block-file\"><a href=\"https:\/\/www.salon-escalade.com\/vertical-feed\/wp-content\/uploads\/2021\/02\/Fiche-Formation-Mise-a-jour-Competences-du-Cordiste.pdf\" class=\"wp-block-file__button\" download>Fiche-Formation-Mise-a-jour-Competences-du-Cordiste<\/a><\/div>\n\n\n\n<div class=\"wp-block-file\"><a href=\"https:\/\/www.salon-escalade.com\/vertical-feed\/wp-content\/uploads\/2021\/02\/Fiche-Formation-Ouvrier-du-BTP-Specialise-en-Travaux-sur-Cordes.pdf\" class=\"wp-block-file__button\" download>Fiche-Formation-Ouvrier-du-BTP-Specialise-en-Travaux-sur-Cordes<\/a><\/div>\n<div style=\"margin-top: 0px; margin-bottom: 0px;\" class=\"sharethis-inline-share-buttons\" ><\/div>","protected":false},"excerpt":{"rendered":"<p>Le GRETA VIVA 5 est l&rsquo;organisme de formation \u00e0 l&rsquo;initiative du premier dipl\u00f4me de cordiste enregistr\u00e9 au r\u00e9pertoire national des certifications professionnelles, le CATC : Certification Agent Technicien Cordiste. Nous&hellip; <\/p>\n","protected":false},"author":17,"featured_media":577,"comment_status":"closed","ping_status":"open","sticky":false,"template":"","format":"standard","meta":{"footnotes":""},"categories":[145],"tags":[77],"_links":{"self":[{"href":"https:\/\/www.salon-escalade.com\/vertical-feed\/wp-json\/wp\/v2\/posts\/288"}],"collection":[{"href":"https:\/\/www.salon-escalade.com\/vertical-feed\/wp-json\/wp\/v2\/posts"}],"about":[{"href":"https:\/\/www.salon-escalade.com\/vertical-feed\/wp-json\/wp\/v2\/types\/post"}],"author":[{"embeddable":true,"href":"https:\/\/www.salon-escalade.com\/vertical-feed\/wp-json\/wp\/v2\/users\/17"}],"replies":[{"embeddable":true,"href":"https:\/\/www.salon-escalade.com\/vertical-feed\/wp-json\/wp\/v2\/comments?post=288"}],"version-history":[{"count":5,"href":"https:\/\/www.salon-escalade.com\/vertical-feed\/wp-json\/wp\/v2\/posts\/288\/revisions"}],"predecessor-version":[{"id":516,"href":"https:\/\/www.salon-escalade.com\/vertical-feed\/wp-json\/wp\/v2\/posts\/288\/revisions\/516"}],"wp:featuredmedia":[{"embeddable":true,"href":"https:\/\/www.salon-escalade.com\/vertical-feed\/wp-json\/wp\/v2\/media\/577"}],"wp:attachment":[{"href":"https:\/\/www.salon-escalade.com\/vertical-feed\/wp-json\/wp\/v2\/media?parent=288"}],"wp:term":[{"taxonomy":"category","embeddable":true,"href":"https:\/\/www.salon-escalade.com\/vertical-feed\/wp-json\/wp\/v2\/categories?post=288"},{"taxonomy":"post_tag","embeddable":true,"href":"https:\/\/www.salon-escalade.com\/vertical-feed\/wp-json\/wp\/v2\/tags?post=288"}],"curies":[{"name":"wp","href":"https:\/\/api.w.org\/{rel}","templated":true}]}}