{"id":283,"date":"2021-02-23T10:45:46","date_gmt":"2021-02-23T09:45:46","guid":{"rendered":"https:\/\/www.salon-escalade.com\/vertical-feed\/?p=283"},"modified":"2025-10-03T18:09:51","modified_gmt":"2025-10-03T16:09:51","slug":"un-hiver-sans-remontees-mecaniques-cest-inedit-et-ca-peut-laisser-perplexe","status":"publish","type":"post","link":"https:\/\/www.salon-escalade.com\/vertical-feed\/2021\/02\/23\/un-hiver-sans-remontees-mecaniques-cest-inedit-et-ca-peut-laisser-perplexe\/","title":{"rendered":"Un hiver sans remont\u00e9es m\u00e9caniques, c&rsquo;est in\u00e9dit et \u00e7a peut laisser perplexe !"},"content":{"rendered":"<div style=\"\" class=\"sharethis-inline-share-buttons\" ><\/div>\n<h3 class=\"wp-block-heading has-normal-font-size\">Face aux passionn\u00e9s pr\u00eats \u00e0 gravir les pistes skis \u00e0 l&rsquo;\u00e9paule ou aux familles en qu\u00eate d&rsquo;activit\u00e9s ludiques, les Guides de Montagne se sont faits acteurs dans cette vid\u00e9o qui introduit les nombreuses alternatives au ski alpin.<br>Les skieurs se r\u00e9jouiront de gravir les sommets avec le mat\u00e9riel de randonn\u00e9e, les curieux d\u00e9couvriront avec<br>bonheur la randonn\u00e9e en raquettes ou l&rsquo;alpinisme hivernal, quant aux grimpeurs en manque de r\u00e9sine, rien de tel<br>que de se faire chauffer les bras sur des cascades de glace !<br><\/h3>\n\n\n\n<p>Inviter \u00e0 explorer la montagne sans remont\u00e9es m\u00e9caniques, c&rsquo;est aussi \u00e9voquer le risque et l&rsquo;importance d&rsquo;y \u00e9voluer encadr\u00e9 par un professionnel, ou de se former pour sortir ensuite en autonomie.<br><\/p>\n\n\n\n<p>Pour identifier votre guide <a rel=\"noreferrer noopener\" href=\"https:\/\/www.guides-montagne.org\/guides\" data-type=\"URL\" data-id=\"https:\/\/www.guides-montagne.org\/guides\" target=\"_blank\">c&rsquo;est par ici<\/a>, alors \u00e0 vous de jouer !<\/p>\n\n\n\n<figure class=\"wp-block-embed is-type-video is-provider-youtube wp-block-embed-youtube wp-embed-aspect-16-9 wp-has-aspect-ratio\"><div class=\"wp-block-embed__wrapper\">\n<iframe loading=\"lazy\" title=\"Guides de Montagne | Cet hiver, \u00e9vadez-vous !\" width=\"1110\" height=\"624\" src=\"https:\/\/www.youtube.com\/embed\/jMfAymTEwgg?feature=oembed\" frameborder=\"0\" allow=\"accelerometer; autoplay; clipboard-write; encrypted-media; gyroscope; picture-in-picture\" allowfullscreen><\/iframe>\n<\/div><\/figure>\n<div style=\"margin-top: 0px; margin-bottom: 0px;\" class=\"sharethis-inline-share-buttons\" ><\/div>","protected":false},"excerpt":{"rendered":"<p>Face aux passionn\u00e9s pr\u00eats \u00e0 gravir les pistes skis \u00e0 l&rsquo;\u00e9paule ou aux familles en qu\u00eate d&rsquo;activit\u00e9s ludiques, les Guides de Montagne se sont faits acteurs dans cette vid\u00e9o qui&hellip; <\/p>\n","protected":false},"author":18,"featured_media":579,"comment_status":"closed","ping_status":"open","sticky":false,"template":"","format":"standard","meta":{"footnotes":""},"categories":[530],"tags":[8],"_links":{"self":[{"href":"https:\/\/www.salon-escalade.com\/vertical-feed\/wp-json\/wp\/v2\/posts\/283"}],"collection":[{"href":"https:\/\/www.salon-escalade.com\/vertical-feed\/wp-json\/wp\/v2\/posts"}],"about":[{"href":"https:\/\/www.salon-escalade.com\/vertical-feed\/wp-json\/wp\/v2\/types\/post"}],"author":[{"embeddable":true,"href":"https:\/\/www.salon-escalade.com\/vertical-feed\/wp-json\/wp\/v2\/users\/18"}],"replies":[{"embeddable":true,"href":"https:\/\/www.salon-escalade.com\/vertical-feed\/wp-json\/wp\/v2\/comments?post=283"}],"version-history":[{"count":3,"href":"https:\/\/www.salon-escalade.com\/vertical-feed\/wp-json\/wp\/v2\/posts\/283\/revisions"}],"predecessor-version":[{"id":3135,"href":"https:\/\/www.salon-escalade.com\/vertical-feed\/wp-json\/wp\/v2\/posts\/283\/revisions\/3135"}],"wp:featuredmedia":[{"embeddable":true,"href":"https:\/\/www.salon-escalade.com\/vertical-feed\/wp-json\/wp\/v2\/media\/579"}],"wp:attachment":[{"href":"https:\/\/www.salon-escalade.com\/vertical-feed\/wp-json\/wp\/v2\/media?parent=283"}],"wp:term":[{"taxonomy":"category","embeddable":true,"href":"https:\/\/www.salon-escalade.com\/vertical-feed\/wp-json\/wp\/v2\/categories?post=283"},{"taxonomy":"post_tag","embeddable":true,"href":"https:\/\/www.salon-escalade.com\/vertical-feed\/wp-json\/wp\/v2\/tags?post=283"}],"curies":[{"name":"wp","href":"https:\/\/api.w.org\/{rel}","templated":true}]}}