{"id":2744,"date":"2024-08-19T18:00:00","date_gmt":"2024-08-19T16:00:00","guid":{"rendered":"https:\/\/www.salon-escalade.com\/vertical-feed\/?p=2744"},"modified":"2025-10-03T17:56:39","modified_gmt":"2025-10-03T15:56:39","slug":"concours-photo-de-la-5eme-edition-du-salon-de-lescalade-lescalade-ca-se-partage-%e2%9c%a8","status":"publish","type":"post","link":"https:\/\/www.salon-escalade.com\/vertical-feed\/2024\/08\/19\/concours-photo-de-la-5eme-edition-du-salon-de-lescalade-lescalade-ca-se-partage-%e2%9c%a8\/","title":{"rendered":"Concours photo de la 5\u00e8me \u00e9dition du Salon de l\u2019Escalade : L\u2019Escalade, \u00e7a se partage \u2728"},"content":{"rendered":"<div style=\"\" class=\"sharethis-inline-share-buttons\" ><\/div>\n<p>Cette ann\u00e9e, pour la premi\u00e8re fois, <strong>le Salon de l&rsquo;Escalade organise un concours photo pour mettre en lumi\u00e8re la dimension sociale et f\u00e9d\u00e9ratrice de l&rsquo;escalade.<\/strong><br>Le concours est ouvert \u00e0 tous, chaque participant peut soumettre jusqu\u2019\u00e0 5 photos d\u2019ici le 31 octobre, \u00e0 23h59.<\/p>\n\n\n<div class=\"wp-block-image\">\n<figure class=\"aligncenter size-large is-resized\"><img decoding=\"async\" loading=\"lazy\" width=\"1024\" height=\"1024\" src=\"https:\/\/www.salon-escalade.com\/vertical-feed\/wp-content\/uploads\/2024\/08\/concours-photo-1024x1024.jpg\" alt=\"\" class=\"wp-image-2746\" style=\"aspect-ratio:1;width:398px;height:auto\" srcset=\"https:\/\/www.salon-escalade.com\/vertical-feed\/wp-content\/uploads\/2024\/08\/concours-photo-1024x1024.jpg 1024w, https:\/\/www.salon-escalade.com\/vertical-feed\/wp-content\/uploads\/2024\/08\/concours-photo-300x300.jpg 300w, https:\/\/www.salon-escalade.com\/vertical-feed\/wp-content\/uploads\/2024\/08\/concours-photo-150x150.jpg 150w, https:\/\/www.salon-escalade.com\/vertical-feed\/wp-content\/uploads\/2024\/08\/concours-photo-768x768.jpg 768w, https:\/\/www.salon-escalade.com\/vertical-feed\/wp-content\/uploads\/2024\/08\/concours-photo.jpg 1080w\" sizes=\"(max-width: 1024px) 100vw, 1024px\" \/><\/figure><\/div>\n\n\n<p>4 prix seront d\u00e9cern\u00e9s :<br>\ud83c\udfc6 Le jury s\u00e9lectionnera les 1er, 2\u00e8me et 3\u00e8me prix.<br>\ud83e\udde1 L\u2019\u00e9quipe du Salon de l\u2019Escalade \u00e9lira sa photo Coup de C\u0153ur.<br><br>Les photos laur\u00e9ates seront expos\u00e9es au Salon de l\u2019Escalade et les r\u00e9sultats seront alors annonc\u00e9s le dimanche 12 janvier par les membres du jury.<br><br>\ud83d\udcf7 Si vous \u00eates photographe, envoyez-nous vos photos.<br>\ud83d\udc8e Si vous connaissez un futur laur\u00e9at : partagez-lui l&rsquo;info.<br><br>L&rsquo;\u00e9quipe du Salon &amp; le jury ont h\u00e2te de recevoir vos plus belles images.<br><br>Toutes les infos sur le concours photo sont \u00e0 retrouver ici : <\/p>\n\n\n\n<div class=\"wp-block-buttons is-layout-flex wp-block-buttons-is-layout-flex\">\n<div class=\"wp-block-button has-custom-width wp-block-button__width-50 has-custom-font-size has-small-font-size\"><a class=\"wp-block-button__link has-background has-text-align-center wp-element-button\" style=\"background-color:#890000\">Participer au concours photo <\/a><\/div>\n<\/div>\n\n\n\n<p>A vos clich\u00e9s. Pr\u00eats ? Partez ! \ud83d\udcf7<\/p>\n\n\n\n<p>&#8212;&#8212;&#8212;&#8212;&#8212;&#8212;-<br>Le Salon de l\u2019Escalade aura lieu les 11 et 12 janvier \u00e0 Paris Expo Porte de Versailles. Cette \u00e9dition pleine d\u2019ambitions vient avec ses nouveaut\u00e9s, le concours photo en est une.<br>Pour le soutenir : contactez-nous (DM ou depuis notre site)<\/p>\n<div style=\"margin-top: 0px; margin-bottom: 0px;\" class=\"sharethis-inline-share-buttons\" ><\/div>","protected":false},"excerpt":{"rendered":"<p>Cette ann\u00e9e, pour la premi\u00e8re fois, le Salon de l&rsquo;Escalade organise un concours photo pour mettre en lumi\u00e8re la dimension sociale et f\u00e9d\u00e9ratrice de l&rsquo;escalade.<\/p>\n","protected":false},"author":95,"featured_media":2745,"comment_status":"closed","ping_status":"open","sticky":false,"template":"","format":"standard","meta":{"footnotes":""},"categories":[527,154],"tags":[26,354],"_links":{"self":[{"href":"https:\/\/www.salon-escalade.com\/vertical-feed\/wp-json\/wp\/v2\/posts\/2744"}],"collection":[{"href":"https:\/\/www.salon-escalade.com\/vertical-feed\/wp-json\/wp\/v2\/posts"}],"about":[{"href":"https:\/\/www.salon-escalade.com\/vertical-feed\/wp-json\/wp\/v2\/types\/post"}],"author":[{"embeddable":true,"href":"https:\/\/www.salon-escalade.com\/vertical-feed\/wp-json\/wp\/v2\/users\/95"}],"replies":[{"embeddable":true,"href":"https:\/\/www.salon-escalade.com\/vertical-feed\/wp-json\/wp\/v2\/comments?post=2744"}],"version-history":[{"count":2,"href":"https:\/\/www.salon-escalade.com\/vertical-feed\/wp-json\/wp\/v2\/posts\/2744\/revisions"}],"predecessor-version":[{"id":2748,"href":"https:\/\/www.salon-escalade.com\/vertical-feed\/wp-json\/wp\/v2\/posts\/2744\/revisions\/2748"}],"wp:featuredmedia":[{"embeddable":true,"href":"https:\/\/www.salon-escalade.com\/vertical-feed\/wp-json\/wp\/v2\/media\/2745"}],"wp:attachment":[{"href":"https:\/\/www.salon-escalade.com\/vertical-feed\/wp-json\/wp\/v2\/media?parent=2744"}],"wp:term":[{"taxonomy":"category","embeddable":true,"href":"https:\/\/www.salon-escalade.com\/vertical-feed\/wp-json\/wp\/v2\/categories?post=2744"},{"taxonomy":"post_tag","embeddable":true,"href":"https:\/\/www.salon-escalade.com\/vertical-feed\/wp-json\/wp\/v2\/tags?post=2744"}],"curies":[{"name":"wp","href":"https:\/\/api.w.org\/{rel}","templated":true}]}}