{"id":2682,"date":"2024-07-04T10:52:07","date_gmt":"2024-07-04T08:52:07","guid":{"rendered":"https:\/\/www.salon-escalade.com\/vertical-feed\/?p=2682"},"modified":"2025-09-05T11:31:03","modified_gmt":"2025-09-05T09:31:03","slug":"co-exposer-village-de-createurs","status":"publish","type":"post","link":"https:\/\/www.salon-escalade.com\/vertical-feed\/2024\/07\/04\/co-exposer-village-de-createurs\/","title":{"rendered":"[Initiative] Des cr\u00e9ateurs se rassemblent pour co-exposer : rejoignez-les !"},"content":{"rendered":"<div style=\"\" class=\"sharethis-inline-share-buttons\" ><\/div>\n<p><em>Tamara Fritz, de Monkey TV Show est l\u2019instigatrice de ce Village de Cr\u00e9ateurs. Elle rassemble les cr\u00e9ateurs &amp; artisans du milieu de la verticalit\u00e9 pour r\u00e9duire les frais li\u00e9s au stand. L\u2019id\u00e9e\u00a0? Co-exposer pour permettre \u00e0 des cr\u00e9ateurs \u00e0 moindre budget d\u2019\u00eatre pr\u00e9sent au Salon.<\/em><\/p>\n\n\n\n<p>Tamara vous explique les tenants &amp; aboutissants du projet juste ici : <\/p>\n\n\n\n<div class=\"wp-block-buttons is-content-justification-center is-layout-flex wp-container-1 wp-block-buttons-is-layout-flex\">\n<div class=\"wp-block-button has-custom-width wp-block-button__width-25 has-custom-font-size has-small-font-size\"><a class=\"wp-block-button__link has-background wp-element-button\" href=\"https:\/\/www.instagram.com\/reel\/C7WKPTttlVp\/?utm_source=ig_web_copy_link&amp;igsh=MzRlODBiNWFlZA==\" style=\"background-color:#890000\">D\u00e9couvrir l&rsquo;initiative<\/a><\/div>\n<\/div>\n\n\n<div class=\"wp-block-image\">\n<figure class=\"aligncenter size-large is-resized\"><img decoding=\"async\" loading=\"lazy\" width=\"1024\" height=\"683\" src=\"https:\/\/www.salon-escalade.com\/vertical-feed\/wp-content\/uploads\/2024\/07\/salon_jean-francismassat_29092023_021-1024x683.jpg\" alt=\"\" class=\"wp-image-2686\" style=\"aspect-ratio:1.499267935578331;width:528px;height:auto\" srcset=\"https:\/\/www.salon-escalade.com\/vertical-feed\/wp-content\/uploads\/2024\/07\/salon_jean-francismassat_29092023_021-1024x683.jpg 1024w, https:\/\/www.salon-escalade.com\/vertical-feed\/wp-content\/uploads\/2024\/07\/salon_jean-francismassat_29092023_021-300x200.jpg 300w, https:\/\/www.salon-escalade.com\/vertical-feed\/wp-content\/uploads\/2024\/07\/salon_jean-francismassat_29092023_021-768x512.jpg 768w, https:\/\/www.salon-escalade.com\/vertical-feed\/wp-content\/uploads\/2024\/07\/salon_jean-francismassat_29092023_021-1536x1024.jpg 1536w, https:\/\/www.salon-escalade.com\/vertical-feed\/wp-content\/uploads\/2024\/07\/salon_jean-francismassat_29092023_021-2048x1365.jpg 2048w\" sizes=\"(max-width: 1024px) 100vw, 1024px\" \/><\/figure><\/div>\n\n\n<p>Et si vous avez d&rsquo;autres id\u00e9es pour rassembler d&rsquo;autres acteurs du milieu de la Verticalit\u00e9, <a href=\"https:\/\/www.salon-escalade.com\/contact\/\">faites-nous signe !<\/a> Apr\u00e8s le village des cr\u00e9ateurs, pourquoi pas un bureau des sports qui rallierait les moniteurs &amp; guides\u00a0? Peut-\u00eatre que d\u2019autres initiatives peuvent na\u00eetre\u00a0?\u00a0<\/p>\n\n\n\n<h2 class=\"wp-block-heading\">Co-exposer au Salon de l&rsquo;Escalade<\/h2>\n\n\n\n<p>Propos\u00e9e et appliqu\u00e9e depuis la toute premi\u00e8re \u00e9dition, l&rsquo;op\u00e9ration consiste tout simplement \u00e0 mutualiser un Stand. Trouvez l&rsquo;\u00e9quipe, la marque ou l&rsquo;organisation qui matche avec la v\u00f4tre et embarquez vos visiteurs respectifs dans votre univers commun.<\/p>\n\n\n\n<p><strong>\u2714\ufe0f B\u00e9n\u00e9ficiez d\u2019une meilleure visibilit\u00e9 pour pr\u00e9senter vos produits\/services<\/strong><\/p>\n\n\n\n<p><strong>\u2714\ufe0f Amplifiez votre impact aupr\u00e8s de vos communaut\u00e9s respectives de visiteurs<\/strong><\/p>\n\n\n\n<p><strong>\u2714\ufe0f R\u00e9duisez vos co\u00fbts logistiques et les ressources humaines \u00e0 mobiliser<\/strong><\/p>\n\n\n\n<p>\u2728<em><strong>La suggestion marketing<\/strong><\/em>\u00a0: profitez de cette collaboration pour cr\u00e9er un \u00e9v\u00e9nement dans l&rsquo;\u00e9v\u00e9nement \u00e0 l\u2019image de la collaboration des marques bleausardes lors de la premi\u00e8re \u00e9dition du Salon de l&rsquo;Escalade \u00e0 Lyon (cf. photo ci-dessous).<\/p>\n\n\n\n<p>Un exemple : regroupez [Office de Tourisme + H\u00e9bergeur + Festival + Moniteurs] en faveur d&rsquo;une destination pour permettre aux Visiteurs de r\u00e9server leurs prochaines vacances sportives clef-en-mai. Le jour J, vantez les atouts et le patrimoine de votre terroir.\u00a0<\/p>\n\n\n\n<p><em>Destination Bretagne ? Il faut que \u00e7a respire les embruns de Pen-Hir ou Kerlouan, le beurre sal\u00e9 et le cidre !<\/em><\/p>\n\n\n\n<p>Pour r\u00e9sumer, Co-exposez : vous avez tout \u00e0 y gagner !<\/p>\n\n\n<div class=\"wp-block-image\">\n<figure class=\"aligncenter size-large is-resized\"><img decoding=\"async\" loading=\"lazy\" width=\"1024\" height=\"683\" src=\"https:\/\/www.salon-escalade.com\/vertical-feed\/wp-content\/uploads\/2024\/07\/6630c789319c1b30773f0344-1024x683.jpg\" alt=\"\" class=\"wp-image-2683\" style=\"aspect-ratio:1.499267935578331;width:603px;height:auto\" srcset=\"https:\/\/www.salon-escalade.com\/vertical-feed\/wp-content\/uploads\/2024\/07\/6630c789319c1b30773f0344-1024x683.jpg 1024w, https:\/\/www.salon-escalade.com\/vertical-feed\/wp-content\/uploads\/2024\/07\/6630c789319c1b30773f0344-300x200.jpg 300w, https:\/\/www.salon-escalade.com\/vertical-feed\/wp-content\/uploads\/2024\/07\/6630c789319c1b30773f0344-768x512.jpg 768w, https:\/\/www.salon-escalade.com\/vertical-feed\/wp-content\/uploads\/2024\/07\/6630c789319c1b30773f0344-1536x1024.jpg 1536w, https:\/\/www.salon-escalade.com\/vertical-feed\/wp-content\/uploads\/2024\/07\/6630c789319c1b30773f0344.jpg 1620w\" sizes=\"(max-width: 1024px) 100vw, 1024px\" \/><figcaption class=\"wp-element-caption\">Le somptueux Stand 2019 r\u00e9unissant\u00a0<em>Blozone<\/em>,\u00a0<em>Bleausard<\/em>\u00a0et le\u00a0<em>Camping \u00cele-de-Boulancourt<\/em>\u00a0:<br>un condens\u00e9 de &lsquo;Bleau&rsquo; particuli\u00e8rement r\u00e9ussi sign\u00e9 Thierry Vasseur \u00a9 Damien Largeron\u00a0<\/figcaption><\/figure><\/div><div style=\"margin-top: 0px; margin-bottom: 0px;\" class=\"sharethis-inline-share-buttons\" ><\/div>","protected":false},"excerpt":{"rendered":"<p>Tamara Fritz, de Monkey TV Show est l\u2019instigatrice de ce Village de Cr\u00e9ateurs. Elle rassemble les cr\u00e9ateurs &#038; artisans du milieu de la verticalit\u00e9 pour r\u00e9duire les frais li\u00e9s au stand. L\u2019id\u00e9e ? Co-exposer pour permettre \u00e0 des cr\u00e9ateurs \u00e0 moindre budget d\u2019\u00eatre pr\u00e9sent au Salon.<\/p>\n","protected":false},"author":95,"featured_media":2684,"comment_status":"closed","ping_status":"open","sticky":false,"template":"","format":"standard","meta":{"footnotes":""},"categories":[529,525],"tags":[354],"_links":{"self":[{"href":"https:\/\/www.salon-escalade.com\/vertical-feed\/wp-json\/wp\/v2\/posts\/2682"}],"collection":[{"href":"https:\/\/www.salon-escalade.com\/vertical-feed\/wp-json\/wp\/v2\/posts"}],"about":[{"href":"https:\/\/www.salon-escalade.com\/vertical-feed\/wp-json\/wp\/v2\/types\/post"}],"author":[{"embeddable":true,"href":"https:\/\/www.salon-escalade.com\/vertical-feed\/wp-json\/wp\/v2\/users\/95"}],"replies":[{"embeddable":true,"href":"https:\/\/www.salon-escalade.com\/vertical-feed\/wp-json\/wp\/v2\/comments?post=2682"}],"version-history":[{"count":3,"href":"https:\/\/www.salon-escalade.com\/vertical-feed\/wp-json\/wp\/v2\/posts\/2682\/revisions"}],"predecessor-version":[{"id":2689,"href":"https:\/\/www.salon-escalade.com\/vertical-feed\/wp-json\/wp\/v2\/posts\/2682\/revisions\/2689"}],"wp:featuredmedia":[{"embeddable":true,"href":"https:\/\/www.salon-escalade.com\/vertical-feed\/wp-json\/wp\/v2\/media\/2684"}],"wp:attachment":[{"href":"https:\/\/www.salon-escalade.com\/vertical-feed\/wp-json\/wp\/v2\/media?parent=2682"}],"wp:term":[{"taxonomy":"category","embeddable":true,"href":"https:\/\/www.salon-escalade.com\/vertical-feed\/wp-json\/wp\/v2\/categories?post=2682"},{"taxonomy":"post_tag","embeddable":true,"href":"https:\/\/www.salon-escalade.com\/vertical-feed\/wp-json\/wp\/v2\/tags?post=2682"}],"curies":[{"name":"wp","href":"https:\/\/api.w.org\/{rel}","templated":true}]}}