{"id":2674,"date":"2024-07-03T07:56:00","date_gmt":"2024-07-03T05:56:00","guid":{"rendered":"https:\/\/www.salon-escalade.com\/vertical-feed\/?p=2674"},"modified":"2025-09-05T11:31:26","modified_gmt":"2025-09-05T09:31:26","slug":"rgentec-des-soins-naturels-safe-et-100-francais","status":"publish","type":"post","link":"https:\/\/www.salon-escalade.com\/vertical-feed\/2024\/07\/03\/rgentec-des-soins-naturels-safe-et-100-francais\/","title":{"rendered":"RGENtec\u00a0: des soins naturels, safe et 100% fran\u00e7ais"},"content":{"rendered":"<div style=\"\" class=\"sharethis-inline-share-buttons\" ><\/div>\n<h4 class=\"wp-block-heading\">Des Produits \u00c9co-Con\u00e7us et Naturels<\/h4>\n\n\n\n<p>Les produits RGENtec\u00ae, \u00e9co-con\u00e7us, se distinguent par leur engagement envers la nature et la qualit\u00e9. Compos\u00e9s de 95% d\u2019ingr\u00e9dients d\u2019origine naturelle, ils offrent donc une alternative saine et durable.<\/p>\n\n\n\n<h4 class=\"wp-block-heading\">Un savoir-faire fran\u00e7ais \u00e0 l\u2019honneur<\/h4>\n\n\n\n<p>D\u00e9velopp\u00e9s par la biotech fran\u00e7aise OTR3, avec un actif brevet\u00e9 issu de 30ans de recherche scientifique fran\u00e7aise, les produits RGENtec\u00ae sont invent\u00e9s, con\u00e7us et produits en France. Ces soins incarnent le savoir-faire et l\u2019innovation fran\u00e7aise en mati\u00e8re de biotechnologie et de r\u00e9g\u00e9n\u00e9ration de la peau.<\/p>\n\n\n\n<h4 class=\"wp-block-heading\">Une s\u00e9curit\u00e9 prouv\u00e9e par l\u2019application Yuka<\/h4>\n\n\n\n<p>La s\u00e9curit\u00e9 des utilisateurs est une priorit\u00e9 absolue pour RGENtec\u00ae. Les ingr\u00e9dients pr\u00e9sents dans les produits ont \u00e9t\u00e9s test\u00e9s sur l\u2019application Yuka. Utilis\u00e9e par 21 millions d\u2019utilisateurs, elle permet de scanner des produits cosm\u00e9tiques pour connaitre leurs ingr\u00e9dients, \u00e9valuer leur danger et leur impact sur la sant\u00e9.<br>Les r\u00e9sultats obtenus par RGENtec\u00ae sur cette application lors de la simulation est de 100\/100, un score parfait, prouvant l&rsquo;absence totale de substances dangereuses. Cette note exceptionnelle assure aux consommateurs des produits sains, exempts de tout danger pour leur sant\u00e9.<\/p>\n\n\n<div class=\"wp-block-image\">\n<figure class=\"aligncenter size-large is-resized\"><img decoding=\"async\" loading=\"lazy\" width=\"1024\" height=\"1024\" src=\"https:\/\/www.salon-escalade.com\/vertical-feed\/wp-content\/uploads\/2024\/07\/37-5-1024x1024.jpg\" alt=\"\" class=\"wp-image-2676\" style=\"aspect-ratio:1;width:617px;height:auto\" srcset=\"https:\/\/www.salon-escalade.com\/vertical-feed\/wp-content\/uploads\/2024\/07\/37-5-1024x1024.jpg 1024w, https:\/\/www.salon-escalade.com\/vertical-feed\/wp-content\/uploads\/2024\/07\/37-5-300x300.jpg 300w, https:\/\/www.salon-escalade.com\/vertical-feed\/wp-content\/uploads\/2024\/07\/37-5-150x150.jpg 150w, https:\/\/www.salon-escalade.com\/vertical-feed\/wp-content\/uploads\/2024\/07\/37-5-768x768.jpg 768w, https:\/\/www.salon-escalade.com\/vertical-feed\/wp-content\/uploads\/2024\/07\/37-5.jpg 1080w\" sizes=\"(max-width: 1024px) 100vw, 1024px\" \/><\/figure><\/div>\n\n\n<h4 class=\"wp-block-heading\">Quelques t\u00e9moignages de grimpeurs&nbsp;:<\/h4>\n\n\n\n<p><strong>Emilien ALLAN<\/strong> \u2013 <em>Guide de haute-montagne, instructeur en secours en montagne<\/em><\/p>\n\n\n\n<p>\u00ab\u00a0J\u2019ai utilis\u00e9 le After Sport Ritual d\u00e8s le d\u00e9but d\u2019un grand cycle d\u2019escalade, en phase d\u2019entra\u00eenement. R\u00e9sultat tr\u00e8s int\u00e9ressant voire bluffant, j\u2019ai \u00e9t\u00e9 tr\u00e8s \u00e9tonn\u00e9 et agr\u00e9ablement surpris de l\u2019efficacit\u00e9 de la cr\u00e8me sur la r\u00e9g\u00e9n\u00e9ration de la peau de mes doigts. Je ne m\u2019attendais clairement pas \u00e0 un tel effet ni aussi vite.\u00a0\u00bb<\/p>\n\n\n\n<p><strong>David RASTOUIL<\/strong> \u2013 <em>Cadre au CNISAG Chamonix, ancien champion d\u2019escalade sportive<\/em><\/p>\n\n\n\n<p>\u00ab\u00a0J\u2019ai \u00e9t\u00e9 bluff\u00e9 dans un premier temps par la vitesse d\u2019absorption de ma peau du produit et le fait qu\u2019il n\u2019y ait pratiquement pas de r\u00e9siduel gras. C\u2019est vraiment ce qui m\u2019a convaincu de l\u2019utiliser apr\u00e8s chaque s\u00e9ance de grimpe. Je suis convaincu de l\u2019efficacit\u00e9 du produit, la r\u00e9g\u00e9n\u00e9ration de mes tissus palmaires a \u00e9t\u00e9 acc\u00e9l\u00e9r\u00e9e. Bravo \u00e0 vous pour l\u2019\u00e9laboration des produits RGENtec.\u00a0\u00bb<\/p>\n\n\n\n<p><strong>Benjamin<\/strong> \u2013 <em>Fondateur de The Climbing Box, Ecole d\u2019escalade outdoor<\/em><\/p>\n\n\n\n<p>\u00ab\u00a0Nos ouvreurs de voie d\u2019escalade, dont la peau est mise \u00e0 rude \u00e9preuve par la rugosit\u00e9 des prises, en sont ravis. Surtout lors des semaines o\u00f9 les journ\u00e9es de grimpe s\u2019encha\u00eenent \u2026 Apaisement et r\u00e9g\u00e9n\u00e9ration au top !\u00a0\u00bb<\/p>\n\n\n\n<p><strong>Edwin GAUFRES<\/strong> \u2013 <em>Kin\u00e9sith\u00e9rapeute, champion d\u2019Europe militaire d\u2019escalade 2023<\/em><\/p>\n\n\n\n<p>\u00ab J&rsquo;ai trouv\u00e9 cette cr\u00e8me tr\u00e8s efficace pour acc\u00e9l\u00e9rer la cicatrisation de ma peau et pr\u00e9venir le risque de crevasse. En escalade, avec l&rsquo;abrasion, les coupures, la magn\u00e9sie qui s&rsquo;infiltre, la qualit\u00e9 de la peau peut vite devenir un facteur limitant. Je suis aussi kin\u00e9 et j&rsquo;ai besoin de mes mains tous les jours. un bon entretien de ma peau est indispensable. La cr\u00e8me RGENtec soulage mes douleurs au doigts et acc\u00e9l\u00e8re la r\u00e9cup\u00e9ration de mes mains. L&rsquo;autre avantage par rapport \u00e0 d&rsquo;autres cr\u00e8mes cicatrisantes que j&rsquo;avais utilis\u00e9 auparavant est la rapidit\u00e9 d\u2019absorption et le fait qu\u2019il n\u2019y ait aucun film gras sur la peau apr\u00e8s quelques minutes. Je peux donc plus rapidement r\u00e9utiliser mes mains! \u00bb <\/p>\n\n\n\n<p class=\"has-text-align-center\"><strong>Derni\u00e8re ligne droite pour retrouver les produits RGENtec en avant-premi\u00e8re : <a href=\"https:\/\/fr.ulule.com\/rgentec-cosmetique-sportive\/\">https:\/\/fr.ulule.com\/rgentec-cosmetique-sportive\/<\/a><\/strong><\/p>\n<div style=\"margin-top: 0px; margin-bottom: 0px;\" class=\"sharethis-inline-share-buttons\" ><\/div>","protected":false},"excerpt":{"rendered":"<p>Des Produits \u00c9co-Con\u00e7us et Naturels Les produits RGENtec\u00ae, \u00e9co-con\u00e7us, se distinguent par leur engagement envers la nature et la qualit\u00e9. Compos\u00e9s de 95% d\u2019ingr\u00e9dients d\u2019origine naturelle, ils offrent donc une&hellip; <\/p>\n","protected":false},"author":97,"featured_media":2678,"comment_status":"closed","ping_status":"open","sticky":false,"template":"","format":"standard","meta":{"footnotes":""},"categories":[529],"tags":[26],"_links":{"self":[{"href":"https:\/\/www.salon-escalade.com\/vertical-feed\/wp-json\/wp\/v2\/posts\/2674"}],"collection":[{"href":"https:\/\/www.salon-escalade.com\/vertical-feed\/wp-json\/wp\/v2\/posts"}],"about":[{"href":"https:\/\/www.salon-escalade.com\/vertical-feed\/wp-json\/wp\/v2\/types\/post"}],"author":[{"embeddable":true,"href":"https:\/\/www.salon-escalade.com\/vertical-feed\/wp-json\/wp\/v2\/users\/97"}],"replies":[{"embeddable":true,"href":"https:\/\/www.salon-escalade.com\/vertical-feed\/wp-json\/wp\/v2\/comments?post=2674"}],"version-history":[{"count":2,"href":"https:\/\/www.salon-escalade.com\/vertical-feed\/wp-json\/wp\/v2\/posts\/2674\/revisions"}],"predecessor-version":[{"id":2680,"href":"https:\/\/www.salon-escalade.com\/vertical-feed\/wp-json\/wp\/v2\/posts\/2674\/revisions\/2680"}],"wp:featuredmedia":[{"embeddable":true,"href":"https:\/\/www.salon-escalade.com\/vertical-feed\/wp-json\/wp\/v2\/media\/2678"}],"wp:attachment":[{"href":"https:\/\/www.salon-escalade.com\/vertical-feed\/wp-json\/wp\/v2\/media?parent=2674"}],"wp:term":[{"taxonomy":"category","embeddable":true,"href":"https:\/\/www.salon-escalade.com\/vertical-feed\/wp-json\/wp\/v2\/categories?post=2674"},{"taxonomy":"post_tag","embeddable":true,"href":"https:\/\/www.salon-escalade.com\/vertical-feed\/wp-json\/wp\/v2\/tags?post=2674"}],"curies":[{"name":"wp","href":"https:\/\/api.w.org\/{rel}","templated":true}]}}