{"id":2650,"date":"2024-06-27T07:55:00","date_gmt":"2024-06-27T05:55:00","guid":{"rendered":"https:\/\/www.salon-escalade.com\/vertical-feed\/?p=2650"},"modified":"2025-10-03T18:12:24","modified_gmt":"2025-10-03T16:12:24","slug":"para-escalade-france","status":"publish","type":"post","link":"https:\/\/www.salon-escalade.com\/vertical-feed\/2024\/06\/27\/para-escalade-france\/","title":{"rendered":"La para-escalade prend la hauteur qu&rsquo;elle m\u00e9rite !"},"content":{"rendered":"<div style=\"\" class=\"sharethis-inline-share-buttons\" ><\/div>\n<p><em>La Coupe du Monde de para-escalade \u00e0 Innsbruck s\u2019ach\u00e8ve. Sur cette \u00e9tape, 15 grimpeurs et grimpeuses fran\u00e7ais.es ont pris le d\u00e9part et pour beaucoup : c\u2019\u00e9tait une grande premi\u00e8re sur la sc\u00e8ne internationale.<\/em> <em>Sur cette \u00e9tape, Aristotelis Liontos \u2013 entra\u00eeneur national de l\u2019\u00e9quipe de France para-escalade \u2013 a \u00e9largi la s\u00e9lection. Cette d\u00e9cision suit le plan de d\u00e9veloppement et de structuration de la para-escalade mis en place par la FFME et pilot\u00e9 par H\u00e9l\u00e8ne Le Rouge, CTN r\u00e9f\u00e9rente en para-escalade.<\/em><\/p>\n\n\n\n<p>Pour une discipline o\u00f9 tout reste \u00e0 faire, cette d\u00e9cision semble ne concerner qu\u2019une infime poign\u00e9e de grimpeurs. Pourtant, il s\u2019agit d\u2019un \u00e9l\u00e9ment qui a toute son importance dans un \u00e9cosyst\u00e8me complexe.<\/p>\n\n\n<div class=\"wp-block-image\">\n<figure class=\"aligncenter size-large is-resized\"><img decoding=\"async\" loading=\"lazy\" width=\"1024\" height=\"768\" src=\"https:\/\/www.salon-escalade.com\/vertical-feed\/wp-content\/uploads\/2024\/06\/d0683b8c-e985-4bf3-96dd-2079fccbe816-1024x768.jpg\" alt=\"\" class=\"wp-image-2658\" style=\"aspect-ratio:1.3333333333333333;width:365px;height:auto\" srcset=\"https:\/\/www.salon-escalade.com\/vertical-feed\/wp-content\/uploads\/2024\/06\/d0683b8c-e985-4bf3-96dd-2079fccbe816-1024x768.jpg 1024w, https:\/\/www.salon-escalade.com\/vertical-feed\/wp-content\/uploads\/2024\/06\/d0683b8c-e985-4bf3-96dd-2079fccbe816-300x225.jpg 300w, https:\/\/www.salon-escalade.com\/vertical-feed\/wp-content\/uploads\/2024\/06\/d0683b8c-e985-4bf3-96dd-2079fccbe816-768x576.jpg 768w, https:\/\/www.salon-escalade.com\/vertical-feed\/wp-content\/uploads\/2024\/06\/d0683b8c-e985-4bf3-96dd-2079fccbe816-1536x1152.jpg 1536w, https:\/\/www.salon-escalade.com\/vertical-feed\/wp-content\/uploads\/2024\/06\/d0683b8c-e985-4bf3-96dd-2079fccbe816-136x102.jpg 136w, https:\/\/www.salon-escalade.com\/vertical-feed\/wp-content\/uploads\/2024\/06\/d0683b8c-e985-4bf3-96dd-2079fccbe816.jpg 2048w\" sizes=\"(max-width: 1024px) 100vw, 1024px\" \/><\/figure><\/div>\n\n\n<h2 class=\"wp-block-heading\">Comp\u00e9tition et haut-niveau&nbsp;: vers une professionnalisation de la discipline.<\/h2>\n\n\n\n<p>La structuration du haut-niveau est un axe \u00e0 part enti\u00e8re du plan de d\u00e9veloppement de la para-escalade en France. <strong>Pourquoi se focaliser sur le petit bassin du haut-niveau alors que tout reste \u00e0 faire&nbsp;?<\/strong><\/p>\n\n\n\n<ul>\n<li>Parce que la comp\u00e9tition, notamment sur la sc\u00e8ne internationale est un facteur de visibilit\u00e9 non-n\u00e9gligeable, duquel la discipline a besoin pour s\u2019ouvrir au plus grand nombre.<\/li>\n\n\n\n<li>Parce que la proposition du Comit\u00e9 d\u2019Organisation d\u2019int\u00e9grer la para-escalade aux Jeux Paralympiques de Los Angeles 2028 ouvre des perspectives et que l\u2019int\u00e9gration de la discipline aux Jeux agira comme un booster&nbsp;: plus de visibilit\u00e9, plus de m\u00e9diatisation, plus de grimpeurs.<\/li>\n<\/ul>\n\n\n\n<p>Et pour \u00e7a, le niveau de performance fran\u00e7ais doit s\u2019\u00e9lever&nbsp;: pour inspirer, pour montrer la voie, pour faire na\u00eetre quelques vocations, pour donner de la visibilit\u00e9 \u00e0 la discipline.<\/p>\n\n\n\n<p>Aujourd\u2019hui, la France est la 2<sup>\u00e8me<\/sup> nation en nombre de m\u00e9dailles sur la discipline, derri\u00e8re les Etats-Unis. Pourtant la discipline est r\u00e9cente et la s\u00e9lection pour l\u2019Equipe de France \u2013 notamment pour participer aux \u00e9tapes de Coupes du Monde aux Etats-Unis &#8211; est restreinte.&nbsp;<\/p>\n\n\n\n<p>Alors, pour que les athl\u00e8tes puissent prendre la temp\u00e9rature du niveau international, comprendre les exigences et les rouages du sport de haut-niveau, s\u2019en impr\u00e9gner et id\u00e9alement, y prendre go\u00fbt&nbsp;: Aristotelis a \u00e9largi la s\u00e9lection en emmenant sur l\u2019\u00e9tape d\u2019Innsbruck les vice-champions de France en titre (<em>en plus des champions de France)<\/em>.<\/p>\n\n\n\n<p>Aujourd&rsquo;hui, le circuit en para-escalade&nbsp;est compos\u00e9 d\u2019une unique comp\u00e9tition officielle par saison, o\u00f9 certaines cat\u00e9gories ne sont pas suffisamment repr\u00e9sent\u00e9es pour pouvoir sacrer des champions et championnes de France. Ce manque de participants et participantes vient en partie du fait que le bassin de grimpeurs est petit.<\/p>\n\n\n\n<p>Ceci-dit, pour augmenter le nombre de pratiquants, encore faut-il pouvoir accueillir ce public et ses sp\u00e9cificit\u00e9s. &nbsp;<\/p>\n\n\n<div class=\"wp-block-image\">\n<figure class=\"aligncenter size-large is-resized\"><img decoding=\"async\" loading=\"lazy\" width=\"1024\" height=\"940\" src=\"https:\/\/www.salon-escalade.com\/vertical-feed\/wp-content\/uploads\/2024\/06\/FFME-Para-Escalade-Ch-du-Monde-Bern-111-1024x940.jpg\" alt=\"\" class=\"wp-image-2651\" style=\"aspect-ratio:1.0893617021276596;width:417px;height:auto\" srcset=\"https:\/\/www.salon-escalade.com\/vertical-feed\/wp-content\/uploads\/2024\/06\/FFME-Para-Escalade-Ch-du-Monde-Bern-111-1024x940.jpg 1024w, https:\/\/www.salon-escalade.com\/vertical-feed\/wp-content\/uploads\/2024\/06\/FFME-Para-Escalade-Ch-du-Monde-Bern-111-300x275.jpg 300w, https:\/\/www.salon-escalade.com\/vertical-feed\/wp-content\/uploads\/2024\/06\/FFME-Para-Escalade-Ch-du-Monde-Bern-111-768x705.jpg 768w, https:\/\/www.salon-escalade.com\/vertical-feed\/wp-content\/uploads\/2024\/06\/FFME-Para-Escalade-Ch-du-Monde-Bern-111-1536x1410.jpg 1536w, https:\/\/www.salon-escalade.com\/vertical-feed\/wp-content\/uploads\/2024\/06\/FFME-Para-Escalade-Ch-du-Monde-Bern-111-2048x1880.jpg 2048w\" sizes=\"(max-width: 1024px) 100vw, 1024px\" \/><\/figure><\/div>\n\n\n<h2 class=\"wp-block-heading\">Accompagner les clubs pour d\u00e9velopper leur capacit\u00e9 d\u2019accueil.<\/h2>\n\n\n\n<p>Les clubs qui accueillent les publics en situation de handicap sont r\u00e9f\u00e9renc\u00e9s sur le Handi-Guide : une carte interactive \u2013 cr\u00e9\u00e9e par le Minist\u00e8re des Sports et des Jeux Olympiques &amp; Paralympiques &#8211; qui permet de trouver une structure adapt\u00e9e pour chaque handicap et ses sp\u00e9cificit\u00e9s.<\/p>\n\n\n\n<div class=\"wp-block-buttons has-custom-font-size has-small-font-size is-layout-flex wp-block-buttons-is-layout-flex\">\n<div class=\"wp-block-button has-custom-font-size has-small-font-size\"><a class=\"wp-block-button__link has-background wp-element-button\" href=\"https:\/\/www.handiguide.sports.gouv.fr\/\" style=\"background-color:#890000\">D\u00e9couvrir le Handi-Guide<\/a><\/div>\n<\/div>\n\n\n\n<p>En 2 ans, le nombre de clubs r\u00e9f\u00e9renc\u00e9s a tripl\u00e9 (22 en 2022 contre 90 en 2024).&nbsp;<\/p>\n\n\n\n<p>Pour les structures qui ne sont pas r\u00e9f\u00e9renc\u00e9es, ce n\u2019est pas du manque de volont\u00e9, il s&rsquo;agit plut\u00f4t d\u2019un manque de ressources&nbsp;: &nbsp;<\/p>\n\n\n\n<ul>\n<li>Mat\u00e9rielles&nbsp;: mat\u00e9riel ou structure, certains handicaps ont des besoins sp\u00e9cifiques. (des structures pas ou peu d\u00e9versantes, par exemple)<\/li>\n<\/ul>\n\n\n\n<p><em>En termes de mat\u00e9riel, le <a href=\"https:\/\/www.footingvertical.com\/\">Footing Vertical<\/a> des Fr\u00e8res Mawem va rendre la discipline encore un peu plus accessible. Ce dispositif sera pr\u00e9sent\u00e9 lors du Club France 2024 et on a aucun doute sur le succ\u00e8s de cette innovation.<\/em><\/p>\n\n\n\n<ul>\n<li>Temporelles&nbsp;: on conna\u00eet tous les gymnases de clubs et dans certains cas, le cours de basket en m\u00eame temps que l\u2019escalade : \u00e7a ne marche pas dans tous les cas&nbsp;!<\/li>\n\n\n\n<li>Humaines&nbsp;: des ouvertures adapt\u00e9es et des s\u00e9ances d\u2019escalade pertinentes, \u00e7a ne s\u2019improvise pas.<\/li>\n<\/ul>\n\n\n\n<ul>\n<li>Formation Initiateur SAE (Structure Artificielle d\u2019Escalade) &amp; Handicap&nbsp; (prochaine formation du 26 au 29\/09)<\/li>\n\n\n\n<li>Formations b\u00e9n\u00e9voles du Comit\u00e9 Paralympique et Sportif Fran\u00e7ais<\/li>\n<\/ul>\n\n\n\n<p>Malgr\u00e9 un int\u00e9r\u00eat croissant pour la discipline, tant du c\u00f4t\u00e9 des clubs que des pratiquants, l\u2019accueil des publics en situation de handicap ne se fait pas jour au lendemain.<\/p>\n\n\n\n<p>Des temps d\u2019\u00e9change sont r\u00e9guli\u00e8rement organis\u00e9s aupr\u00e8s des dirigeants de clubs pour expliquer, vulgariser et faire conna\u00eetre les dispositifs d\u2019aides pour pouvoir ouvrir sa structure aux publics handicap\u00e9s.<\/p>\n\n\n\n<p>Il existe aussi des dispositifs qui accompagnent les clubs&nbsp;: notamment le programme \u00ab&nbsp;<a href=\"https:\/\/club-inclusif.fr\/\"><em><u>Club Inclusif<\/u><\/em>&nbsp;<\/a>\u00bb cr\u00e9\u00e9 par le Comit\u00e9 Paralympique et Sportif Fran\u00e7ais pour les clubs, qui souhaitent ouvrir leurs portes aux personnes en situation de handicap et qui veulent \u00eatre accompagn\u00e9s dans cette d\u00e9marche.<\/p>\n\n\n\n<p><strong><em>Et pour les ouvreurs&nbsp;?<\/em> <\/strong>Le projet est lanc\u00e9 pour pouvoir proposer une formation. L&rsquo;objectif \u00e9tant d&rsquo;avoir des ouvreurs form\u00e9s aux sp\u00e9cificit\u00e9s des diff\u00e9rentes cat\u00e9gories de handicaps dans chaque r\u00e9gion. \u00c0 ce jour, deux ouvreurs se chargent d\u2019ouvrir les comp\u00e9titions de para-escalade (<em>Christophe Cazin &amp; Yoris Delahaye)<\/em><\/p>\n\n\n\n<p>.<\/p>\n\n\n<div class=\"wp-block-image\">\n<figure class=\"aligncenter size-large is-resized\"><img decoding=\"async\" loading=\"lazy\" width=\"768\" height=\"1024\" src=\"https:\/\/www.salon-escalade.com\/vertical-feed\/wp-content\/uploads\/2024\/06\/WhatsApp-Image-2024-06-25-at-15.51.46-1-768x1024.jpeg\" alt=\"\" class=\"wp-image-2653\" style=\"aspect-ratio:0.75;width:254px;height:auto\" srcset=\"https:\/\/www.salon-escalade.com\/vertical-feed\/wp-content\/uploads\/2024\/06\/WhatsApp-Image-2024-06-25-at-15.51.46-1-768x1024.jpeg 768w, https:\/\/www.salon-escalade.com\/vertical-feed\/wp-content\/uploads\/2024\/06\/WhatsApp-Image-2024-06-25-at-15.51.46-1-225x300.jpeg 225w, https:\/\/www.salon-escalade.com\/vertical-feed\/wp-content\/uploads\/2024\/06\/WhatsApp-Image-2024-06-25-at-15.51.46-1-1152x1536.jpeg 1152w, https:\/\/www.salon-escalade.com\/vertical-feed\/wp-content\/uploads\/2024\/06\/WhatsApp-Image-2024-06-25-at-15.51.46-1.jpeg 1200w\" sizes=\"(max-width: 768px) 100vw, 768px\" \/><\/figure><\/div>\n\n\n<h2 class=\"wp-block-heading\">L\u2019escalade est un sport accessible&nbsp;: rendons-le visible.&nbsp;<\/h2>\n\n\n\n<p>La discipline est r\u00e9cente, c\u2019est ce qui explique en partie qu\u2019elle n\u2019a pas encore la visibilit\u00e9 qu\u2019elle m\u00e9rite. R\u00e9seaux sociaux, presse, actions aupr\u00e8s du grand public, les initiatives se multiplient, des performances font parler de certains et certaines, nos grimpeurs sont m\u00e9daill\u00e9s sur les coupes du Monde, titr\u00e9s aux championnats du monde\u2026Il y a de quoi susciter plus d\u2019une vocation !<\/p>\n\n\n\n<p>Et\u2026 Il y a aussi le regard des gens sur le handicap (ou la diff\u00e9rence ?), qui n\u2019existe pas dans la petite sph\u00e8re du haut-niveau, d\u2019ailleurs. Aussi \u00e9litiste qu\u2019il soit, c\u2019est aussi un milieu tr\u00e8s inclusif.<\/p>\n\n\n\n<p>Aristotelis le dit lui-m\u00eame : \u00e0 Arco ou \u00e0 Innsbruck, il y a les \u00e9quipes para-escalade \u00e0 c\u00f4t\u00e9 des \u00e9quipes nationales de bloc et d\u2019Adam Ondra et c\u2019est normal pour tout le monde. Il n\u2019y a pas de regards en biais ou de chuchotements indiscrets.<\/p>\n\n\n\n<p>Comportement \u00e0 g\u00e9n\u00e9raliser, donc.<\/p>\n\n\n<div class=\"wp-block-image\">\n<figure class=\"aligncenter size-full is-resized\"><img decoding=\"async\" loading=\"lazy\" width=\"1024\" height=\"768\" src=\"https:\/\/www.salon-escalade.com\/vertical-feed\/wp-content\/uploads\/2024\/06\/Photo-de-groupe.jpg\" alt=\"\" class=\"wp-image-2654\" style=\"aspect-ratio:1.3333333333333333;width:300px;height:auto\" srcset=\"https:\/\/www.salon-escalade.com\/vertical-feed\/wp-content\/uploads\/2024\/06\/Photo-de-groupe.jpg 1024w, https:\/\/www.salon-escalade.com\/vertical-feed\/wp-content\/uploads\/2024\/06\/Photo-de-groupe-300x225.jpg 300w, https:\/\/www.salon-escalade.com\/vertical-feed\/wp-content\/uploads\/2024\/06\/Photo-de-groupe-768x576.jpg 768w, https:\/\/www.salon-escalade.com\/vertical-feed\/wp-content\/uploads\/2024\/06\/Photo-de-groupe-136x102.jpg 136w\" sizes=\"(max-width: 1024px) 100vw, 1024px\" \/><\/figure><\/div>\n\n\n<h2 class=\"wp-block-heading\">Los Angeles 2028 en ligne de mire\u00a0: de quoi faire na\u00eetre des r\u00eaves ! <\/h2>\n\n\n\n<p>H\u00e9l\u00e8ne Le Rouge et son \u00e9quipe ont commenc\u00e9 \u00e0 structurer le d\u00e9veloppement de la para-escalade en France en 2022 et accomplissent, en sous-marin tout un travail de structuration&nbsp;en 4 grands axes&nbsp;:<\/p>\n\n\n\n<ol type=\"1\">\n<li>Faire conna\u00eetre la para-escalade<\/li>\n\n\n\n<li>Cr\u00e9er du lien avec les clubs \/ D\u00e9veloppement de l\u2019accueil et de l\u2019offre de pratique au sein des clubs<\/li>\n\n\n\n<li>Fid\u00e9liser l\u2019engagement du pratiquant<\/li>\n\n\n\n<li>Structurer la comp\u00e9tition et le haut-niveau<\/li>\n<\/ol>\n\n\n\n<p>C\u2019est tout un r\u00e9seau qui s\u2019active&nbsp;: minist\u00e8res, r\u00e9seaux m\u00e9dico-sociaux, Comit\u00e9s Sportifs Nationaux, Comit\u00e9s Paralympiques, et f\u00e9d\u00e9rations en tout genres \u2026Les r\u00e9sultats commencent \u00e0 pointer le bout de leur nez, mais on sait tr\u00e8s bien que ce qui est fait aujourd\u2019hui portera ses fruits dans plusieurs ann\u00e9es, c\u2019est le jeu. &nbsp;<\/p>\n\n\n\n<p>Les Jeux Olympiques de Los Angeles 2028 pourraient bien agir comme un booster pour la discipline. Le Comit\u00e9 d\u2019Organisation des Jeux Olympiques (COJO de Los Angeles 2028 a propos\u00e9 au Comit\u00e9 International Olympique (CIO) d\u2019ajouter la para-escalade \u00e0 la liste des sports paralympiques, devenant ainsi le premier Comit\u00e9 d\u2019Organisation \u00e0 proposer un nouveau sport pour les Jeux Paralympiques. Et c&rsquo;est officiel depuis hier :<strong> la para-escalade rejoindra le programme initial des sports paralympiques de LA28. <\/strong><\/p>\n\n\n\n<p><strong>L\u2019Escalade est un sport accessible&nbsp;et c\u2019est une aubaine.&nbsp;<\/strong><\/p>\n\n\n\n<p>On aimerait que l\u2019escalade puisse ouvrir des portes, offrir des possibilit\u00e9s, susciter l\u2019envie, le r\u00eave, l\u2019espoir. Pour commencer \u00e0 changer le regard, on peut commencer par admirer la performance plut\u00f4t que de souligner le handicap. En regardant les comp\u00e9titions diffus\u00e9es en live sur <a href=\"https:\/\/www.youtube.com\/@sportclimbing\">la cha\u00eene YouTube de l&rsquo;IFSC<\/a>, par exemple, ce serait un bon d\u00e9but ! <\/p>\n\n\n\n<p>Voici les prochaines \u00e9ch\u00e9ances pour nos grimpeurs &amp; grimpeuses&nbsp;:<\/p>\n\n\n\n<ul>\n<li>24 &amp; 25 Ao\u00fbt&nbsp;: championnats d\u2019Europe (Villars, Suisse)<\/li>\n\n\n\n<li>27 &amp; 28 Septembre&nbsp;: championnats du monde (Arco, Italie)<\/li>\n<\/ul>\n\n\n\n<p>Si vous avez manqu\u00e9 l&rsquo;\u00e9tape de cette semaine \u00e0 Innsbruck, c&rsquo;est par ici que \u00e7a se passe : <\/p>\n\n\n\n<figure class=\"wp-block-embed is-type-video is-provider-youtube wp-block-embed-youtube wp-embed-aspect-16-9 wp-has-aspect-ratio\"><div class=\"wp-block-embed__wrapper\">\n<iframe loading=\"lazy\" title=\"Para Climbing finals | Innsbruck 2024\" width=\"1110\" height=\"624\" src=\"https:\/\/www.youtube.com\/embed\/QXuqkqvg0m0?feature=oembed\" frameborder=\"0\" allow=\"accelerometer; autoplay; clipboard-write; encrypted-media; gyroscope; picture-in-picture; web-share\" referrerpolicy=\"strict-origin-when-cross-origin\" allowfullscreen><\/iframe>\n<\/div><\/figure>\n<div style=\"margin-top: 0px; margin-bottom: 0px;\" class=\"sharethis-inline-share-buttons\" ><\/div>","protected":false},"excerpt":{"rendered":"<p>S\u00e9lection \u00e9largie pour la Coupe du Monde para-escalade d&rsquo;Innsbruck !  <\/p>\n<p>Pour une discipline o\u00f9 tout reste \u00e0 faire, cette d\u00e9cision semble ne concerner qu\u2019une infime poign\u00e9e de grimpeurs. Pourtant, il s\u2019agit d\u2019un \u00e9l\u00e9ment qui a toute son importance dans un \u00e9cosyst\u00e8me complexe.<\/p>\n","protected":false},"author":95,"featured_media":2654,"comment_status":"closed","ping_status":"open","sticky":false,"template":"","format":"standard","meta":{"footnotes":""},"categories":[527,530],"tags":[],"_links":{"self":[{"href":"https:\/\/www.salon-escalade.com\/vertical-feed\/wp-json\/wp\/v2\/posts\/2650"}],"collection":[{"href":"https:\/\/www.salon-escalade.com\/vertical-feed\/wp-json\/wp\/v2\/posts"}],"about":[{"href":"https:\/\/www.salon-escalade.com\/vertical-feed\/wp-json\/wp\/v2\/types\/post"}],"author":[{"embeddable":true,"href":"https:\/\/www.salon-escalade.com\/vertical-feed\/wp-json\/wp\/v2\/users\/95"}],"replies":[{"embeddable":true,"href":"https:\/\/www.salon-escalade.com\/vertical-feed\/wp-json\/wp\/v2\/comments?post=2650"}],"version-history":[{"count":8,"href":"https:\/\/www.salon-escalade.com\/vertical-feed\/wp-json\/wp\/v2\/posts\/2650\/revisions"}],"predecessor-version":[{"id":2673,"href":"https:\/\/www.salon-escalade.com\/vertical-feed\/wp-json\/wp\/v2\/posts\/2650\/revisions\/2673"}],"wp:featuredmedia":[{"embeddable":true,"href":"https:\/\/www.salon-escalade.com\/vertical-feed\/wp-json\/wp\/v2\/media\/2654"}],"wp:attachment":[{"href":"https:\/\/www.salon-escalade.com\/vertical-feed\/wp-json\/wp\/v2\/media?parent=2650"}],"wp:term":[{"taxonomy":"category","embeddable":true,"href":"https:\/\/www.salon-escalade.com\/vertical-feed\/wp-json\/wp\/v2\/categories?post=2650"},{"taxonomy":"post_tag","embeddable":true,"href":"https:\/\/www.salon-escalade.com\/vertical-feed\/wp-json\/wp\/v2\/tags?post=2650"}],"curies":[{"name":"wp","href":"https:\/\/api.w.org\/{rel}","templated":true}]}}