{"id":2615,"date":"2024-09-10T08:43:36","date_gmt":"2024-09-10T06:43:36","guid":{"rendered":"https:\/\/www.salon-escalade.com\/vertical-feed\/?p=2615"},"modified":"2025-10-03T18:01:02","modified_gmt":"2025-10-03T16:01:02","slug":"soin-peau-escalade","status":"publish","type":"post","link":"https:\/\/www.salon-escalade.com\/vertical-feed\/2024\/09\/10\/soin-peau-escalade\/","title":{"rendered":"Grimper plus en prenant soin de la peau de ses mains"},"content":{"rendered":"<div style=\"\" class=\"sharethis-inline-share-buttons\" ><\/div>\n<figure class=\"wp-block-video\"><video controls poster=\"https:\/\/www.salon-escalade.com\/vertical-feed\/wp-content\/uploads\/2024\/06\/Escalade-en-salle.jpg\" src=\"https:\/\/www.salon-escalade.com\/vertical-feed\/wp-content\/uploads\/2024\/06\/Clip-BOMA-01.mp4\"><\/video><\/figure>\n\n\n\n<p>Baudrier, corde, d\u00e9gaines, etc.<\/p>\n\n\n\n<p>On tol\u00e8re d&rsquo;avoir les pieds comprim\u00e9s.<\/p>\n\n\n\n<p>On y va g\u00e9n\u00e9reusement sur la magn\u00e9sie.<\/p>\n\n\n\n<p><strong>Mais qu&rsquo;en est-il de nos mains en escalade ?<\/strong><\/p>\n\n\n\n<figure class=\"wp-block-gallery has-nested-images columns-default is-cropped wp-block-gallery-1 is-layout-flex wp-block-gallery-is-layout-flex\">\n<figure class=\"wp-block-image size-large\"><img decoding=\"async\" loading=\"lazy\" width=\"1024\" height=\"1024\" data-id=\"2629\" src=\"https:\/\/www.salon-escalade.com\/vertical-feed\/wp-content\/uploads\/2024\/06\/Christophe-Rondepierre-Mains-1024x1024.jpg\" alt=\"Des mains de grimpeur vue de pr\u00e9s apr\u00e8s une s\u00e9ance d'escalade\" class=\"wp-image-2629\" srcset=\"https:\/\/www.salon-escalade.com\/vertical-feed\/wp-content\/uploads\/2024\/06\/Christophe-Rondepierre-Mains-1024x1024.jpg 1024w, https:\/\/www.salon-escalade.com\/vertical-feed\/wp-content\/uploads\/2024\/06\/Christophe-Rondepierre-Mains-300x300.jpg 300w, https:\/\/www.salon-escalade.com\/vertical-feed\/wp-content\/uploads\/2024\/06\/Christophe-Rondepierre-Mains-150x150.jpg 150w, https:\/\/www.salon-escalade.com\/vertical-feed\/wp-content\/uploads\/2024\/06\/Christophe-Rondepierre-Mains-768x768.jpg 768w, https:\/\/www.salon-escalade.com\/vertical-feed\/wp-content\/uploads\/2024\/06\/Christophe-Rondepierre-Mains.jpg 1071w\" sizes=\"(max-width: 1024px) 100vw, 1024px\" \/><\/figure>\n\n\n\n<figure class=\"wp-block-image size-large\"><img decoding=\"async\" loading=\"lazy\" width=\"1024\" height=\"1024\" data-id=\"2628\" src=\"https:\/\/www.salon-escalade.com\/vertical-feed\/wp-content\/uploads\/2024\/06\/Christophe-Rondepierre-Doigts-1024x1024.jpg\" alt=\"Des doigts de grimpeur vue de pr\u00e9s apr\u00e8s une s\u00e9ance d'escalade\" class=\"wp-image-2628\" srcset=\"https:\/\/www.salon-escalade.com\/vertical-feed\/wp-content\/uploads\/2024\/06\/Christophe-Rondepierre-Doigts-1024x1024.jpg 1024w, https:\/\/www.salon-escalade.com\/vertical-feed\/wp-content\/uploads\/2024\/06\/Christophe-Rondepierre-Doigts-300x300.jpg 300w, https:\/\/www.salon-escalade.com\/vertical-feed\/wp-content\/uploads\/2024\/06\/Christophe-Rondepierre-Doigts-150x150.jpg 150w, https:\/\/www.salon-escalade.com\/vertical-feed\/wp-content\/uploads\/2024\/06\/Christophe-Rondepierre-Doigts-768x768.jpg 768w, https:\/\/www.salon-escalade.com\/vertical-feed\/wp-content\/uploads\/2024\/06\/Christophe-Rondepierre-Doigts.jpg 1080w\" sizes=\"(max-width: 1024px) 100vw, 1024px\" \/><\/figure>\n\n\n\n<figure class=\"wp-block-image size-large\"><img decoding=\"async\" loading=\"lazy\" width=\"853\" height=\"853\" data-id=\"2627\" src=\"https:\/\/www.salon-escalade.com\/vertical-feed\/wp-content\/uploads\/2024\/06\/Laurie-Lise-Philippon-Bleau.jpg\" alt=\"Des mains de grimpeurs vue de pr\u00e9s \u00e0 Bleau durant un s\u00e9ance de bloc d'escalade\" class=\"wp-image-2627\" srcset=\"https:\/\/www.salon-escalade.com\/vertical-feed\/wp-content\/uploads\/2024\/06\/Laurie-Lise-Philippon-Bleau.jpg 853w, https:\/\/www.salon-escalade.com\/vertical-feed\/wp-content\/uploads\/2024\/06\/Laurie-Lise-Philippon-Bleau-300x300.jpg 300w, https:\/\/www.salon-escalade.com\/vertical-feed\/wp-content\/uploads\/2024\/06\/Laurie-Lise-Philippon-Bleau-150x150.jpg 150w, https:\/\/www.salon-escalade.com\/vertical-feed\/wp-content\/uploads\/2024\/06\/Laurie-Lise-Philippon-Bleau-768x768.jpg 768w\" sizes=\"(max-width: 853px) 100vw, 853px\" \/><\/figure>\n<\/figure>\n\n\n\n<p>Depuis plus de 4 ans, BOMA fabrique en France des produits de soins pour la peau et le corps des grimpeurs.<\/p>\n\n\n\n<p class=\"is-style-default has-cyan-bluish-gray-background-color has-background\">Une peau hydrat\u00e9e, nourrie et souple favorise la pr\u00e9hension des prises, \u00e9vite l\u2019arrachement des cals ainsi que le percement de celle-ci.<\/p>\n\n\n\n<p><strong>En bref, prendre soin de sa peau permet d&rsquo;aller plus haut, plus longtemps et plus fr\u00e9quemment.<\/strong><\/p>\n\n\n\n<p>Certains (anciens) diront que c&rsquo;est inutile car la souffrance est inh\u00e9rente \u00e0 la pratique.<\/p>\n\n\n\n<p>Chez BOMA, on dirait que ce sont des idiots !<\/p>\n\n\n\n<p>Et \u00e7a tombe bien car notre public est jeune et bien plus avis\u00e9.<\/p>\n\n\n\n<figure class=\"wp-block-gallery has-nested-images columns-default is-cropped wp-block-gallery-3 is-layout-flex wp-block-gallery-is-layout-flex\">\n<figure class=\"wp-block-image size-large\"><img decoding=\"async\" loading=\"lazy\" width=\"375\" height=\"375\" data-id=\"2630\" src=\"https:\/\/www.salon-escalade.com\/vertical-feed\/wp-content\/uploads\/2024\/06\/BOM-Lavande-3.jpg\" alt=\"Pot de BOM Lavande pour les mains en escalade vue de face\" class=\"wp-image-2630\" srcset=\"https:\/\/www.salon-escalade.com\/vertical-feed\/wp-content\/uploads\/2024\/06\/BOM-Lavande-3.jpg 375w, https:\/\/www.salon-escalade.com\/vertical-feed\/wp-content\/uploads\/2024\/06\/BOM-Lavande-3-300x300.jpg 300w, https:\/\/www.salon-escalade.com\/vertical-feed\/wp-content\/uploads\/2024\/06\/BOM-Lavande-3-150x150.jpg 150w\" sizes=\"(max-width: 375px) 100vw, 375px\" \/><\/figure>\n\n\n\n<figure class=\"wp-block-image size-large\"><img decoding=\"async\" loading=\"lazy\" width=\"375\" height=\"375\" data-id=\"2632\" src=\"https:\/\/www.salon-escalade.com\/vertical-feed\/wp-content\/uploads\/2024\/06\/BOM-Romarin-3.jpg\" alt=\"Pot de BOM Romarin pour les mains en escalade vue de face\" class=\"wp-image-2632\" srcset=\"https:\/\/www.salon-escalade.com\/vertical-feed\/wp-content\/uploads\/2024\/06\/BOM-Romarin-3.jpg 375w, https:\/\/www.salon-escalade.com\/vertical-feed\/wp-content\/uploads\/2024\/06\/BOM-Romarin-3-300x300.jpg 300w, https:\/\/www.salon-escalade.com\/vertical-feed\/wp-content\/uploads\/2024\/06\/BOM-Romarin-3-150x150.jpg 150w\" sizes=\"(max-width: 375px) 100vw, 375px\" \/><\/figure>\n\n\n\n<figure class=\"wp-block-image size-large\"><img decoding=\"async\" loading=\"lazy\" width=\"375\" height=\"375\" data-id=\"2631\" src=\"https:\/\/www.salon-escalade.com\/vertical-feed\/wp-content\/uploads\/2024\/06\/BOM-Reine-des-Pres-3.jpg\" alt=\"Pot de BOM Reine des Pr\u00e9s pour les mains en escalade vue de face\" class=\"wp-image-2631\" srcset=\"https:\/\/www.salon-escalade.com\/vertical-feed\/wp-content\/uploads\/2024\/06\/BOM-Reine-des-Pres-3.jpg 375w, https:\/\/www.salon-escalade.com\/vertical-feed\/wp-content\/uploads\/2024\/06\/BOM-Reine-des-Pres-3-300x300.jpg 300w, https:\/\/www.salon-escalade.com\/vertical-feed\/wp-content\/uploads\/2024\/06\/BOM-Reine-des-Pres-3-150x150.jpg 150w\" sizes=\"(max-width: 375px) 100vw, 375px\" \/><\/figure>\n<\/figure>\n\n\n\n<p><strong>Alors, qu&rsquo;attendez-vous pour int\u00e9grer dans votre pratique un nouveau rituel de soins ?<\/strong><\/p>\n\n\n\n<p>Revivez ainsi chaque jour le plaisir de ce moment unique, celui de grimper !<\/p>\n\n\n\n<p>Fabriqu\u00e9es par un grimpeur, pour la peau des grimpeurs, les cr\u00e8mes BOMA sont destin\u00e9es aux mains et sont sp\u00e9cifiques pour l&rsquo;escalade de voie et de bloc.<\/p>\n\n\n\n<div class=\"wp-block-buttons alignfull is-layout-flex wp-container-5 wp-block-buttons-is-layout-flex\">\n<div class=\"wp-block-button\"><a class=\"wp-block-button__link has-text-align-center wp-element-button\" href=\"http:\/\/www.bomaauthentiquecosmetique.com\">D\u00e9couvrir BOMA<\/a><\/div>\n<\/div>\n\n\n\n<p><\/p>\n<div style=\"margin-top: 0px; margin-bottom: 0px;\" class=\"sharethis-inline-share-buttons\" ><\/div>","protected":false},"excerpt":{"rendered":"<p>Baudrier, corde, d\u00e9gaines, etc. On tol\u00e8re d&rsquo;avoir les pieds comprim\u00e9s. On y va g\u00e9n\u00e9reusement sur la magn\u00e9sie. Mais qu&rsquo;en est-il de nos mains en escalade ? Depuis plus de 4&hellip; <\/p>\n","protected":false},"author":70,"featured_media":2636,"comment_status":"closed","ping_status":"open","sticky":false,"template":"","format":"standard","meta":{"footnotes":""},"categories":[529],"tags":[],"_links":{"self":[{"href":"https:\/\/www.salon-escalade.com\/vertical-feed\/wp-json\/wp\/v2\/posts\/2615"}],"collection":[{"href":"https:\/\/www.salon-escalade.com\/vertical-feed\/wp-json\/wp\/v2\/posts"}],"about":[{"href":"https:\/\/www.salon-escalade.com\/vertical-feed\/wp-json\/wp\/v2\/types\/post"}],"author":[{"embeddable":true,"href":"https:\/\/www.salon-escalade.com\/vertical-feed\/wp-json\/wp\/v2\/users\/70"}],"replies":[{"embeddable":true,"href":"https:\/\/www.salon-escalade.com\/vertical-feed\/wp-json\/wp\/v2\/comments?post=2615"}],"version-history":[{"count":6,"href":"https:\/\/www.salon-escalade.com\/vertical-feed\/wp-json\/wp\/v2\/posts\/2615\/revisions"}],"predecessor-version":[{"id":2764,"href":"https:\/\/www.salon-escalade.com\/vertical-feed\/wp-json\/wp\/v2\/posts\/2615\/revisions\/2764"}],"wp:featuredmedia":[{"embeddable":true,"href":"https:\/\/www.salon-escalade.com\/vertical-feed\/wp-json\/wp\/v2\/media\/2636"}],"wp:attachment":[{"href":"https:\/\/www.salon-escalade.com\/vertical-feed\/wp-json\/wp\/v2\/media?parent=2615"}],"wp:term":[{"taxonomy":"category","embeddable":true,"href":"https:\/\/www.salon-escalade.com\/vertical-feed\/wp-json\/wp\/v2\/categories?post=2615"},{"taxonomy":"post_tag","embeddable":true,"href":"https:\/\/www.salon-escalade.com\/vertical-feed\/wp-json\/wp\/v2\/tags?post=2615"}],"curies":[{"name":"wp","href":"https:\/\/api.w.org\/{rel}","templated":true}]}}