{"id":2563,"date":"2024-04-18T11:25:12","date_gmt":"2024-04-18T09:25:12","guid":{"rendered":"https:\/\/www.salon-escalade.com\/vertical-feed\/?p=2563"},"modified":"2025-10-03T18:01:23","modified_gmt":"2025-10-03T16:01:23","slug":"black-sun-corp-et-au-vieux-campeur-vous-presentent-oriane-bertone-the-ascent-au-cinema-le-grand-rex","status":"publish","type":"post","link":"https:\/\/www.salon-escalade.com\/vertical-feed\/2024\/04\/18\/black-sun-corp-et-au-vieux-campeur-vous-presentent-oriane-bertone-the-ascent-au-cinema-le-grand-rex\/","title":{"rendered":"Black Sun Corp et Au Vieux Campeur vous pr\u00e9sentent \u00ab\u00a0Oriane Bertone, The Ascent\u00a0\u00bb au cin\u00e9ma Le Grand Rex"},"content":{"rendered":"<div style=\"\" class=\"sharethis-inline-share-buttons\" ><\/div>\n<p>Black Sun Corp et Au Vieux Campeur sont fiers d&rsquo;annoncer une soir\u00e9e sp\u00e9ciale qui plongera les spectateurs au c\u0153ur de l&rsquo;univers captivant de l&rsquo;escalade. Intitul\u00e9e \u00ab\u00a0Oriane Bertone, The Ascent\u00a0\u00bb, cet \u00e9v\u00e9nement unique mettra en lumi\u00e8re le parcours extraordinaire d&rsquo;Oriane Bertone, jeune prodige de l&rsquo;escalade, \u00e0 travers un documentaire immersif et des t\u00e9moignages \u00e9mouvants.<\/p>\n\n\n\n<h2 class=\"wp-block-heading\">Du basalte r\u00e9unionnais \u00e0 la sc\u00e8ne internationale<\/h2>\n\n\n\n<p>Le film retrace les d\u00e9buts inspirants d\u2019Oriane, accompagn\u00e9 de t\u00e9moignages poignants de son p\u00e8re, de son premier coach, ainsi que de personnalit\u00e9s \u00e9minentes du monde de l&rsquo;escalade qui ont \u00e9t\u00e9 t\u00e9moins de son \u00e9volution remarquable. De moments de doute aux sacrifices du sport de haut niveau, en passant par les dynamiques familiales et le tumulte de l&rsquo;adolescence, The Ascent offre un aper\u00e7u captivant de l&rsquo;ascension de cette jeune athl\u00e8te vers les sommets de son art.<\/p>\n\n\n<div class=\"wp-block-image\">\n<figure class=\"aligncenter size-large is-resized\"><img decoding=\"async\" loading=\"lazy\" width=\"1024\" height=\"576\" src=\"https:\/\/www.salon-escalade.com\/vertical-feed\/wp-content\/uploads\/2024\/04\/P1110549-1024x576.jpg\" alt=\"\" class=\"wp-image-2569\" style=\"aspect-ratio:1.7777777777777777;width:410px;height:auto\" srcset=\"https:\/\/www.salon-escalade.com\/vertical-feed\/wp-content\/uploads\/2024\/04\/P1110549-1024x576.jpg 1024w, https:\/\/www.salon-escalade.com\/vertical-feed\/wp-content\/uploads\/2024\/04\/P1110549-300x169.jpg 300w, https:\/\/www.salon-escalade.com\/vertical-feed\/wp-content\/uploads\/2024\/04\/P1110549-768x432.jpg 768w, https:\/\/www.salon-escalade.com\/vertical-feed\/wp-content\/uploads\/2024\/04\/P1110549-1536x864.jpg 1536w, https:\/\/www.salon-escalade.com\/vertical-feed\/wp-content\/uploads\/2024\/04\/P1110549-2048x1152.jpg 2048w\" sizes=\"(max-width: 1024px) 100vw, 1024px\" \/><\/figure><\/div>\n\n\n<h2 class=\"wp-block-heading\">Du beau monde attendu pour la soir\u00e9e<\/h2>\n\n\n\n<p>La soir\u00e9e sera honor\u00e9e par la pr\u00e9sence de la star mondiale de l&rsquo;escalade, <strong>Oriane Bertone,<\/strong> qui partagera son propre t\u00e9moignage et r\u00e9pondra aux questions du public sur sa passion pour l&rsquo;escalade et ses projets futurs. Aussi, l&rsquo;\u00e9v\u00e9nement accueillera des invit\u00e9s sp\u00e9ciaux de renom, dont <strong>Jacky Godoffe,<\/strong> pionnier de l&rsquo;escalade moderne, qui offrira son regard unique sur l&rsquo;\u00e9volution du sport, accompagn\u00e9 d&rsquo;<strong>Alban Levier<\/strong>, champion de France de bloc, qui partagera son exp\u00e9rience sur l&rsquo;int\u00e9gration de l&rsquo;escalade aux Jeux Olympiques. <strong>Nicolas Januel, entra\u00eeneur de l&rsquo;\u00e9quipe de France<\/strong>, sera \u00e9galement pr\u00e9sent pour partager son expertise et son point de vue sur le d\u00e9veloppement de ce sport.<\/p>\n\n\n\n<p>Cette soir\u00e9e s&rsquo;annonce inoubliable, riche en \u00e9motions et en surprises. Ne manquez pas cette opportunit\u00e9 unique de plonger dans l&rsquo;univers fascinant de l&rsquo;escalade et de c\u00e9l\u00e9brer l&rsquo;incroyable parcours d&rsquo;Oriane Bertone.<\/p>\n\n\n<div class=\"wp-block-image\">\n<figure class=\"aligncenter size-large is-resized\"><img decoding=\"async\" loading=\"lazy\" width=\"819\" height=\"1024\" src=\"https:\/\/www.salon-escalade.com\/vertical-feed\/wp-content\/uploads\/2024\/04\/Design-sans-titre-1-819x1024.png\" alt=\"\" class=\"wp-image-2574\" style=\"aspect-ratio:0.7998046875;width:273px;height:auto\" srcset=\"https:\/\/www.salon-escalade.com\/vertical-feed\/wp-content\/uploads\/2024\/04\/Design-sans-titre-1-819x1024.png 819w, https:\/\/www.salon-escalade.com\/vertical-feed\/wp-content\/uploads\/2024\/04\/Design-sans-titre-1-240x300.png 240w, https:\/\/www.salon-escalade.com\/vertical-feed\/wp-content\/uploads\/2024\/04\/Design-sans-titre-1-768x960.png 768w, https:\/\/www.salon-escalade.com\/vertical-feed\/wp-content\/uploads\/2024\/04\/Design-sans-titre-1.png 1080w\" sizes=\"(max-width: 819px) 100vw, 819px\" \/><\/figure><\/div>\n\n\n<h2 class=\"wp-block-heading\"><strong>Informations pratiques :<\/strong><\/h2>\n\n\n\n<p>Date : Lundi 27 Mai 2024<\/p>\n\n\n\n<p>Lieu : Grand Rex, 1 Boulevard Poissonni\u00e8re, 75002 Paris<\/p>\n\n\n\n<p>Heure : 19 H 30<\/p>\n\n\n\n<p>Pour plus d&rsquo;informations et pour r\u00e9server vos places : <\/p>\n\n\n\n<div class=\"wp-block-buttons is-layout-flex wp-block-buttons-is-layout-flex\">\n<div class=\"wp-block-button has-custom-font-size has-small-font-size\"><a class=\"wp-block-button__link has-background has-text-align-center wp-element-button\" href=\"https:\/\/legrandrex.cotecine.fr\/reserver\/F600926\/D1716831000\/vf\/?utm_campaign=1\" style=\"background-color:#890000\">Billetterie<\/a><\/div>\n<\/div>\n<div style=\"margin-top: 0px; margin-bottom: 0px;\" class=\"sharethis-inline-share-buttons\" ><\/div>","protected":false},"excerpt":{"rendered":"<p>Black Sun Corp et Au Vieux Campeur sont fiers d&rsquo;annoncer une soir\u00e9e sp\u00e9ciale qui plongera les spectateurs au c\u0153ur de l&rsquo;univers captivant de l&rsquo;escalade. Intitul\u00e9e \u00ab\u00a0Oriane Bertone, The Ascent\u00a0\u00bb, cet&hellip; <\/p>\n","protected":false},"author":96,"featured_media":2564,"comment_status":"closed","ping_status":"closed","sticky":false,"template":"","format":"standard","meta":{"footnotes":""},"categories":[527,526,154],"tags":[],"_links":{"self":[{"href":"https:\/\/www.salon-escalade.com\/vertical-feed\/wp-json\/wp\/v2\/posts\/2563"}],"collection":[{"href":"https:\/\/www.salon-escalade.com\/vertical-feed\/wp-json\/wp\/v2\/posts"}],"about":[{"href":"https:\/\/www.salon-escalade.com\/vertical-feed\/wp-json\/wp\/v2\/types\/post"}],"author":[{"embeddable":true,"href":"https:\/\/www.salon-escalade.com\/vertical-feed\/wp-json\/wp\/v2\/users\/96"}],"replies":[{"embeddable":true,"href":"https:\/\/www.salon-escalade.com\/vertical-feed\/wp-json\/wp\/v2\/comments?post=2563"}],"version-history":[{"count":2,"href":"https:\/\/www.salon-escalade.com\/vertical-feed\/wp-json\/wp\/v2\/posts\/2563\/revisions"}],"predecessor-version":[{"id":2575,"href":"https:\/\/www.salon-escalade.com\/vertical-feed\/wp-json\/wp\/v2\/posts\/2563\/revisions\/2575"}],"wp:featuredmedia":[{"embeddable":true,"href":"https:\/\/www.salon-escalade.com\/vertical-feed\/wp-json\/wp\/v2\/media\/2564"}],"wp:attachment":[{"href":"https:\/\/www.salon-escalade.com\/vertical-feed\/wp-json\/wp\/v2\/media?parent=2563"}],"wp:term":[{"taxonomy":"category","embeddable":true,"href":"https:\/\/www.salon-escalade.com\/vertical-feed\/wp-json\/wp\/v2\/categories?post=2563"},{"taxonomy":"post_tag","embeddable":true,"href":"https:\/\/www.salon-escalade.com\/vertical-feed\/wp-json\/wp\/v2\/tags?post=2563"}],"curies":[{"name":"wp","href":"https:\/\/api.w.org\/{rel}","templated":true}]}}