{"id":2550,"date":"2024-04-04T12:40:00","date_gmt":"2024-04-04T10:40:00","guid":{"rendered":"https:\/\/www.salon-escalade.com\/vertical-feed\/?p=2550"},"modified":"2025-10-03T17:57:35","modified_gmt":"2025-10-03T15:57:35","slug":"dedicace-antoine-le-menestrel","status":"publish","type":"post","link":"https:\/\/www.salon-escalade.com\/vertical-feed\/2024\/04\/04\/dedicace-antoine-le-menestrel\/","title":{"rendered":"[D\u00e9dicace ] Rencontrez Antoine Le Menestrel pour la sortie de \u00ab\u00a0Folambule, confessions d&rsquo;un grimpeur \u00e9toile\u00a0\u00bb \u00e0 Lyon."},"content":{"rendered":"<div style=\"\" class=\"sharethis-inline-share-buttons\" ><\/div>\n<p><em>Venez rencontrer Antoine Le Menestrel pour la sortie et la d\u00e9dicace de son livre \u00ab\u00a0Folambule, confessions d&rsquo;un grimpeur \u00e9toile\u00a0\u00bb paru <a href=\"https:\/\/www.editionspaulsen.com\/\">aux \u00e9ditions Paulsen<\/a> <strong>le samedi 6 avril<\/strong> \u00e0 partir de 15h \u00e0 la boutique Au Vieux Campeur de Lyon (\ud83d\udccd 43 cours de la Libert\u00e9, 69003 Lyon) <\/em><\/p>\n\n\n\n<div class=\"wp-block-buttons is-layout-flex wp-block-buttons-is-layout-flex\">\n<div class=\"wp-block-button has-custom-font-size has-small-font-size\"><a class=\"wp-block-button__link has-background has-text-align-center wp-element-button\" href=\"https:\/\/www.editionspaulsen.com\/guerin\/692-folambule.html\" style=\"background-color:#890000\">Folambule, confessions d&rsquo;un grimpeur \u00e9toile \ud83d\udcda<\/a><\/div>\n<\/div>\n\n\n<div class=\"wp-block-image\">\n<figure class=\"aligncenter size-full is-resized\"><img decoding=\"async\" loading=\"lazy\" width=\"845\" height=\"346\" src=\"https:\/\/www.salon-escalade.com\/vertical-feed\/wp-content\/uploads\/2024\/04\/ATV-ALM-Banniere_0-1.jpg\" alt=\"\" class=\"wp-image-2553\" style=\"aspect-ratio:2.4421965317919074;width:686px;height:auto\" srcset=\"https:\/\/www.salon-escalade.com\/vertical-feed\/wp-content\/uploads\/2024\/04\/ATV-ALM-Banniere_0-1.jpg 845w, https:\/\/www.salon-escalade.com\/vertical-feed\/wp-content\/uploads\/2024\/04\/ATV-ALM-Banniere_0-1-300x123.jpg 300w, https:\/\/www.salon-escalade.com\/vertical-feed\/wp-content\/uploads\/2024\/04\/ATV-ALM-Banniere_0-1-768x314.jpg 768w\" sizes=\"(max-width: 845px) 100vw, 845px\" \/><\/figure><\/div>\n\n\n<p>1er 8a+ en solo, 1er 8b+ fran\u00e7ais&#8230;<\/p>\n\n\n\n<p>Antoine Le Menestrel a \u00e9t\u00e9 l\u2019un des prodiges qui ont invent\u00e9 l\u2019escalade libre dans les ann\u00e9es 1980. Plus que tout autre, il a emmen\u00e9 l\u2019escalade vers des niveaux in\u00e9dits, alliant la recherche de difficult\u00e9 et la cr\u00e9ativit\u00e9. Il est la m\u00e9moire vivante d\u2019un mouvement qui conduit des millions de jeunes \u00e0 pratiquer aujourd\u2019hui l\u2019escalade. Dans \u00ab\u00a0Folambule\u00a0\u00bb, il raconte avec une sinc\u00e9rit\u00e9 bouleversante comment son exploration du geste sur les falaises allait de pair avec celle de ses tourments intimes. Son chemin, vertical et singulier, l\u2019a conduit vers la cr\u00e9ation artistique. Il est aujourd\u2019hui chor\u00e9graphe et danseur de la compagnie L\u00e9zards bleus, qui cr\u00e9e des spectacles de danse-escalade.<\/p>\n\n\n\n<p><em>Au Vieux Campeur. <\/em><\/p>\n<div style=\"margin-top: 0px; margin-bottom: 0px;\" class=\"sharethis-inline-share-buttons\" ><\/div>","protected":false},"excerpt":{"rendered":"<p>Venez rencontrer Antoine Le Menestrel pour la sortie et la d\u00e9dicace de son livre \u00ab\u00a0Folambule, confessions d&rsquo;un grimpeur \u00e9toile\u00a0\u00bb paru aux \u00e9ditions Paulsen le samedi 6 avril \u00e0 partir de&hellip; <\/p>\n","protected":false},"author":95,"featured_media":2551,"comment_status":"closed","ping_status":"open","sticky":false,"template":"","format":"standard","meta":{"footnotes":""},"categories":[526,154],"tags":[8,20],"_links":{"self":[{"href":"https:\/\/www.salon-escalade.com\/vertical-feed\/wp-json\/wp\/v2\/posts\/2550"}],"collection":[{"href":"https:\/\/www.salon-escalade.com\/vertical-feed\/wp-json\/wp\/v2\/posts"}],"about":[{"href":"https:\/\/www.salon-escalade.com\/vertical-feed\/wp-json\/wp\/v2\/types\/post"}],"author":[{"embeddable":true,"href":"https:\/\/www.salon-escalade.com\/vertical-feed\/wp-json\/wp\/v2\/users\/95"}],"replies":[{"embeddable":true,"href":"https:\/\/www.salon-escalade.com\/vertical-feed\/wp-json\/wp\/v2\/comments?post=2550"}],"version-history":[{"count":4,"href":"https:\/\/www.salon-escalade.com\/vertical-feed\/wp-json\/wp\/v2\/posts\/2550\/revisions"}],"predecessor-version":[{"id":2559,"href":"https:\/\/www.salon-escalade.com\/vertical-feed\/wp-json\/wp\/v2\/posts\/2550\/revisions\/2559"}],"wp:featuredmedia":[{"embeddable":true,"href":"https:\/\/www.salon-escalade.com\/vertical-feed\/wp-json\/wp\/v2\/media\/2551"}],"wp:attachment":[{"href":"https:\/\/www.salon-escalade.com\/vertical-feed\/wp-json\/wp\/v2\/media?parent=2550"}],"wp:term":[{"taxonomy":"category","embeddable":true,"href":"https:\/\/www.salon-escalade.com\/vertical-feed\/wp-json\/wp\/v2\/categories?post=2550"},{"taxonomy":"post_tag","embeddable":true,"href":"https:\/\/www.salon-escalade.com\/vertical-feed\/wp-json\/wp\/v2\/tags?post=2550"}],"curies":[{"name":"wp","href":"https:\/\/api.w.org\/{rel}","templated":true}]}}