{"id":2543,"date":"2024-04-03T14:59:48","date_gmt":"2024-04-03T12:59:48","guid":{"rendered":"https:\/\/www.salon-escalade.com\/vertical-feed\/?p=2543"},"modified":"2025-10-03T18:12:51","modified_gmt":"2025-10-03T16:12:51","slug":"blessure-traumatisme-en-escalade","status":"publish","type":"post","link":"https:\/\/www.salon-escalade.com\/vertical-feed\/2024\/04\/03\/blessure-traumatisme-en-escalade\/","title":{"rendered":"\u201cBlessure &#038; traumatisme en escalade\u201d : Un outil de progression \u00e0 part enti\u00e8re \u00e0 retrouver en librairie."},"content":{"rendered":"<div style=\"\" class=\"sharethis-inline-share-buttons\" ><\/div>\n<p><em><strong>Aur\u00e9lie Dutertre met ses vingt (et +) ann\u00e9es d\u2019exp\u00e9rience dans le milieu du sport de haut-niveau au service de tous les grimpeurs et grimpeuses,  quels que soient leur niveau et leur fr\u00e9quence de pratique.<\/strong><\/em><\/p>\n\n\n<div class=\"wp-block-image\">\n<figure class=\"aligncenter size-large is-resized\"><img decoding=\"async\" loading=\"lazy\" width=\"1024\" height=\"576\" src=\"https:\/\/www.salon-escalade.com\/vertical-feed\/wp-content\/uploads\/2024\/04\/Design-sans-titre-2-1024x576.jpg\" alt=\"\" class=\"wp-image-2555\" style=\"aspect-ratio:1.7777777777777777;width:503px;height:auto\" srcset=\"https:\/\/www.salon-escalade.com\/vertical-feed\/wp-content\/uploads\/2024\/04\/Design-sans-titre-2-1024x576.jpg 1024w, https:\/\/www.salon-escalade.com\/vertical-feed\/wp-content\/uploads\/2024\/04\/Design-sans-titre-2-300x169.jpg 300w, https:\/\/www.salon-escalade.com\/vertical-feed\/wp-content\/uploads\/2024\/04\/Design-sans-titre-2-768x432.jpg 768w, https:\/\/www.salon-escalade.com\/vertical-feed\/wp-content\/uploads\/2024\/04\/Design-sans-titre-2-1536x864.jpg 1536w, https:\/\/www.salon-escalade.com\/vertical-feed\/wp-content\/uploads\/2024\/04\/Design-sans-titre-2.jpg 1920w\" sizes=\"(max-width: 1024px) 100vw, 1024px\" \/><\/figure><\/div>\n\n\n<h2 class=\"wp-block-heading\">Un livre pour les grimpeur.se.s de tous niveaux.<\/h2>\n\n\n\n<p>La mauvaise chute \u00e0 Fontainebleau, la douleur au doigt qui traine depuis quelques semaines (ou quelques mois, on ne sait plus), le cou bloqu\u00e9\u2026 Tous et toutes les grimpeur.se.s y sont confront\u00e9.e.s et ce n\u2019est pas une histoire de niveau.<\/p>\n\n\n\n<p>Ces douleurs sont tout aussi frustrantes qu\u2019on fasse du 5c ou du 9a : elles freinent la progression.<\/p>\n\n\n\n<p>D\u2019o\u00f9 l\u2019utilit\u00e9 de ce livre, \u00e9crit pour permettre \u00e0 chacun.e de ne pas rester les bras ballants face \u00e0 ces blessures &amp; douleurs intempestives : qu\u2019il s\u2019agisse de les pr\u00e9venir, ou de les amoindrir gr\u00e2ce \u00e0 des conseils &amp; exercices au niveau ajustable en fonction de capacit\u00e9s de chacun.<\/p>\n\n\n\n<h2 class=\"wp-block-heading\">Un outil de progression \u00e0 part enti\u00e8re<\/h2>\n\n\n\n<p>Pr\u00e9vention, \u00e9chauffement, \u00e9tirements (<em>Aur\u00e9lie va-t-elle mettre un terme \u00e0 ce fameux d\u00e9bat \u201c\u00e9tirements, oui ou non ?\u201d,<\/em> hygi\u00e8ne de vie, strap \u2026<\/p>\n\n\n\n<p>Chaque th\u00e9matique est trait\u00e9e en profondeur, illustr\u00e9e par la l\u00e9g\u00e8ret\u00e9 des dessins de Flore Baudelin et par les t\u00e9moignages de grimpeurs sur leurs blessures et leurs parcours de r\u00e9\u00e9ducation.<\/p>\n\n\n\n<p>Et on rel\u00e8vera surtout les conseils &amp; exercices concrets \u00e0 mettre en place dans sa routine d\u2019entra\u00eenement pour pr\u00e9venir et traiter les douleurs en escalade.<\/p>\n\n\n\n<h2 class=\"wp-block-heading\">O\u00f9 se procurer le livre ?<\/h2>\n\n\n\n<p>C\u2019est un livre qui a toute sa place dans son sac d\u2019escalade, au milieu du strap et des \u00e9lastiques et qu\u2019il faut sortir et feuilleter en fonction de ses besoins du moment.<\/p>\n\n\n\n<p>Retrouvez-le en librairie d\u00e9s aujourd\u2019hui : FNAC, amazon, Aux Vieux Campeur \u2026<\/p>\n\n\n\n<p>C\u2019est un livre pratique pour soulager les douleurs, quand la pr\u00e9vention n&rsquo;a pas \u00e9\u00e9 suffisante.  <\/p>\n\n\n\n<blockquote class=\"wp-block-quote\">\n<div class=\"wp-block-buttons is-layout-flex wp-block-buttons-is-layout-flex\">\n<div class=\"wp-block-button has-custom-width wp-block-button__width-50 has-custom-font-size has-small-font-size\"><a class=\"wp-block-button__link has-background wp-element-button\" href=\"https:\/\/www.fnac.com\/a19326448\/Aurelie-Dutertre-Blessures-et-traumatismes-en-escalade\" style=\"background-color:#890000\">Commander son exemplaire<\/a><\/div>\n<\/div>\n<\/blockquote>\n<div style=\"margin-top: 0px; margin-bottom: 0px;\" class=\"sharethis-inline-share-buttons\" ><\/div>","protected":false},"excerpt":{"rendered":"<p>Aur\u00e9lie Dutertre met ses vingt (et +) ann\u00e9es d\u2019exp\u00e9rience dans le milieu du sport de haut-niveau au service de tous les grimpeurs et grimpeuses, quels que soient leur niveau et&hellip; <\/p>\n","protected":false},"author":95,"featured_media":2549,"comment_status":"closed","ping_status":"open","sticky":false,"template":"","format":"standard","meta":{"footnotes":""},"categories":[527,529,526],"tags":[20],"_links":{"self":[{"href":"https:\/\/www.salon-escalade.com\/vertical-feed\/wp-json\/wp\/v2\/posts\/2543"}],"collection":[{"href":"https:\/\/www.salon-escalade.com\/vertical-feed\/wp-json\/wp\/v2\/posts"}],"about":[{"href":"https:\/\/www.salon-escalade.com\/vertical-feed\/wp-json\/wp\/v2\/types\/post"}],"author":[{"embeddable":true,"href":"https:\/\/www.salon-escalade.com\/vertical-feed\/wp-json\/wp\/v2\/users\/95"}],"replies":[{"embeddable":true,"href":"https:\/\/www.salon-escalade.com\/vertical-feed\/wp-json\/wp\/v2\/comments?post=2543"}],"version-history":[{"count":3,"href":"https:\/\/www.salon-escalade.com\/vertical-feed\/wp-json\/wp\/v2\/posts\/2543\/revisions"}],"predecessor-version":[{"id":2557,"href":"https:\/\/www.salon-escalade.com\/vertical-feed\/wp-json\/wp\/v2\/posts\/2543\/revisions\/2557"}],"wp:featuredmedia":[{"embeddable":true,"href":"https:\/\/www.salon-escalade.com\/vertical-feed\/wp-json\/wp\/v2\/media\/2549"}],"wp:attachment":[{"href":"https:\/\/www.salon-escalade.com\/vertical-feed\/wp-json\/wp\/v2\/media?parent=2543"}],"wp:term":[{"taxonomy":"category","embeddable":true,"href":"https:\/\/www.salon-escalade.com\/vertical-feed\/wp-json\/wp\/v2\/categories?post=2543"},{"taxonomy":"post_tag","embeddable":true,"href":"https:\/\/www.salon-escalade.com\/vertical-feed\/wp-json\/wp\/v2\/tags?post=2543"}],"curies":[{"name":"wp","href":"https:\/\/api.w.org\/{rel}","templated":true}]}}