{"id":2290,"date":"2023-05-08T12:24:56","date_gmt":"2023-05-08T10:24:56","guid":{"rendered":"https:\/\/www.salon-escalade.com\/vertical-feed\/?p=2290"},"modified":"2025-10-03T17:58:19","modified_gmt":"2025-10-03T15:58:19","slug":"symon-welfringer-ambassadeur-2023","status":"publish","type":"post","link":"https:\/\/www.salon-escalade.com\/vertical-feed\/2023\/05\/08\/symon-welfringer-ambassadeur-2023\/","title":{"rendered":"Symon Welfringer, ambassadeur 2023"},"content":{"rendered":"<div style=\"\" class=\"sharethis-inline-share-buttons\" ><\/div>\n<p>Natif de Metz, <strong>Symon Welfringer<\/strong> se passionne d\u00e8s son plus jeune \u00e2ge pour l\u2019escalade. De cadet \u00e0 junior, port\u00e9 par les clubs de la FFME, il encha\u00eene les comp\u00e9titions en escalade de difficult\u00e9. Symon remporte plusieurs coupes de France jeunes, s\u2019aligne en Coupe d\u2019Europe et sur plusieurs comp\u00e9titions internationales. <\/p>\n\n\n\n<figure class=\"wp-block-image size-large\"><img decoding=\"async\" loading=\"lazy\" width=\"1000\" height=\"1000\" src=\"https:\/\/www.salon-escalade.com\/vertical-feed\/wp-content\/uploads\/2023\/05\/SDE2023_Ambassadeurs_Symon-Welfringer_web_Damien-Largeron.jpg\" alt=\"Symon Welfringer - portrait \u00a9 Damien Largeron\" class=\"wp-image-2297\" srcset=\"https:\/\/www.salon-escalade.com\/vertical-feed\/wp-content\/uploads\/2023\/05\/SDE2023_Ambassadeurs_Symon-Welfringer_web_Damien-Largeron.jpg 1000w, https:\/\/www.salon-escalade.com\/vertical-feed\/wp-content\/uploads\/2023\/05\/SDE2023_Ambassadeurs_Symon-Welfringer_web_Damien-Largeron-300x300.jpg 300w, https:\/\/www.salon-escalade.com\/vertical-feed\/wp-content\/uploads\/2023\/05\/SDE2023_Ambassadeurs_Symon-Welfringer_web_Damien-Largeron-150x150.jpg 150w, https:\/\/www.salon-escalade.com\/vertical-feed\/wp-content\/uploads\/2023\/05\/SDE2023_Ambassadeurs_Symon-Welfringer_web_Damien-Largeron-768x768.jpg 768w\" sizes=\"(max-width: 1000px) 100vw, 1000px\" \/><figcaption>Symon Welfringer &#8211; portrait \u00a9 Damien Largeron<\/figcaption><\/figure>\n\n\n\n<p>Parti \u00e0 Toulouse pour ses \u00e9tudes d\u2019ing\u00e9nieur en m\u00e9t\u00e9orologie, il se fait des amis et d\u00e9couvre avec eux la montagne. La bande, confiante en ses habilit\u00e9s de grimpeur, l\u2019am\u00e8ne r\u00e9guli\u00e8rement sur de petites sorties alpi dans les Pyr\u00e9n\u00e9es. D\u00e9finitivement mordu, il int\u00e8gre l\u2019\u00e9quipe r\u00e9gionale Midi-Pyr\u00e9n\u00e9es d\u2019alpinisme, puis int\u00e8gre des stages, passe les s\u00e9lections de l\u2019<strong>ENAM<\/strong> (\u00c9cole nationale d\u2019alpinisme masculin) en 2015. <\/p>\n\n\n\n<figure class=\"wp-block-image size-large\"><img decoding=\"async\" loading=\"lazy\" width=\"1024\" height=\"683\" src=\"https:\/\/www.salon-escalade.com\/vertical-feed\/wp-content\/uploads\/2023\/05\/Ceuse-17-04-21-10-modif-1200px-1024x683.jpg\" alt=\"Symon Welfringer - C\u00e9\u00fcse, 2021 \" class=\"wp-image-2309\" srcset=\"https:\/\/www.salon-escalade.com\/vertical-feed\/wp-content\/uploads\/2023\/05\/Ceuse-17-04-21-10-modif-1200px-1024x683.jpg 1024w, https:\/\/www.salon-escalade.com\/vertical-feed\/wp-content\/uploads\/2023\/05\/Ceuse-17-04-21-10-modif-1200px-300x200.jpg 300w, https:\/\/www.salon-escalade.com\/vertical-feed\/wp-content\/uploads\/2023\/05\/Ceuse-17-04-21-10-modif-1200px-768x512.jpg 768w, https:\/\/www.salon-escalade.com\/vertical-feed\/wp-content\/uploads\/2023\/05\/Ceuse-17-04-21-10-modif-1200px.jpg 1200w\" sizes=\"(max-width: 1024px) 100vw, 1024px\" \/><figcaption>Symon Welfringer &#8211; C\u00e9\u00fcse, 2021 <\/figcaption><\/figure>\n\n\n\n<p>Aujourd&rsquo;hui, Symon a 29 ans et pratique l&rsquo;alpinisme et l&rsquo;escalade \u00e0 haut niveau depuis de nombreuses ann\u00e9es. Il se consacre maintenant \u00e0 partir en exp\u00e9dition un peu partout dans le monde et \u00e0 repousser ses limites physiques et techniques des disciplines qu&rsquo;il affectionne (cascade de glace, escalade sportive sur falaise, kayak, VTT&#8230;).<\/p>\n\n\n\n<p>En novembre 2021, il a re\u00e7u un <strong><a href=\"https:\/\/www.outside.fr\/monter-une-expe-au-pakistan-en-plein-covid-le-double-defi-de-deux-alpinistes-francais\/\" data-type=\"URL\" data-id=\"https:\/\/www.outside.fr\/monter-une-expe-au-pakistan-en-plein-covid-le-double-defi-de-deux-alpinistes-francais\/\" target=\"_blank\" rel=\"noreferrer noopener\">Piolet d&rsquo;Or<\/a><\/strong>, la r\u00e9compense ultime dans l&rsquo;alpinisme, d\u00e9cern\u00e9 pour&nbsp;son ascension au Pakistan sur le <strong>Sani Pakkush<\/strong>, un sommet encore vierge de presque 7000m, aux c\u00f4t\u00e9s de <strong><a href=\"https:\/\/pierrickfineguide.com\/\" data-type=\"URL\" data-id=\"https:\/\/pierrickfineguide.com\/\" target=\"_blank\" rel=\"noreferrer noopener\">Pierrick Fine<\/a><\/strong>. Le sommet n\u2019a \u00e9t\u00e9 gravi qu\u2019une seule fois, en 1991, par une cord\u00e9e allemande qui avait choisi de l\u2019aborder par la face Nord. Qu\u2019\u00e0 cela ne tienne : Pierrick et Symon se mesureront \u00e0 son orientation Sud. 2500m d&rsquo;ascension vierge !<\/p>\n\n\n\n<figure class=\"wp-block-image size-large\"><img decoding=\"async\" loading=\"lazy\" width=\"1024\" height=\"416\" src=\"https:\/\/www.salon-escalade.com\/vertical-feed\/wp-content\/uploads\/2023\/05\/Pakistan_06102020-DSC00292-Panorama-1200px-1024x416.jpg\" alt=\"\" class=\"wp-image-2310\" srcset=\"https:\/\/www.salon-escalade.com\/vertical-feed\/wp-content\/uploads\/2023\/05\/Pakistan_06102020-DSC00292-Panorama-1200px-1024x416.jpg 1024w, https:\/\/www.salon-escalade.com\/vertical-feed\/wp-content\/uploads\/2023\/05\/Pakistan_06102020-DSC00292-Panorama-1200px-300x122.jpg 300w, https:\/\/www.salon-escalade.com\/vertical-feed\/wp-content\/uploads\/2023\/05\/Pakistan_06102020-DSC00292-Panorama-1200px-768x312.jpg 768w, https:\/\/www.salon-escalade.com\/vertical-feed\/wp-content\/uploads\/2023\/05\/Pakistan_06102020-DSC00292-Panorama-1200px.jpg 1200w\" sizes=\"(max-width: 1024px) 100vw, 1024px\" \/><figcaption>Symon Welfringer &#8211; Pakistan, 2020<\/figcaption><\/figure>\n\n\n\n<h2 class=\"wp-block-heading\"><strong>\u00catre Ambassadeur du Salon de l&rsquo;Escalade 2023, le kif&nbsp;?<\/strong><\/h2>\n\n\n\n<blockquote class=\"wp-block-quote\"><p>\u00ab\u00a0Ambassadeur du Salon de l&rsquo;Escalade&#8230; quel titre honorifique ! Honor\u00e9 je le suis, baignant dans le monde la grimpe depuis mon plus jeune \u00e2ge, d&rsquo;abord en salle et en comp\u00e9tition, jusqu&rsquo;\u00e0 aujourd&rsquo;hui, aux quatre coins du monde en exp\u00e9ditions. C&rsquo;est pour moi un r\u00e9el plaisir de pouvoir partager toutes les facettes de ma passion avec le plus grand nombre. Pour cette \u00e9dition 2023, nous aurons l&rsquo;occasion d&rsquo;\u00e9changer sur de nombreux sujets et de visionner ensemble quelques belles images de grimpe autour d&rsquo;une bi\u00e8re. Venez nombreux !\u00a0\u00bb<\/p><cite>Symon Welfringer<\/cite><\/blockquote>\n\n\n\n<figure class=\"wp-block-gallery columns-2 is-cropped wp-block-gallery-1 is-layout-flex wp-block-gallery-is-layout-flex\"><ul class=\"blocks-gallery-grid\"><li class=\"blocks-gallery-item\"><figure><img decoding=\"async\" loading=\"lazy\" width=\"1024\" height=\"683\" src=\"https:\/\/www.salon-escalade.com\/vertical-feed\/wp-content\/uploads\/2023\/05\/Pour-le-prix-d_un-smartphone-30-1200px-1024x683.jpg\" alt=\"Pour le prix d'un smartphone \u00a9 Damien Largeron\" data-id=\"2323\" data-full-url=\"https:\/\/www.salon-escalade.com\/vertical-feed\/wp-content\/uploads\/2023\/05\/Pour-le-prix-d_un-smartphone-30-1200px.jpg\" data-link=\"https:\/\/www.salon-escalade.com\/vertical-feed\/2023\/05\/08\/symon-welfringer-ambassadeur-2023\/_pour-le-prix-d_un-smartphone-30-1200px\/\" class=\"wp-image-2323\" srcset=\"https:\/\/www.salon-escalade.com\/vertical-feed\/wp-content\/uploads\/2023\/05\/Pour-le-prix-d_un-smartphone-30-1200px-1024x683.jpg 1024w, https:\/\/www.salon-escalade.com\/vertical-feed\/wp-content\/uploads\/2023\/05\/Pour-le-prix-d_un-smartphone-30-1200px-300x200.jpg 300w, https:\/\/www.salon-escalade.com\/vertical-feed\/wp-content\/uploads\/2023\/05\/Pour-le-prix-d_un-smartphone-30-1200px-768x512.jpg 768w, https:\/\/www.salon-escalade.com\/vertical-feed\/wp-content\/uploads\/2023\/05\/Pour-le-prix-d_un-smartphone-30-1200px.jpg 1200w\" sizes=\"(max-width: 1024px) 100vw, 1024px\" \/><figcaption class=\"blocks-gallery-item__caption\">Projet \u00ab\u00a0Pour le prix d&rsquo;un smartphone\u00a0\u00bb avec les fr\u00e8res Ladevant et Thomas Joannes \u00a9 Damien Largeron<\/figcaption><\/figure><\/li><li class=\"blocks-gallery-item\"><figure><img decoding=\"async\" loading=\"lazy\" width=\"1024\" height=\"731\" src=\"https:\/\/www.salon-escalade.com\/vertical-feed\/wp-content\/uploads\/2023\/05\/a0dd92d1-4837-4c41-a6ab-e2c4a92c89fe-1024x731.jpg\" alt=\"\" data-id=\"2303\" data-full-url=\"https:\/\/www.salon-escalade.com\/vertical-feed\/wp-content\/uploads\/2023\/05\/a0dd92d1-4837-4c41-a6ab-e2c4a92c89fe.jpg\" data-link=\"https:\/\/www.salon-escalade.com\/vertical-feed\/2023\/05\/08\/symon-welfringer-ambassadeur-2023\/a0dd92d1-4837-4c41-a6ab-e2c4a92c89fe\/\" class=\"wp-image-2303\" srcset=\"https:\/\/www.salon-escalade.com\/vertical-feed\/wp-content\/uploads\/2023\/05\/a0dd92d1-4837-4c41-a6ab-e2c4a92c89fe-1024x731.jpg 1024w, https:\/\/www.salon-escalade.com\/vertical-feed\/wp-content\/uploads\/2023\/05\/a0dd92d1-4837-4c41-a6ab-e2c4a92c89fe-300x214.jpg 300w, https:\/\/www.salon-escalade.com\/vertical-feed\/wp-content\/uploads\/2023\/05\/a0dd92d1-4837-4c41-a6ab-e2c4a92c89fe-768x548.jpg 768w, https:\/\/www.salon-escalade.com\/vertical-feed\/wp-content\/uploads\/2023\/05\/a0dd92d1-4837-4c41-a6ab-e2c4a92c89fe-1536x1096.jpg 1536w, https:\/\/www.salon-escalade.com\/vertical-feed\/wp-content\/uploads\/2023\/05\/a0dd92d1-4837-4c41-a6ab-e2c4a92c89fe.jpg 1600w\" sizes=\"(max-width: 1024px) 100vw, 1024px\" \/><figcaption class=\"blocks-gallery-item__caption\">Directissime de la Pointe Walker, Grandes Jorasses \u00a9 Mathis Dumas \/ Millet<\/figcaption><\/figure><\/li><\/ul><\/figure>\n\n\n\n<h2 class=\"wp-block-heading\">Ses r\u00e9alisations<\/h2>\n\n\n\n<p><strong><u>R\u00e9alisations<\/u><\/strong>&nbsp;&nbsp;<br>Escalade Sportive de niveau 9a<\/p>\n\n\n\n<p><strong><u>Grandes voies :<\/u><\/strong><br>Plusieurs r\u00e9alisations parmi les voies les plus dures du monde au quatre coins d&rsquo;Europe et du monde (Corse, Alpes, Kirghizistan, Pakistan &#8230;)<\/p>\n\n\n\n<p><strong><u>Comp\u00e9titions<\/u><\/strong><br>Pratique de la comp\u00e9tition \u00e0 haut niveau en escalade, trail-running et kayak.<\/p>\n\n\n\n<p>Membre de l&rsquo;\u00e9quipe de France Escalade jeunes et participation \u00e0 plusieurs Coupes du Monde<br><br><strong><u>Exp\u00e9ditions et Voyages<\/u><\/strong><br>Exp\u00e9dition dans le Caucase G\u00e9orgien &#8211; juillet-ao\u00fbt 2016<br>Exp\u00e9dition aux \u00c9tats-Unis en 2016 dans le Colorado<br><strong>Exp\u00e9dition au Pakistan &#8211; mai juin 2017<br><\/strong>Ouverture d\u2019une voie en neige et mixte sur un sommet vierge \u00e0 6000m<br><br><strong>Exp\u00e9dition en Alaska en mai 2018<br><\/strong>Ouverture de couloirs en ski et tentative d\u2019ouverture d\u2019une voie en mixte dans les Neacolas Mountain<br><br><strong>Exp\u00e9dition au N\u00e9pal en octobre 2018<br><\/strong>Ouverture du Quatuor \u00e0 Cordes, voie rocheuse sur le Lobuche East 6120m.<br>Ouverture de Pray for porters, voie de mixte sur le Arakam Tse \u00e0 5900m.<br><br><strong>Avril\/mai 2019 exp\u00e9dition au Pakistan dans la Yarkhun Valley<\/strong>&nbsp;avec des ouvertures \u00e0 ski et de deux voies, une en mixte \u00ab\u00a0Sur la route de l&rsquo;\u00e9cole\u00a0\u00bb M6\/500m<br>\u00ab\u00a0Le crux amovible\u00a0\u00bb 7b+ 250m<br>Avec Aur\u00e9lien Vaissi\u00e8re, Pierrick Fine, Antoine Rolle <br><br>Septembre 2019<br><strong>Voyage au Kirghizistan<\/strong>&nbsp;avec Manon B\u00e9rend et r\u00e9p\u00e9tition de la voie Perestroicrack, 7b 900m<br><br>Octobre\/Novembre 2019<br><strong>Exp\u00e9dition dans la Rolwaling au N\u00e9pal&nbsp;<\/strong>avec Charles Noirot et Silvan Schupbach.<br>Ouverture de Trinit\u00e9, M6\/ WI5 &#8211; 1500m sur le Tengi Ragi Tau \u00e0 6820m en 4 jours.<br><br><strong>Ao\u00fbt 2020<\/strong><\/p>\n\n\n\n<p>Voyage dans les Lofoten en Norv\u00e8ge, escalade en Big wall et voies en fissure.<\/p>\n\n\n\n<p><strong>Octobre 2020<\/strong><\/p>\n\n\n\n<p>Exp\u00e9dition au Pakistan dans le massif du Batura Muztagh. Ouverture de Revers Gagnant 2500m \/ 90\u00b0 \/ M4+ \/ WI 4+ sur le Sani Pakkush, 6953m (face sud vierge)<\/p>\n\n\n\n<p><strong>Juillet\/Ao\u00fbt 2021<\/strong><\/p>\n\n\n\n<p>Voyage au Groenland&nbsp;5 semaines&nbsp;pour acc\u00e9der par kayak au fond d&rsquo;un fjord et ouvrir deux voies d&rsquo;escalade Bigwall : Forum (7c, 840m) et La c\u00e8ne du Renard (450m, 7a)<\/p>\n\n\n\n<p>Au total 350km parcouru en kayak et deux voies de 900 et 500m ouverte dans un endroit extr\u00eamement sauvage.<\/p>\n\n\n\n<p><strong>Septembre\/Octobre 2021<\/strong><\/p>\n\n\n\n<p>Tentative d&rsquo;ouverture sur le Pilier Nord du Chamlang \u00e0 7319m<\/p>\n\n\n\n<figure class=\"wp-block-gallery columns-2 is-cropped wp-block-gallery-3 is-layout-flex wp-block-gallery-is-layout-flex\"><ul class=\"blocks-gallery-grid\"><li class=\"blocks-gallery-item\"><figure><img decoding=\"async\" loading=\"lazy\" width=\"1024\" height=\"683\" src=\"https:\/\/www.salon-escalade.com\/vertical-feed\/wp-content\/uploads\/2023\/05\/BA6A9372-1200px-1024x683.jpg\" alt=\"\" data-id=\"2322\" data-full-url=\"https:\/\/www.salon-escalade.com\/vertical-feed\/wp-content\/uploads\/2023\/05\/BA6A9372-1200px.jpg\" data-link=\"https:\/\/www.salon-escalade.com\/vertical-feed\/2023\/05\/08\/symon-welfringer-ambassadeur-2023\/_ba6a9372-1200px\/\" class=\"wp-image-2322\" srcset=\"https:\/\/www.salon-escalade.com\/vertical-feed\/wp-content\/uploads\/2023\/05\/BA6A9372-1200px-1024x683.jpg 1024w, https:\/\/www.salon-escalade.com\/vertical-feed\/wp-content\/uploads\/2023\/05\/BA6A9372-1200px-300x200.jpg 300w, https:\/\/www.salon-escalade.com\/vertical-feed\/wp-content\/uploads\/2023\/05\/BA6A9372-1200px-768x512.jpg 768w, https:\/\/www.salon-escalade.com\/vertical-feed\/wp-content\/uploads\/2023\/05\/BA6A9372-1200px.jpg 1200w\" sizes=\"(max-width: 1024px) 100vw, 1024px\" \/><figcaption class=\"blocks-gallery-item__caption\">Symon en action <\/figcaption><\/figure><\/li><li class=\"blocks-gallery-item\"><figure><img decoding=\"async\" loading=\"lazy\" width=\"1024\" height=\"684\" src=\"https:\/\/www.salon-escalade.com\/vertical-feed\/wp-content\/uploads\/2023\/05\/42bc95cf-6906-4b55-9762-a58c4b62c8f0.jpg\" alt=\"\" data-id=\"2321\" data-full-url=\"https:\/\/www.salon-escalade.com\/vertical-feed\/wp-content\/uploads\/2023\/05\/42bc95cf-6906-4b55-9762-a58c4b62c8f0.jpg\" data-link=\"https:\/\/www.salon-escalade.com\/vertical-feed\/2023\/05\/08\/symon-welfringer-ambassadeur-2023\/42bc95cf-6906-4b55-9762-a58c4b62c8f0\/\" class=\"wp-image-2321\" srcset=\"https:\/\/www.salon-escalade.com\/vertical-feed\/wp-content\/uploads\/2023\/05\/42bc95cf-6906-4b55-9762-a58c4b62c8f0.jpg 1024w, https:\/\/www.salon-escalade.com\/vertical-feed\/wp-content\/uploads\/2023\/05\/42bc95cf-6906-4b55-9762-a58c4b62c8f0-300x200.jpg 300w, https:\/\/www.salon-escalade.com\/vertical-feed\/wp-content\/uploads\/2023\/05\/42bc95cf-6906-4b55-9762-a58c4b62c8f0-768x513.jpg 768w\" sizes=\"(max-width: 1024px) 100vw, 1024px\" \/><figcaption class=\"blocks-gallery-item__caption\">Clovis Paulin, Charles Dubouloz &amp; Symon apr\u00e8s leur Hivernale dans la Directissime de la Walker aux Grandes Jorasses<strong> <\/strong>\u00a9 Mathis Dumas \/ Millet<\/figcaption><\/figure><\/li><\/ul><\/figure>\n\n\n\n<h2 class=\"wp-block-heading\">Son film \u00ab\u00a0Revers gagnant, une amiti\u00e9 au-del\u00e0 des cimes\u00a0\u00bb<\/h2>\n\n\n\n<figure class=\"wp-block-embed is-type-video is-provider-youtube wp-block-embed-youtube wp-embed-aspect-16-9 wp-has-aspect-ratio\"><div class=\"wp-block-embed__wrapper\">\n<iframe loading=\"lazy\" title=\"&#039;Revers Gagnant, une amiti\u00e9 au-del\u00e0 des cimes&#039; - Full Movie [English Subtitles]\" width=\"1110\" height=\"624\" src=\"https:\/\/www.youtube.com\/embed\/TFpgVgJusgE?feature=oembed\" frameborder=\"0\" allow=\"accelerometer; autoplay; clipboard-write; encrypted-media; gyroscope; picture-in-picture; web-share\" allowfullscreen><\/iframe>\n<\/div><\/figure>\n\n\n\n<p>\ud83d\uddfb Film \u00ab\u00a0Revers gagnant, une amiti\u00e9 au-del\u00e0 des cimes\u00a0\u00bb (13 min, 2021)<br>\ud83c\udfa5 Production : <strong><a rel=\"noreferrer noopener\" href=\"https:\/\/www.samaya-equipment.com\/\" data-type=\"URL\" data-id=\"https:\/\/www.samaya-equipment.com\/\" target=\"_blank\">Samaya<\/a><\/strong> &#8211; R\u00e9alisation : Hugo Wirth &#8211; Sc\u00e9nario : Nolan Miton \/ Christophe Dumarest<\/p>\n\n\n\n<h2 class=\"wp-block-heading\">Symon Welfringer sur la toile<\/h2>\n\n\n\n<p>\ud83e\uddd7 <a rel=\"noreferrer noopener\" href=\"https:\/\/www.millet.com\/fr_fr\/team-millet\/symon-welfringer\" data-type=\"URL\" data-id=\"https:\/\/www.millet.com\/fr_fr\/team-millet\/symon-welfringer\" target=\"_blank\">Mini portrait<\/a> de Symon<\/p>\n\n\n\n<p>\ud83d\udd35 Le <a rel=\"noreferrer noopener\" href=\"https:\/\/www.facebook.com\/Symon9v\/\" data-type=\"URL\" data-id=\"https:\/\/www.facebook.com\/Symon9v\/\" target=\"_blank\">compte Faceboo<\/a><a href=\"https:\/\/www.facebook.com\/Symon9v\/\" data-type=\"URL\" data-id=\"https:\/\/www.facebook.com\/Symon9v\/\" target=\"_blank\" rel=\"noreferrer noopener\">k<\/a> de Symon<\/p>\n\n\n\n<p>\ud83d\udfe3 Le <a href=\"https:\/\/www.instagram.com\/symon9v\" data-type=\"URL\" data-id=\"https:\/\/www.instagram.com\/symon9v\" target=\"_blank\" rel=\"noreferrer noopener\">compte Insta<\/a> de Symon<\/p>\n<div style=\"margin-top: 0px; margin-bottom: 0px;\" class=\"sharethis-inline-share-buttons\" ><\/div>","protected":false},"excerpt":{"rendered":"<p>Natif de Metz, Symon Welfringer se passionne d\u00e8s son plus jeune \u00e2ge pour l\u2019escalade. Symon remporte plusieurs coupes de France jeunes, s\u2019aligne en Coupe d\u2019Europe et sur plusieurs comp\u00e9titions internationales. Parti \u00e0 Toulouse pour ses \u00e9tudes d\u2019ing\u00e9nieur en m\u00e9t\u00e9orologie, il d\u00e9couvre la montagne dans les Pyr\u00e9n\u00e9es. Mordu, il int\u00e8gre l\u2019\u00e9quipe r\u00e9gionale Midi-Pyr\u00e9n\u00e9es d\u2019alpinisme, passe les s\u00e9lections de l\u2019ENAM (\u00c9cole nationale d\u2019alpinisme masculin) en 2015. Il se consacre bient\u00f4t \u00e0 plein temps \u00e0 la montagne. En octobre 2020, avec Pierrick Fine, il gravit la face Sud du Sani Pakkush (6953 m) au Pakistan. Une premi\u00e8re r\u00e9compens\u00e9e d\u2019un prestigieux Piolet d\u2019Or en 2021\u2026<\/p>\n","protected":false},"author":80,"featured_media":2297,"comment_status":"closed","ping_status":"open","sticky":false,"template":"","format":"standard","meta":{"footnotes":""},"categories":[526,525,154],"tags":[],"_links":{"self":[{"href":"https:\/\/www.salon-escalade.com\/vertical-feed\/wp-json\/wp\/v2\/posts\/2290"}],"collection":[{"href":"https:\/\/www.salon-escalade.com\/vertical-feed\/wp-json\/wp\/v2\/posts"}],"about":[{"href":"https:\/\/www.salon-escalade.com\/vertical-feed\/wp-json\/wp\/v2\/types\/post"}],"author":[{"embeddable":true,"href":"https:\/\/www.salon-escalade.com\/vertical-feed\/wp-json\/wp\/v2\/users\/80"}],"replies":[{"embeddable":true,"href":"https:\/\/www.salon-escalade.com\/vertical-feed\/wp-json\/wp\/v2\/comments?post=2290"}],"version-history":[{"count":16,"href":"https:\/\/www.salon-escalade.com\/vertical-feed\/wp-json\/wp\/v2\/posts\/2290\/revisions"}],"predecessor-version":[{"id":2341,"href":"https:\/\/www.salon-escalade.com\/vertical-feed\/wp-json\/wp\/v2\/posts\/2290\/revisions\/2341"}],"wp:featuredmedia":[{"embeddable":true,"href":"https:\/\/www.salon-escalade.com\/vertical-feed\/wp-json\/wp\/v2\/media\/2297"}],"wp:attachment":[{"href":"https:\/\/www.salon-escalade.com\/vertical-feed\/wp-json\/wp\/v2\/media?parent=2290"}],"wp:term":[{"taxonomy":"category","embeddable":true,"href":"https:\/\/www.salon-escalade.com\/vertical-feed\/wp-json\/wp\/v2\/categories?post=2290"},{"taxonomy":"post_tag","embeddable":true,"href":"https:\/\/www.salon-escalade.com\/vertical-feed\/wp-json\/wp\/v2\/tags?post=2290"}],"curies":[{"name":"wp","href":"https:\/\/api.w.org\/{rel}","templated":true}]}}