{"id":2238,"date":"2023-02-28T15:20:13","date_gmt":"2023-02-28T14:20:13","guid":{"rendered":"https:\/\/www.salon-escalade.com\/vertical-feed\/?p=2238"},"modified":"2025-09-05T11:38:34","modified_gmt":"2025-09-05T09:38:34","slug":"la-tournee-francaise-du-festival-de-banff-ca-commence-bientot","status":"publish","type":"post","link":"https:\/\/www.salon-escalade.com\/vertical-feed\/2023\/02\/28\/la-tournee-francaise-du-festival-de-banff-ca-commence-bientot\/","title":{"rendered":"La tourn\u00e9e fran\u00e7aise du festival de Banff, \u00e7a commence bient\u00f4t !"},"content":{"rendered":"<div style=\"\" class=\"sharethis-inline-share-buttons\" ><\/div>\n<p>Envie d\u2019aventure sur grand \u00e9cran ? La tourn\u00e9e fran\u00e7aise du festival de BANFF sillonnera la France du 6 au 31 mars 2023, pour faire d\u00e9couvrir une s\u00e9lection de 8 films qui invite au voyage et au d\u00e9paysement. (<a href=\"https:\/\/www.banff.fr\/billetterie\/\">voir le d\u00e9tail des dates<\/a>) <\/p>\n\n\n\n<p class=\"has-text-align-left\">Au programme de cette \u00e9dition : des histoires pleines d\u2019humanit\u00e9 racont\u00e9es par des personnages particuli\u00e8rement attachants. \u00ab Que ce soit en repoussant les limites de leur sport, en explorant de nouveaux territoires, en prot\u00e9geant des tortues ou des paysages, en revendiquant une culture ou un mode de vie diff\u00e9rent, en partageant un \u00e9pisode traumatique pour aider au changement de comportement, chaque t\u00e9moignage lie le personnel \u00e0 l\u2019universel \u00bb, nousexplique Margot, programmatrice de la tourn\u00e9e.<\/p>\n\n\n\n<figure class=\"wp-block-embed is-type-video is-provider-youtube wp-block-embed-youtube wp-embed-aspect-16-9 wp-has-aspect-ratio\"><div class=\"wp-block-embed__wrapper\">\n<iframe loading=\"lazy\" title=\"Banff Mountain Film Festival World Tour - France 2023 - Bande Annonce\" width=\"1110\" height=\"624\" src=\"https:\/\/www.youtube.com\/embed\/vp4HOG7De30?feature=oembed\" frameborder=\"0\" allow=\"accelerometer; autoplay; clipboard-write; encrypted-media; gyroscope; picture-in-picture; web-share\" allowfullscreen><\/iframe>\n<\/div><\/figure>\n\n\n\n<p>C\u00f4t\u00e9 destinations, le festival vous fera voyager des Alpes fran\u00e7aises jusqu\u2019\u00e0 l\u2019\u00cele de Baffin, en passant par le Br\u00e9sil, Hawa\u00ef, les Rocheuses canadiennes, les pentes de l\u2019Everest, les bike parks europ\u00e9ens et le d\u00e9sert californien. Pour les activit\u00e9s, il y aura du ski, de la highline, du surf, du VTT, du kayak et de l\u2019escalade. Enfin, cette \u00e9dition marque le retour de la tombola organis\u00e9e \u00e0 chaque projection, une nouvelle qui devrait ravir les habitu\u00e9s !<\/p>\n\n\n\n<figure class=\"wp-block-image size-large\"><img decoding=\"async\" loading=\"lazy\" width=\"1024\" height=\"568\" src=\"https:\/\/www.salon-escalade.com\/vertical-feed\/wp-content\/uploads\/2023\/02\/programme_banff23-1-1024x568.jpg\" alt=\"\" class=\"wp-image-2240\" srcset=\"https:\/\/www.salon-escalade.com\/vertical-feed\/wp-content\/uploads\/2023\/02\/programme_banff23-1-1024x568.jpg 1024w, https:\/\/www.salon-escalade.com\/vertical-feed\/wp-content\/uploads\/2023\/02\/programme_banff23-1-300x166.jpg 300w, https:\/\/www.salon-escalade.com\/vertical-feed\/wp-content\/uploads\/2023\/02\/programme_banff23-1-768x426.jpg 768w, https:\/\/www.salon-escalade.com\/vertical-feed\/wp-content\/uploads\/2023\/02\/programme_banff23-1-1536x852.jpg 1536w, https:\/\/www.salon-escalade.com\/vertical-feed\/wp-content\/uploads\/2023\/02\/programme_banff23-1-2048x1135.jpg 2048w\" sizes=\"(max-width: 1024px) 100vw, 1024px\" \/><\/figure>\n\n\n\n<p class=\"has-text-align-center\">Pour plus d&rsquo;information, rendez-vous sur notre site internet <a href=\"https:\/\/www.banff.fr\/\" data-type=\"URL\" data-id=\"https:\/\/www.banff.fr\/\">www,banff.fr<\/a> ! <\/p>\n\n\n\n<p class=\"has-text-align-center\">Retrouvez-nous sur <a href=\"https:\/\/www.facebook.com\/BanffFrance\">Facebook<\/a> et <a href=\"https:\/\/www.instagram.com\/banff.france\/?hl=fr\">Instagram<\/a><\/p>\n<div style=\"margin-top: 0px; margin-bottom: 0px;\" class=\"sharethis-inline-share-buttons\" ><\/div>","protected":false},"excerpt":{"rendered":"<p>Envie d\u2019aventure sur grand \u00e9cran ? La tourn\u00e9e fran\u00e7aise du festival de BANFF sillonnera la France du 6 au 31 mars 2023, pour faire d\u00e9couvrir une s\u00e9lection de 8 films&hellip; <\/p>\n","protected":false},"author":35,"featured_media":2242,"comment_status":"closed","ping_status":"open","sticky":false,"template":"","format":"standard","meta":{"footnotes":""},"categories":[527,154],"tags":[470,8],"_links":{"self":[{"href":"https:\/\/www.salon-escalade.com\/vertical-feed\/wp-json\/wp\/v2\/posts\/2238"}],"collection":[{"href":"https:\/\/www.salon-escalade.com\/vertical-feed\/wp-json\/wp\/v2\/posts"}],"about":[{"href":"https:\/\/www.salon-escalade.com\/vertical-feed\/wp-json\/wp\/v2\/types\/post"}],"author":[{"embeddable":true,"href":"https:\/\/www.salon-escalade.com\/vertical-feed\/wp-json\/wp\/v2\/users\/35"}],"replies":[{"embeddable":true,"href":"https:\/\/www.salon-escalade.com\/vertical-feed\/wp-json\/wp\/v2\/comments?post=2238"}],"version-history":[{"count":2,"href":"https:\/\/www.salon-escalade.com\/vertical-feed\/wp-json\/wp\/v2\/posts\/2238\/revisions"}],"predecessor-version":[{"id":2244,"href":"https:\/\/www.salon-escalade.com\/vertical-feed\/wp-json\/wp\/v2\/posts\/2238\/revisions\/2244"}],"wp:featuredmedia":[{"embeddable":true,"href":"https:\/\/www.salon-escalade.com\/vertical-feed\/wp-json\/wp\/v2\/media\/2242"}],"wp:attachment":[{"href":"https:\/\/www.salon-escalade.com\/vertical-feed\/wp-json\/wp\/v2\/media?parent=2238"}],"wp:term":[{"taxonomy":"category","embeddable":true,"href":"https:\/\/www.salon-escalade.com\/vertical-feed\/wp-json\/wp\/v2\/categories?post=2238"},{"taxonomy":"post_tag","embeddable":true,"href":"https:\/\/www.salon-escalade.com\/vertical-feed\/wp-json\/wp\/v2\/tags?post=2238"}],"curies":[{"name":"wp","href":"https:\/\/api.w.org\/{rel}","templated":true}]}}