{"id":2213,"date":"2023-01-12T11:07:00","date_gmt":"2023-01-12T10:07:00","guid":{"rendered":"https:\/\/www.salon-escalade.com\/vertical-feed\/?p=2213"},"modified":"2025-09-05T11:39:06","modified_gmt":"2025-09-05T09:39:06","slug":"en-echo-a-lexpo-edlinger-10-ans-dune-disparition-un-documentaire-a-ne-pas-rater","status":"publish","type":"post","link":"https:\/\/www.salon-escalade.com\/vertical-feed\/2023\/01\/12\/en-echo-a-lexpo-edlinger-10-ans-dune-disparition-un-documentaire-a-ne-pas-rater\/","title":{"rendered":"En \u00e9cho \u00e0 l&rsquo;Expo \u00ab\u00a0Edlinger, 10 ans d&rsquo;une disparition\u00a0\u00bb, un documentaire \u00e0 ne pas rater !"},"content":{"rendered":"<div style=\"\" class=\"sharethis-inline-share-buttons\" ><\/div>\n<hr class=\"wp-block-separator\"\/>\n\n\n\n<p class=\"has-drop-cap\">Celles et ceux qui se sont rendus au Salon de l&rsquo;Escalade en Novembre dernier ont pu profiter &#8211; comme l&rsquo;annon\u00e7ait <a rel=\"noreferrer noopener\" href=\"https:\/\/www.salon-escalade.com\/vertical-feed\/2022\/11\/18\/patrick-edlinger-expo-et-rencontre-hommage-sur-le-salon\/\" data-type=\"URL\" data-id=\"https:\/\/www.salon-escalade.com\/vertical-feed\/2022\/11\/18\/patrick-edlinger-expo-et-rencontre-hommage-sur-le-salon\/\" target=\"_blank\">cet article<\/a> &#8211;  d&rsquo;une exposition en hommage aux 10 ans de la disparition du \u00ab\u00a0blond\u00a0\u00bb (photographies et textes de Robert Exertier) qui a inspir\u00e9 &#8211; et inspire encore &#8211; des g\u00e9n\u00e9rations de grimpeurs.<\/p>\n\n\n\n<figure class=\"wp-block-gallery columns-3 is-cropped wp-block-gallery-1 is-layout-flex wp-block-gallery-is-layout-flex\"><ul class=\"blocks-gallery-grid\"><li class=\"blocks-gallery-item\"><figure><img decoding=\"async\" loading=\"lazy\" width=\"1024\" height=\"682\" src=\"https:\/\/www.salon-escalade.com\/vertical-feed\/wp-content\/uploads\/2023\/01\/2022-11-18-Salon-de-lescalade-vendredi-WEB-53-1024x682.jpg\" alt=\"\" data-id=\"2215\" data-link=\"https:\/\/www.salon-escalade.com\/vertical-feed\/?attachment_id=2215\" class=\"wp-image-2215\" srcset=\"https:\/\/www.salon-escalade.com\/vertical-feed\/wp-content\/uploads\/2023\/01\/2022-11-18-Salon-de-lescalade-vendredi-WEB-53-1024x682.jpg 1024w, https:\/\/www.salon-escalade.com\/vertical-feed\/wp-content\/uploads\/2023\/01\/2022-11-18-Salon-de-lescalade-vendredi-WEB-53-300x200.jpg 300w, https:\/\/www.salon-escalade.com\/vertical-feed\/wp-content\/uploads\/2023\/01\/2022-11-18-Salon-de-lescalade-vendredi-WEB-53-768x512.jpg 768w, https:\/\/www.salon-escalade.com\/vertical-feed\/wp-content\/uploads\/2023\/01\/2022-11-18-Salon-de-lescalade-vendredi-WEB-53.jpg 1400w\" sizes=\"(max-width: 1024px) 100vw, 1024px\" \/><\/figure><\/li><li class=\"blocks-gallery-item\"><figure><img decoding=\"async\" loading=\"lazy\" width=\"1024\" height=\"682\" src=\"https:\/\/www.salon-escalade.com\/vertical-feed\/wp-content\/uploads\/2023\/01\/2022-11-18-Salon-de-lescalade-vendredi-WEB-52-1024x682.jpg\" alt=\"\" data-id=\"2214\" data-link=\"https:\/\/www.salon-escalade.com\/vertical-feed\/?attachment_id=2214\" class=\"wp-image-2214\" srcset=\"https:\/\/www.salon-escalade.com\/vertical-feed\/wp-content\/uploads\/2023\/01\/2022-11-18-Salon-de-lescalade-vendredi-WEB-52-1024x682.jpg 1024w, https:\/\/www.salon-escalade.com\/vertical-feed\/wp-content\/uploads\/2023\/01\/2022-11-18-Salon-de-lescalade-vendredi-WEB-52-300x200.jpg 300w, https:\/\/www.salon-escalade.com\/vertical-feed\/wp-content\/uploads\/2023\/01\/2022-11-18-Salon-de-lescalade-vendredi-WEB-52-768x512.jpg 768w, https:\/\/www.salon-escalade.com\/vertical-feed\/wp-content\/uploads\/2023\/01\/2022-11-18-Salon-de-lescalade-vendredi-WEB-52.jpg 1400w\" sizes=\"(max-width: 1024px) 100vw, 1024px\" \/><\/figure><\/li><li class=\"blocks-gallery-item\"><figure><img decoding=\"async\" loading=\"lazy\" width=\"1024\" height=\"682\" src=\"https:\/\/www.salon-escalade.com\/vertical-feed\/wp-content\/uploads\/2023\/01\/2022-11-18-Salon-de-lescalade-vendredi-WEB-54-1024x682.jpg\" alt=\"\" data-id=\"2216\" data-link=\"https:\/\/www.salon-escalade.com\/vertical-feed\/?attachment_id=2216\" class=\"wp-image-2216\" srcset=\"https:\/\/www.salon-escalade.com\/vertical-feed\/wp-content\/uploads\/2023\/01\/2022-11-18-Salon-de-lescalade-vendredi-WEB-54-1024x682.jpg 1024w, https:\/\/www.salon-escalade.com\/vertical-feed\/wp-content\/uploads\/2023\/01\/2022-11-18-Salon-de-lescalade-vendredi-WEB-54-300x200.jpg 300w, https:\/\/www.salon-escalade.com\/vertical-feed\/wp-content\/uploads\/2023\/01\/2022-11-18-Salon-de-lescalade-vendredi-WEB-54-768x512.jpg 768w, https:\/\/www.salon-escalade.com\/vertical-feed\/wp-content\/uploads\/2023\/01\/2022-11-18-Salon-de-lescalade-vendredi-WEB-54.jpg 1400w\" sizes=\"(max-width: 1024px) 100vw, 1024px\" \/><\/figure><\/li><li class=\"blocks-gallery-item\"><figure><img decoding=\"async\" loading=\"lazy\" width=\"1024\" height=\"682\" src=\"https:\/\/www.salon-escalade.com\/vertical-feed\/wp-content\/uploads\/2023\/01\/2022-11-18-Salon-de-lescalade-vendredi-WEB-55-1024x682.jpg\" alt=\"\" data-id=\"2217\" data-link=\"https:\/\/www.salon-escalade.com\/vertical-feed\/?attachment_id=2217\" class=\"wp-image-2217\" srcset=\"https:\/\/www.salon-escalade.com\/vertical-feed\/wp-content\/uploads\/2023\/01\/2022-11-18-Salon-de-lescalade-vendredi-WEB-55-1024x682.jpg 1024w, https:\/\/www.salon-escalade.com\/vertical-feed\/wp-content\/uploads\/2023\/01\/2022-11-18-Salon-de-lescalade-vendredi-WEB-55-300x200.jpg 300w, https:\/\/www.salon-escalade.com\/vertical-feed\/wp-content\/uploads\/2023\/01\/2022-11-18-Salon-de-lescalade-vendredi-WEB-55-768x512.jpg 768w, https:\/\/www.salon-escalade.com\/vertical-feed\/wp-content\/uploads\/2023\/01\/2022-11-18-Salon-de-lescalade-vendredi-WEB-55.jpg 1400w\" sizes=\"(max-width: 1024px) 100vw, 1024px\" \/><\/figure><\/li><li class=\"blocks-gallery-item\"><figure><img decoding=\"async\" loading=\"lazy\" width=\"1024\" height=\"682\" src=\"https:\/\/www.salon-escalade.com\/vertical-feed\/wp-content\/uploads\/2023\/01\/2022-11-18-Salon-de-lescalade-vendredi-WEB-56-1024x682.jpg\" alt=\"\" data-id=\"2218\" data-link=\"https:\/\/www.salon-escalade.com\/vertical-feed\/?attachment_id=2218\" class=\"wp-image-2218\" srcset=\"https:\/\/www.salon-escalade.com\/vertical-feed\/wp-content\/uploads\/2023\/01\/2022-11-18-Salon-de-lescalade-vendredi-WEB-56-1024x682.jpg 1024w, https:\/\/www.salon-escalade.com\/vertical-feed\/wp-content\/uploads\/2023\/01\/2022-11-18-Salon-de-lescalade-vendredi-WEB-56-300x200.jpg 300w, https:\/\/www.salon-escalade.com\/vertical-feed\/wp-content\/uploads\/2023\/01\/2022-11-18-Salon-de-lescalade-vendredi-WEB-56-768x512.jpg 768w, https:\/\/www.salon-escalade.com\/vertical-feed\/wp-content\/uploads\/2023\/01\/2022-11-18-Salon-de-lescalade-vendredi-WEB-56.jpg 1400w\" sizes=\"(max-width: 1024px) 100vw, 1024px\" \/><\/figure><\/li><li class=\"blocks-gallery-item\"><figure><img decoding=\"async\" loading=\"lazy\" width=\"1024\" height=\"682\" src=\"https:\/\/www.salon-escalade.com\/vertical-feed\/wp-content\/uploads\/2023\/01\/2022-11-18-Salon-de-lescalade-vendredi-WEB-57-1024x682.jpg\" alt=\"\" data-id=\"2219\" data-link=\"https:\/\/www.salon-escalade.com\/vertical-feed\/?attachment_id=2219\" class=\"wp-image-2219\" srcset=\"https:\/\/www.salon-escalade.com\/vertical-feed\/wp-content\/uploads\/2023\/01\/2022-11-18-Salon-de-lescalade-vendredi-WEB-57-1024x682.jpg 1024w, https:\/\/www.salon-escalade.com\/vertical-feed\/wp-content\/uploads\/2023\/01\/2022-11-18-Salon-de-lescalade-vendredi-WEB-57-300x200.jpg 300w, https:\/\/www.salon-escalade.com\/vertical-feed\/wp-content\/uploads\/2023\/01\/2022-11-18-Salon-de-lescalade-vendredi-WEB-57-768x512.jpg 768w, https:\/\/www.salon-escalade.com\/vertical-feed\/wp-content\/uploads\/2023\/01\/2022-11-18-Salon-de-lescalade-vendredi-WEB-57.jpg 1400w\" sizes=\"(max-width: 1024px) 100vw, 1024px\" \/><\/figure><\/li><li class=\"blocks-gallery-item\"><figure><img decoding=\"async\" loading=\"lazy\" width=\"683\" height=\"1024\" src=\"https:\/\/www.salon-escalade.com\/vertical-feed\/wp-content\/uploads\/2023\/01\/Salon-de-lescalade-22-Damien-Largeron-321-683x1024.jpg\" alt=\"\" data-id=\"2220\" data-link=\"https:\/\/www.salon-escalade.com\/vertical-feed\/?attachment_id=2220\" class=\"wp-image-2220\" srcset=\"https:\/\/www.salon-escalade.com\/vertical-feed\/wp-content\/uploads\/2023\/01\/Salon-de-lescalade-22-Damien-Largeron-321-683x1024.jpg 683w, https:\/\/www.salon-escalade.com\/vertical-feed\/wp-content\/uploads\/2023\/01\/Salon-de-lescalade-22-Damien-Largeron-321-200x300.jpg 200w, https:\/\/www.salon-escalade.com\/vertical-feed\/wp-content\/uploads\/2023\/01\/Salon-de-lescalade-22-Damien-Largeron-321-768x1152.jpg 768w, https:\/\/www.salon-escalade.com\/vertical-feed\/wp-content\/uploads\/2023\/01\/Salon-de-lescalade-22-Damien-Largeron-321.jpg 1000w\" sizes=\"(max-width: 683px) 100vw, 683px\" \/><\/figure><\/li><\/ul><figcaption class=\"blocks-gallery-caption\">Photos Damien Largeron et William Chareyre<\/figcaption><\/figure>\n\n\n\n<hr class=\"wp-block-separator\"\/>\n\n\n\n<p>Si le sujet vous int\u00e9resse, ne manquez pas l&rsquo;excellent documentaire de Nils Martin \u00ab\u00a0Edlinger, la libert\u00e9 au bout des doigts\u00a0\u00bb disponible <a href=\"https:\/\/france3-regions.francetvinfo.fr\/auvergne-rhone-alpes\/rhone\/lyon\/documentaire-avec-edlinger-la-liberte-au-bout-des-doigts-nils-martin-nous-emmene-dans-un-recit-entre-ciel-et-terre-2688354.html\" data-type=\"URL\" data-id=\"https:\/\/france3-regions.francetvinfo.fr\/auvergne-rhone-alpes\/rhone\/lyon\/documentaire-avec-edlinger-la-liberte-au-bout-des-doigts-nils-martin-nous-emmene-dans-un-recit-entre-ciel-et-terre-2688354.html\" target=\"_blank\" rel=\"noreferrer noopener\">en replay sur France 3 R\u00e9gions jusqu&rsquo;au 11 F\u00e9vrier 2023<\/a>.<\/p>\n\n\n\n<figure class=\"wp-block-embed is-type-video is-provider-youtube wp-block-embed-youtube wp-embed-aspect-16-9 wp-has-aspect-ratio\"><div class=\"wp-block-embed__wrapper\">\n<iframe loading=\"lazy\" title=\"Edlinger, la libert\u00e9 au bout des doigts - EXTRAIT\/BANDE-ANNONCE 2023\" width=\"1110\" height=\"624\" src=\"https:\/\/www.youtube.com\/embed\/6n2czydsngw?feature=oembed\" frameborder=\"0\" allow=\"accelerometer; autoplay; clipboard-write; encrypted-media; gyroscope; picture-in-picture; web-share\" allowfullscreen><\/iframe>\n<\/div><\/figure>\n<div style=\"margin-top: 0px; margin-bottom: 0px;\" class=\"sharethis-inline-share-buttons\" ><\/div>","protected":false},"excerpt":{"rendered":"<p>Celles et ceux qui se sont rendus au Salon de l&rsquo;Escalade en Novembre dernier ont pu profiter &#8211; comme l&rsquo;annon\u00e7ait cet article &#8211; d&rsquo;une exposition en hommage aux 10 ans&hellip; <\/p>\n","protected":false},"author":2,"featured_media":2214,"comment_status":"closed","ping_status":"open","sticky":false,"template":"","format":"standard","meta":{"footnotes":""},"categories":[527],"tags":[],"_links":{"self":[{"href":"https:\/\/www.salon-escalade.com\/vertical-feed\/wp-json\/wp\/v2\/posts\/2213"}],"collection":[{"href":"https:\/\/www.salon-escalade.com\/vertical-feed\/wp-json\/wp\/v2\/posts"}],"about":[{"href":"https:\/\/www.salon-escalade.com\/vertical-feed\/wp-json\/wp\/v2\/types\/post"}],"author":[{"embeddable":true,"href":"https:\/\/www.salon-escalade.com\/vertical-feed\/wp-json\/wp\/v2\/users\/2"}],"replies":[{"embeddable":true,"href":"https:\/\/www.salon-escalade.com\/vertical-feed\/wp-json\/wp\/v2\/comments?post=2213"}],"version-history":[{"count":2,"href":"https:\/\/www.salon-escalade.com\/vertical-feed\/wp-json\/wp\/v2\/posts\/2213\/revisions"}],"predecessor-version":[{"id":2223,"href":"https:\/\/www.salon-escalade.com\/vertical-feed\/wp-json\/wp\/v2\/posts\/2213\/revisions\/2223"}],"wp:featuredmedia":[{"embeddable":true,"href":"https:\/\/www.salon-escalade.com\/vertical-feed\/wp-json\/wp\/v2\/media\/2214"}],"wp:attachment":[{"href":"https:\/\/www.salon-escalade.com\/vertical-feed\/wp-json\/wp\/v2\/media?parent=2213"}],"wp:term":[{"taxonomy":"category","embeddable":true,"href":"https:\/\/www.salon-escalade.com\/vertical-feed\/wp-json\/wp\/v2\/categories?post=2213"},{"taxonomy":"post_tag","embeddable":true,"href":"https:\/\/www.salon-escalade.com\/vertical-feed\/wp-json\/wp\/v2\/tags?post=2213"}],"curies":[{"name":"wp","href":"https:\/\/api.w.org\/{rel}","templated":true}]}}