{"id":2205,"date":"2023-01-09T10:43:00","date_gmt":"2023-01-09T09:43:00","guid":{"rendered":"https:\/\/www.salon-escalade.com\/vertical-feed\/?p=2205"},"modified":"2025-09-05T11:39:23","modified_gmt":"2025-09-05T09:39:23","slug":"3e-salon-de-lescalade-une-premiere-reussie-a-grenoble","status":"publish","type":"post","link":"https:\/\/www.salon-escalade.com\/vertical-feed\/2023\/01\/09\/3e-salon-de-lescalade-une-premiere-reussie-a-grenoble\/","title":{"rendered":"3e Salon de l&rsquo;Escalade \u2013 Une premi\u00e8re r\u00e9ussie \u00e0 Grenoble !"},"content":{"rendered":"<div style=\"\" class=\"sharethis-inline-share-buttons\" ><\/div>\n<hr class=\"wp-block-separator\"\/>\n\n\n\n<h3 class=\"wp-block-heading\">Alors que la p\u00e9riode des f\u00eates de fin d&rsquo;ann\u00e9e se termine, toute l&rsquo;\u00e9quipe d&rsquo;organisation du Salon de l&rsquo;Escalade vous souhaite ses meilleurs v\u0153ux pour l&rsquo;ann\u00e9e 2023 et profite de cette rentr\u00e9e pour vous livrer son bilan de cette Edition 2022.<\/h3>\n\n\n\n<hr class=\"wp-block-separator is-style-dots\"\/>\n\n\n\n<h3 class=\"wp-block-heading\"><strong><u>SATISFACTION MAXIMALE POUR LA PREMIERE A GRENOBLE !<\/u><\/strong><\/h3>\n\n\n\n<div class=\"wp-block-group\"><div class=\"wp-block-group__inner-container is-layout-flow wp-block-group-is-layout-flow\">\n<h4 class=\"wp-block-heading\">La barre toujours plus haut !<\/h4>\n\n\n\n<ul><li>245 Exposants (101 de plus que les 144 exposants de 2021) organis\u00e9s en 12 Cat\u00e9gories<\/li><li>750 Repr\u00e9sentants repr\u00e9sentant 20 Nations<\/li><li>4500 Visiteurs (3150 en 2021 \/ +43%)<\/li><li>3 Comp\u00e9titions d&rsquo;Escalade sur 2 Structures \u00e9ph\u00e9m\u00e8res d\u00e9di\u00e9es<\/li><li>4 Foodtrucks qui ont servi 2000 repas !<\/li><li>Une \u00e9quipe d&rsquo;organisation renforc\u00e9e (R\u00e9gisseurs techniques, Responsables de p\u00f4les) \u00e9paul\u00e9s par plus de 60 b\u00e9n\u00e9voles.<\/li><\/ul>\n\n\n\n<h4 class=\"wp-block-heading\">Une Journ\u00e9e Pro qui r\u00e9pond aux attentes<\/h4>\n\n\n\n<ul><li>430 Visiteurs pros le Vendredi (2 fois plus qu&rsquo;en 2021)<\/li><li>6 Conf\u00e9rences-clefs le Vendredi<\/li><li>Des agr\u00e8s permettant aux visiteurs de tester les produits<\/li><li>Une couverture presse active et multi-supports (TV, Radio, Magazine et Journaux + Blogs) avec 32 journalistes pr\u00e9sents !<\/li><li>Des Exposants satisfaits de la qualit\u00e9 des rencontres effectu\u00e9es sur place<\/li><li>30 interviews d&rsquo;exposants r\u00e9alis\u00e9es<\/li><li>Un moment convivial le Vendredi soir autour d&rsquo;un verre et pour ceux qui le souhaitaient, chausson d&rsquo;escalade aux pieds !<\/li><\/ul>\n\n\n\n<blockquote class=\"wp-block-quote\"><p>Un petit mot pour te f\u00e9liciter pour cette nouvelle \u00e9dition toujours r\u00e9ussie !<\/p><cite>Emmanuelle Vallesi, Co-G\u00e9rante | Bloc &amp; Co.<\/cite><\/blockquote>\n\n\n\n<blockquote class=\"wp-block-quote\"><p>Merci pour l\u2019accueil et l\u2019organisation du Salon de l\u2019escalade 2022, \u00e0 Grenoble<\/p><cite>Jean-Marc Gilbert, Responsable Marketing et Communication | Block&rsquo;Out<\/cite><\/blockquote>\n<\/div><\/div>\n\n\n\n<blockquote class=\"wp-block-quote\"><p>Ce petit message pour remercier l&rsquo;\u00e9quipe pour ce beau Salon, que l\u2019aventure continue !<\/p><cite>Thierry Vasseur, G\u00e9rant | Blozone<\/cite><\/blockquote>\n\n\n\n<blockquote class=\"wp-block-quote\"><p>Merci pour ce Salon, \u00e7a a \u00e9t\u00e9 une belle exp\u00e9rience ! Pleins de clients contents, de nouveaux copains pour aller en montagne et surtout de contacts tr\u00e8s int\u00e9ressants !<\/p><cite>Salom\u00e9 Auberger \u2013 Cr\u00e9atrice | Carnets d&rsquo;Altitude<\/cite><\/blockquote>\n\n\n\n<blockquote class=\"wp-block-quote\"><p>It was definitely a good experience and we will for sure attend also next year<\/p><cite>Tadeja Kri\u017enar, Sales Director | CST Climbing Systems and Technology LTD<\/cite><\/blockquote>\n\n\n\n<blockquote class=\"wp-block-quote\"><p>\u00c7a a \u00e9t\u00e9 un plaisir de venir, le salon a vraiment \u00e9t\u00e9 un super moment pour nous, qui nous a permis d&rsquo;avoir beaucoup de retours positifs sur le projet<\/p><cite>Nina Gouze, Pr\u00e9sidente | Clean Climber France<\/cite><\/blockquote>\n\n\n\n<blockquote class=\"wp-block-quote\"><p>Le salon s\u2019est tr\u00e8s bien pass\u00e9 \u00e9galement pour nous : une super ambiance, des \u00e9changes avec nos partenaires, des rencontres avec plusieurs jeunes int\u00e9ress\u00e9s par le m\u00e9tier de Sapeur-Pompier et de Sauveteur sur cordes. Merci pour l\u2019accueil \u00e0 Alpexpo et \u00e0 tous les b\u00e9n\u00e9voles qui ont \u00e9t\u00e9 tr\u00e8s sympa et disponibles !<\/p><cite>Adjudant Nicolas Beurrier, Formateur | ECASC<\/cite><\/blockquote>\n\n\n\n<blockquote class=\"wp-block-quote\"><p>Un grand bravo pour l&rsquo;organisation du salon ! C&rsquo;\u00e9tait top ! Nous avons bien vendu sur le stand et avec Catherine, et te remercions de nous avoir permis d&rsquo;y participer. Les \u00e9quipes de l&rsquo;orga et les b\u00e9n\u00e9voles \u00e9taient vraiment pro, merci \u00e0 tous et \u00e0 l&rsquo;ann\u00e9e prochaine !<\/p><cite>Alexia Paolozzi | Les Editions du Mont-Blanc<\/cite><\/blockquote>\n\n\n\n<blockquote class=\"wp-block-quote\"><p>Le salon s&rsquo;est tr\u00e8s bien pass\u00e9 pour nous. C&rsquo;est l&rsquo;un des RDV cl\u00e9s de l&rsquo;ann\u00e9e pour EP !<\/p><cite>Sayoa Ayerdi, Europe Marketing Coordinator | EP Climbing<\/cite><\/blockquote>\n\n\n\n<blockquote class=\"wp-block-quote\"><p>Un grand merci pour l&rsquo;organisation du salon qui est une grande r\u00e9ussite de notre c\u00f4t\u00e9<\/p><cite>Baptiste Gouillat, Charg\u00e9 de D\u00e9veloppement | FSGT<\/cite><\/blockquote>\n\n\n\n<blockquote class=\"wp-block-quote\"><p>Merci pour ton accueil et bravo pour ton engagement !<\/p><cite>Hinatea Perrier, Charg\u00e9e de D\u00e9veloppement Touristique |Agence de D\u00e9veloppement des Hautes-Alpes<\/cite><\/blockquote>\n\n\n\n<blockquote class=\"wp-block-quote\"><p>C\u00f4t\u00e9 D\u00e9partement c&rsquo;\u00e9tait un bel \u00e9v\u00e8nement avec beaucoup de monde int\u00e9ress\u00e9 par notre stand, beaucoup d&rsquo;\u00e9changes avec des partenaires\/territoires\/pratiquants, donc r\u00e9ussi de notre point de vue, f\u00e9licitations !<\/p><cite>Marie Habert, Charg\u00e9e de Mission au Service des Sports |D\u00e9partement de l\u2019Is\u00e8re<\/cite><\/blockquote>\n\n\n\n<blockquote class=\"wp-block-quote\"><p>Pour ma part, c&rsquo;\u00e9tait ma premi\u00e8re visite du Salon de l&rsquo;escalade et j&rsquo;ai trouv\u00e9 l&rsquo;\u00e9v\u00e9nement tr\u00e8s chouette !<\/p><cite>Nolwen Berthier, Grimpeuse de haut-niveau engag\u00e9e pour la transition \u00e9cologique<\/cite><\/blockquote>\n\n\n\n<blockquote class=\"wp-block-quote\"><p>Merci pour l&rsquo;organisation de ce salon, les retours m\u00e9diatiques sont int\u00e9ressants !<\/p><cite>Alex Yang, Cr\u00e9ateur et G\u00e9rant | YY Vertical<\/cite><\/blockquote>\n\n\n\n<blockquote class=\"wp-block-quote\"><p>Ce Salon constitue une \u00e9tape importante pour nous, nous souhaitons le promouvoir \u00e0 travers tous nos r\u00e9seaux<\/p><cite>Cyril Faura, Marketing Manager | 9a Climbing<\/cite><\/blockquote>\n\n\n\n<hr class=\"wp-block-separator\"\/>\n\n\n\n<h4 class=\"wp-block-heading\">Un programme d&rsquo;animations grand public toujours plus fourni<\/h4>\n\n\n\n<ul><li>18 Conf\u00e9rences sur les sujets sociaux, environnementaux, du tourisme, de l&#8217;emploi, de l&rsquo;inclusion&#8230;<\/li><li>2 Ambassadeurs au top : Solenne Piret et Fran\u00e7ois Damilano<\/li><li>Plus de 15 Auteurs pr\u00e9sents pour les d\u00e9dicaces<\/li><li>Un atelier de r\u00e9paration gratuit<\/li><li>2 D\u00e9fil\u00e9s de Mode Escalade<\/li><\/ul>\n\n\n\n<p>Nouveau cette ann\u00e9e :<\/p>\n\n\n\n<ul><li>Les d\u00e9monstrations verticales,<\/li><li>Le &lsquo;Village \u00e9ph\u00e9m\u00e8re&rsquo; Au Vieux Campeur au c\u0153ur du Salon<\/li><li>l&rsquo;Exposition originale du Salon en hommage \u00e0 Patrick Edlinger<\/li><li>L&rsquo;espace ludique sp\u00e9cialement d\u00e9di\u00e9 aux Enfants<\/li><\/ul>\n\n\n\n<h4 class=\"wp-block-heading\">ALPEXPO : le lieu de tous les possibles !<\/h4>\n\n\n\n<ul><li>Plus pratique pour les Exposants (parking de plain-pied)<\/li><li>Plus pratique pour les Visiteurs (grand parking gratuit + transports en commun \u00e0 proximit\u00e9)<\/li><li>Plus moderne et plus lumineux<\/li><li>Une structure permettant des d\u00e9monstrations sur corde<\/li><li>Un staff incroyable (merci \u00e0 toute l&rsquo;\u00e9quipe en place !)<\/li><\/ul>\n\n\n\n<p><strong>En r\u00e9sum\u00e9, un Salon n\u00e9cessaire, qui fait d\u00e9j\u00e0 partie des RDV incontournables sur la plan\u00e8te Verticalit\u00e9 !<\/strong><\/p>\n\n\n\n<blockquote class=\"wp-block-quote\"><p>\u00ab\u00a0C&rsquo;est important d&rsquo;avoir un Salon de l&rsquo;Escalade !\u00a0\u00bb <\/p><cite>Solenne Piret, Triple Championne du Monde Para-Escalade et Ambassadrice du Salon de l&rsquo;Escalade 2022<\/cite><\/blockquote>\n\n\n\n<hr class=\"wp-block-separator\"\/>\n\n\n\n<h3 class=\"wp-block-heading\"><strong><u>M\u00caME FORMULE EN 2023, MAIS NOUVELLES DATES !<\/u><\/strong><\/h3>\n\n\n\n<p>Parce qu&rsquo;on ne change pas une recette qui marche, mais qu&rsquo;il faut rester \u00e0 l&rsquo;\u00e9coute des attentes de nos exposants,<\/p>\n\n\n\n<p>nous avons d\u00e9cid\u00e9 d&rsquo;anticiper l&rsquo;Edition 2023. Explications :<\/p>\n\n\n\n<ul><li>Pour coller \u00e0 la Rentr\u00e9e des Sportifs (parfait pour fabricants de mat\u00e9riel, revendeurs et op\u00e9rateurs de salles)<\/li><li>Pour lib\u00e9rer un mois de Novembre surcharg\u00e9 en \u00e9v\u00e9nements France\/International,<\/li><li>En raison des nombreuses contraintes en Novembre, tous exposants confondus : Sales meetings, Assembl\u00e9es G\u00e9n\u00e9rales, Soldes\/Black Friday&#8230;<\/li><li>Parce que Novembre \u00e9tait trop proche de la saison hiver<\/li><\/ul>\n\n\n\n<p><strong>A noter d\u00e8s a pr\u00e9sent : Nouvelles Dates pour 2023 !<\/strong><\/p>\n\n\n\n<ul><li><strong>29+30 Septembre et 1<sup>er<\/sup> Octobre<\/strong><\/li><li><strong>Toujours \u00e0 Alpexpo GRENOBL<\/strong>E<\/li><\/ul>\n\n\n\n<p>La formule gagnante secr\u00e8te du Salon, elle, reste inchang\u00e9e, \u00e0 savoir :<\/p>\n\n\n\n<ul><li>Dualit\u00e9 de visitorats :<ul><li>Vendredi 29\/09 d\u00e9di\u00e9 aux professionnels et porteurs de projets<\/li><\/ul><ul><li>Samedi 30\/09 + Dimanche 01\/10 ouvert au Grand Public.<\/li><\/ul><\/li><li>Int\u00e9r\u00eat port\u00e9 \u00e0 la Verticalit\u00e9 dans son ensemble :<ul><li>Escalade, Via-Ferrata, Alpi, Canyon, Sp\u00e9l\u00e9o, Travaux Acro&#8230;<\/li><\/ul><ul><li>Approche Loisir, Comp\u00e9tition, Tourisme, Formation et M\u00e9tiers, Produits et Services&#8230;<\/li><\/ul><\/li><\/ul>\n\n\n\n<figure class=\"wp-block-image size-large\"><img decoding=\"async\" loading=\"lazy\" width=\"1024\" height=\"819\" src=\"https:\/\/www.salon-escalade.com\/vertical-feed\/wp-content\/uploads\/2023\/01\/Montage-Photo-Carte-Bonne-Annee-2023-v4-Credits-Damien-Largeron-1024x819.png\" alt=\"\" class=\"wp-image-2209\" srcset=\"https:\/\/www.salon-escalade.com\/vertical-feed\/wp-content\/uploads\/2023\/01\/Montage-Photo-Carte-Bonne-Annee-2023-v4-Credits-Damien-Largeron-1024x819.png 1024w, https:\/\/www.salon-escalade.com\/vertical-feed\/wp-content\/uploads\/2023\/01\/Montage-Photo-Carte-Bonne-Annee-2023-v4-Credits-Damien-Largeron-300x240.png 300w, https:\/\/www.salon-escalade.com\/vertical-feed\/wp-content\/uploads\/2023\/01\/Montage-Photo-Carte-Bonne-Annee-2023-v4-Credits-Damien-Largeron-768x614.png 768w, https:\/\/www.salon-escalade.com\/vertical-feed\/wp-content\/uploads\/2023\/01\/Montage-Photo-Carte-Bonne-Annee-2023-v4-Credits-Damien-Largeron-1536x1229.png 1536w, https:\/\/www.salon-escalade.com\/vertical-feed\/wp-content\/uploads\/2023\/01\/Montage-Photo-Carte-Bonne-Annee-2023-v4-Credits-Damien-Largeron.png 2000w\" sizes=\"(max-width: 1024px) 100vw, 1024px\" \/><\/figure>\n\n\n\n<hr class=\"wp-block-separator\"\/>\n\n\n\n<h3 class=\"wp-block-heading\"><strong>&gt;&gt; Message pour nos Exposants 2023&lt;&lt;<\/strong><\/h3>\n\n\n\n<ul><li><strong>Ouverture des r\u00e9servations de Stands le Mardi 25 Avril<\/strong><\/li><li><strong>Vous souhaitez vous informer, proposer une animation, partager un Stand&#8230; <a href=\"https:\/\/www.salon-escalade.com\/site\/contact\/\" data-type=\"URL\" data-id=\"https:\/\/www.salon-escalade.com\/site\/contact\/\" target=\"_blank\" rel=\"noreferrer noopener\">=> Contactez-nous !<\/a><\/strong><\/li><\/ul>\n<div style=\"margin-top: 0px; margin-bottom: 0px;\" class=\"sharethis-inline-share-buttons\" ><\/div>","protected":false},"excerpt":{"rendered":"<p>Alors que la p\u00e9riode des f\u00eates de fin d&rsquo;ann\u00e9e se termine, toute l&rsquo;\u00e9quipe d&rsquo;organisation du Salon de l&rsquo;Escalade vous souhaite ses meilleurs v\u0153ux pour l&rsquo;ann\u00e9e 2023 et profite de cette&hellip; <\/p>\n","protected":false},"author":2,"featured_media":2209,"comment_status":"closed","ping_status":"open","sticky":false,"template":"","format":"standard","meta":{"footnotes":""},"categories":[525,154],"tags":[],"_links":{"self":[{"href":"https:\/\/www.salon-escalade.com\/vertical-feed\/wp-json\/wp\/v2\/posts\/2205"}],"collection":[{"href":"https:\/\/www.salon-escalade.com\/vertical-feed\/wp-json\/wp\/v2\/posts"}],"about":[{"href":"https:\/\/www.salon-escalade.com\/vertical-feed\/wp-json\/wp\/v2\/types\/post"}],"author":[{"embeddable":true,"href":"https:\/\/www.salon-escalade.com\/vertical-feed\/wp-json\/wp\/v2\/users\/2"}],"replies":[{"embeddable":true,"href":"https:\/\/www.salon-escalade.com\/vertical-feed\/wp-json\/wp\/v2\/comments?post=2205"}],"version-history":[{"count":6,"href":"https:\/\/www.salon-escalade.com\/vertical-feed\/wp-json\/wp\/v2\/posts\/2205\/revisions"}],"predecessor-version":[{"id":2212,"href":"https:\/\/www.salon-escalade.com\/vertical-feed\/wp-json\/wp\/v2\/posts\/2205\/revisions\/2212"}],"wp:featuredmedia":[{"embeddable":true,"href":"https:\/\/www.salon-escalade.com\/vertical-feed\/wp-json\/wp\/v2\/media\/2209"}],"wp:attachment":[{"href":"https:\/\/www.salon-escalade.com\/vertical-feed\/wp-json\/wp\/v2\/media?parent=2205"}],"wp:term":[{"taxonomy":"category","embeddable":true,"href":"https:\/\/www.salon-escalade.com\/vertical-feed\/wp-json\/wp\/v2\/categories?post=2205"},{"taxonomy":"post_tag","embeddable":true,"href":"https:\/\/www.salon-escalade.com\/vertical-feed\/wp-json\/wp\/v2\/tags?post=2205"}],"curies":[{"name":"wp","href":"https:\/\/api.w.org\/{rel}","templated":true}]}}