{"id":2171,"date":"2022-11-18T08:18:23","date_gmt":"2022-11-18T07:18:23","guid":{"rendered":"https:\/\/www.salon-escalade.com\/vertical-feed\/?p=2171"},"modified":"2025-09-05T11:39:51","modified_gmt":"2025-09-05T09:39:51","slug":"patrick-edlinger-expo-et-rencontre-hommage-sur-le-salon","status":"publish","type":"post","link":"https:\/\/www.salon-escalade.com\/vertical-feed\/2022\/11\/18\/patrick-edlinger-expo-et-rencontre-hommage-sur-le-salon\/","title":{"rendered":"Patrick Edlinger : expo et rencontre hommage"},"content":{"rendered":"<div style=\"\" class=\"sharethis-inline-share-buttons\" ><\/div>\n<p><strong>Patrick Edlinger<\/strong>, c&rsquo;est le nom qui r\u00e9sonne comme l&rsquo;image \u00ab\u00a0authentique\u00a0\u00bb d&rsquo;une existence totalement vou\u00e9e \u00e0 la nature et \u00e0 l&rsquo;escalade. Aujourd&rsquo;hui, les vans am\u00e9nag\u00e9s et les crashpads deviennent la norme, les sites d&rsquo;escalade se popularisent, les choses ont bien \u00e9volu\u00e9 : l&rsquo;\u00e2ge d&rsquo;or de la varappe \u00e0 la mani\u00e8re de ce mod\u00e8le s&rsquo;\u00e9loigne et laisse place \u00e0 d&rsquo;autres pratiques.<\/p>\n\n\n\n<figure class=\"wp-block-gallery columns-3 is-cropped wp-block-gallery-1 is-layout-flex wp-block-gallery-is-layout-flex\"><ul class=\"blocks-gallery-grid\"><li class=\"blocks-gallery-item\"><figure><img decoding=\"async\" loading=\"lazy\" width=\"679\" height=\"1024\" src=\"https:\/\/www.salon-escalade.com\/vertical-feed\/wp-content\/uploads\/2022\/11\/Patrick-EDLINGER-Cassis-1-\u00a9-Philippe-Poulet-800px-1-679x1024.jpg\" alt=\"\" data-id=\"2179\" data-full-url=\"https:\/\/www.salon-escalade.com\/vertical-feed\/wp-content\/uploads\/2022\/11\/Patrick-EDLINGER-Cassis-1-\u00a9-Philippe-Poulet-800px-1.jpg\" data-link=\"https:\/\/www.salon-escalade.com\/vertical-feed\/?attachment_id=2179\" class=\"wp-image-2179\" srcset=\"https:\/\/www.salon-escalade.com\/vertical-feed\/wp-content\/uploads\/2022\/11\/Patrick-EDLINGER-Cassis-1-\u00a9-Philippe-Poulet-800px-1-679x1024.jpg 679w, https:\/\/www.salon-escalade.com\/vertical-feed\/wp-content\/uploads\/2022\/11\/Patrick-EDLINGER-Cassis-1-\u00a9-Philippe-Poulet-800px-1-199x300.jpg 199w, https:\/\/www.salon-escalade.com\/vertical-feed\/wp-content\/uploads\/2022\/11\/Patrick-EDLINGER-Cassis-1-\u00a9-Philippe-Poulet-800px-1-768x1159.jpg 768w, https:\/\/www.salon-escalade.com\/vertical-feed\/wp-content\/uploads\/2022\/11\/Patrick-EDLINGER-Cassis-1-\u00a9-Philippe-Poulet-800px-1.jpg 800w\" sizes=\"(max-width: 679px) 100vw, 679px\" \/><figcaption class=\"blocks-gallery-item__caption\">Patrick Edlinger &#8211; Cassis \u00a9 Philippe Poulet<\/figcaption><\/figure><\/li><li class=\"blocks-gallery-item\"><figure><img decoding=\"async\" loading=\"lazy\" width=\"682\" height=\"1024\" src=\"https:\/\/www.salon-escalade.com\/vertical-feed\/wp-content\/uploads\/2022\/11\/Patrick-EDLINGER-portrait-1-bis-\u00a9-Philippe-Poulet-800px-1-682x1024.jpg\" alt=\"\" data-id=\"2178\" data-full-url=\"https:\/\/www.salon-escalade.com\/vertical-feed\/wp-content\/uploads\/2022\/11\/Patrick-EDLINGER-portrait-1-bis-\u00a9-Philippe-Poulet-800px-1.jpg\" data-link=\"https:\/\/www.salon-escalade.com\/vertical-feed\/?attachment_id=2178\" class=\"wp-image-2178\" srcset=\"https:\/\/www.salon-escalade.com\/vertical-feed\/wp-content\/uploads\/2022\/11\/Patrick-EDLINGER-portrait-1-bis-\u00a9-Philippe-Poulet-800px-1-682x1024.jpg 682w, https:\/\/www.salon-escalade.com\/vertical-feed\/wp-content\/uploads\/2022\/11\/Patrick-EDLINGER-portrait-1-bis-\u00a9-Philippe-Poulet-800px-1-200x300.jpg 200w, https:\/\/www.salon-escalade.com\/vertical-feed\/wp-content\/uploads\/2022\/11\/Patrick-EDLINGER-portrait-1-bis-\u00a9-Philippe-Poulet-800px-1-768x1153.jpg 768w, https:\/\/www.salon-escalade.com\/vertical-feed\/wp-content\/uploads\/2022\/11\/Patrick-EDLINGER-portrait-1-bis-\u00a9-Philippe-Poulet-800px-1.jpg 800w\" sizes=\"(max-width: 682px) 100vw, 682px\" \/><figcaption class=\"blocks-gallery-item__caption\">Patrick Edlinger &#8211; Portrait \u00a9 Philippe Poulet<\/figcaption><\/figure><\/li><li class=\"blocks-gallery-item\"><figure><img decoding=\"async\" loading=\"lazy\" width=\"683\" height=\"1024\" src=\"https:\/\/www.salon-escalade.com\/vertical-feed\/wp-content\/uploads\/2022\/11\/Patrick-EDLINGER-Chateauvert-\u00a9-Philippe-Poulet-800px-683x1024.jpg\" alt=\"\" data-id=\"2177\" data-full-url=\"https:\/\/www.salon-escalade.com\/vertical-feed\/wp-content\/uploads\/2022\/11\/Patrick-EDLINGER-Chateauvert-\u00a9-Philippe-Poulet-800px.jpg\" data-link=\"https:\/\/www.salon-escalade.com\/vertical-feed\/?attachment_id=2177\" class=\"wp-image-2177\" srcset=\"https:\/\/www.salon-escalade.com\/vertical-feed\/wp-content\/uploads\/2022\/11\/Patrick-EDLINGER-Chateauvert-\u00a9-Philippe-Poulet-800px-683x1024.jpg 683w, https:\/\/www.salon-escalade.com\/vertical-feed\/wp-content\/uploads\/2022\/11\/Patrick-EDLINGER-Chateauvert-\u00a9-Philippe-Poulet-800px-200x300.jpg 200w, https:\/\/www.salon-escalade.com\/vertical-feed\/wp-content\/uploads\/2022\/11\/Patrick-EDLINGER-Chateauvert-\u00a9-Philippe-Poulet-800px-768x1151.jpg 768w, https:\/\/www.salon-escalade.com\/vertical-feed\/wp-content\/uploads\/2022\/11\/Patrick-EDLINGER-Chateauvert-\u00a9-Philippe-Poulet-800px.jpg 800w\" sizes=\"(max-width: 683px) 100vw, 683px\" \/><figcaption class=\"blocks-gallery-item__caption\">Patrick Edlinger &#8211; Ch\u00e2teauvert \u00a9 Philippe Poulet<\/figcaption><\/figure><\/li><\/ul><\/figure>\n\n\n\n<p>Patrick Edlinger est et restera une source d&rsquo;inspiration et de vocations. Il aurait \u00e9t\u00e9 un ambassadeur hors-pair pour notre \u00e9v\u00e9nement. Patrick Edlinger est d\u00e9c\u00e9d\u00e9 <strong><a rel=\"noreferrer noopener\" href=\"https:\/\/www.grimper.com\/news-patrick-edlinger-10-ans-mort-geant\" data-type=\"URL\" data-id=\"https:\/\/www.grimper.com\/news-patrick-edlinger-10-ans-mort-geant\" target=\"_blank\">le 16 novembre 2012<\/a><\/strong>. Le Salon de l&rsquo;Escalade devient alors l&rsquo;occasion de c\u00e9l\u00e9brer sa m\u00e9moire, de faire hommage, en images. <\/p>\n\n\n\n<figure class=\"wp-block-gallery columns-3 is-cropped wp-block-gallery-3 is-layout-flex wp-block-gallery-is-layout-flex\"><ul class=\"blocks-gallery-grid\"><li class=\"blocks-gallery-item\"><figure><img decoding=\"async\" loading=\"lazy\" width=\"684\" height=\"1024\" src=\"https:\/\/www.salon-escalade.com\/vertical-feed\/wp-content\/uploads\/2022\/11\/Debilof-12-Patrick-Edlinger\u00a9copyright-Robert-Exertier-800px-684x1024.jpg\" alt=\"\" data-id=\"2181\" data-link=\"https:\/\/www.salon-escalade.com\/vertical-feed\/?attachment_id=2181\" class=\"wp-image-2181\" srcset=\"https:\/\/www.salon-escalade.com\/vertical-feed\/wp-content\/uploads\/2022\/11\/Debilof-12-Patrick-Edlinger\u00a9copyright-Robert-Exertier-800px-684x1024.jpg 684w, https:\/\/www.salon-escalade.com\/vertical-feed\/wp-content\/uploads\/2022\/11\/Debilof-12-Patrick-Edlinger\u00a9copyright-Robert-Exertier-800px-200x300.jpg 200w, https:\/\/www.salon-escalade.com\/vertical-feed\/wp-content\/uploads\/2022\/11\/Debilof-12-Patrick-Edlinger\u00a9copyright-Robert-Exertier-800px-768x1150.jpg 768w, https:\/\/www.salon-escalade.com\/vertical-feed\/wp-content\/uploads\/2022\/11\/Debilof-12-Patrick-Edlinger\u00a9copyright-Robert-Exertier-800px.jpg 800w\" sizes=\"(max-width: 684px) 100vw, 684px\" \/><figcaption class=\"blocks-gallery-item__caption\">Patrick Edlinger &#8211; Debilof \u00a9 Robert Exertier<\/figcaption><\/figure><\/li><li class=\"blocks-gallery-item\"><figure><img decoding=\"async\" loading=\"lazy\" width=\"661\" height=\"1024\" src=\"https:\/\/www.salon-escalade.com\/vertical-feed\/wp-content\/uploads\/2022\/11\/43-Overcoolbbadose-P-Edlinger-\u00a9copyright-Robert-EXERTIER-800px-661x1024.jpg\" alt=\"\" data-id=\"2182\" data-full-url=\"https:\/\/www.salon-escalade.com\/vertical-feed\/wp-content\/uploads\/2022\/11\/43-Overcoolbbadose-P-Edlinger-\u00a9copyright-Robert-EXERTIER-800px.jpg\" data-link=\"https:\/\/www.salon-escalade.com\/vertical-feed\/?attachment_id=2182\" class=\"wp-image-2182\" srcset=\"https:\/\/www.salon-escalade.com\/vertical-feed\/wp-content\/uploads\/2022\/11\/43-Overcoolbbadose-P-Edlinger-\u00a9copyright-Robert-EXERTIER-800px-661x1024.jpg 661w, https:\/\/www.salon-escalade.com\/vertical-feed\/wp-content\/uploads\/2022\/11\/43-Overcoolbbadose-P-Edlinger-\u00a9copyright-Robert-EXERTIER-800px-194x300.jpg 194w, https:\/\/www.salon-escalade.com\/vertical-feed\/wp-content\/uploads\/2022\/11\/43-Overcoolbbadose-P-Edlinger-\u00a9copyright-Robert-EXERTIER-800px-768x1189.jpg 768w, https:\/\/www.salon-escalade.com\/vertical-feed\/wp-content\/uploads\/2022\/11\/43-Overcoolbbadose-P-Edlinger-\u00a9copyright-Robert-EXERTIER-800px.jpg 800w\" sizes=\"(max-width: 661px) 100vw, 661px\" \/><figcaption class=\"blocks-gallery-item__caption\">Patrick Edlinger &#8211; Overcoolbbadose \u00a9 Robert Exertier <\/figcaption><\/figure><\/li><li class=\"blocks-gallery-item\"><figure><img decoding=\"async\" loading=\"lazy\" width=\"676\" height=\"1024\" src=\"https:\/\/www.salon-escalade.com\/vertical-feed\/wp-content\/uploads\/2022\/11\/176-Bardonecchia-apressupfinale-1\u00a9copyright-Robert-EXERTIER-800px-676x1024.jpg\" alt=\"\" data-id=\"2180\" data-link=\"https:\/\/www.salon-escalade.com\/vertical-feed\/?attachment_id=2180\" class=\"wp-image-2180\" srcset=\"https:\/\/www.salon-escalade.com\/vertical-feed\/wp-content\/uploads\/2022\/11\/176-Bardonecchia-apressupfinale-1\u00a9copyright-Robert-EXERTIER-800px-676x1024.jpg 676w, https:\/\/www.salon-escalade.com\/vertical-feed\/wp-content\/uploads\/2022\/11\/176-Bardonecchia-apressupfinale-1\u00a9copyright-Robert-EXERTIER-800px-198x300.jpg 198w, https:\/\/www.salon-escalade.com\/vertical-feed\/wp-content\/uploads\/2022\/11\/176-Bardonecchia-apressupfinale-1\u00a9copyright-Robert-EXERTIER-800px-768x1163.jpg 768w, https:\/\/www.salon-escalade.com\/vertical-feed\/wp-content\/uploads\/2022\/11\/176-Bardonecchia-apressupfinale-1\u00a9copyright-Robert-EXERTIER-800px.jpg 800w\" sizes=\"(max-width: 676px) 100vw, 676px\" \/><figcaption class=\"blocks-gallery-item__caption\">Patrick Edlinger &#8211; Bardonecchia \u00a9 Robert Exertier<\/figcaption><\/figure><\/li><\/ul><\/figure>\n\n\n\n<p>C\u00e9l\u00e9bration non seulement d&rsquo;un homme, mais aussi m\u00e9moire d&rsquo;un mod\u00e8le d&rsquo;\u00eatre au monde et de son \u0153uvre. Cette ann\u00e9e est aussi celle des <a rel=\"noreferrer noopener\" href=\"https:\/\/www.youtube.com\/watch?v=s6lP-w9G-ZQ\" data-type=\"URL\" data-id=\"https:\/\/www.youtube.com\/watch?v=s6lP-w9G-ZQ\" target=\"_blank\">40 ans du documentaire de Jean-Paul Janssen, <em>La Vie au bout des Doigts<\/em><\/a>.<\/p>\n\n\n\n<h2 class=\"wp-block-heading\">Un parfum d&rsquo;\u00e9ternit\u00e9<\/h2>\n\n\n\n<p>10 ans. 10 ans d\u00e9j\u00e0 que Patrick s\u2019en est all\u00e9. Cela parlera \u00e0 beaucoup d\u2019entre nous, pas du tout \u00e0 certains. Les plus jeunes le d\u00e9couvriront peut-\u00eatre quand nous autres quadra et cinquantenaires, regarderons l\u2019expo avec une tendre nostalgie. Nostalgie d\u2019une \u00e9poque r\u00e9volue o\u00f9 les bandanas flirtaient avec les lycras color\u00e9s et les grandes tignasses s\u2019envolaient au vent, soufflant avec elles un vent de libert\u00e9 certain.<\/p>\n\n\n\n<p>La vie et la trajectoire de Patrick Edlinger r\u00e9sonnent encore souvent en nous. Son nom a ce doux parfum d\u2019\u00e9ternit\u00e9. Sa silhouette \u00e9lanc\u00e9e, son regard noir, son corps aff\u00fbt\u00e9, son bandeau rouge flirtant au vent d\u2019une calanque de Cassis ensoleill\u00e9e ou d\u2019une gorge du Verdon saillante. Aujourd\u2019hui, en ces temps mouvement\u00e9s, tout nous ram\u00e8ne \u00e0 lui. A sa lecture du rocher, \u00e0 la po\u00e9sie de ses mouvements, \u00e0 son esprit libre. A l\u2019Aventure, avec un grand A, en somme.<\/p>\n\n\n\n<p>Nous vous invitons ainsi \u00e0 d\u00e9couvrir notre premi\u00e8re exposition originale : les clich\u00e9s extraordinaires de <strong>Robert Exertier<\/strong> et <strong>Philippe Poulet<\/strong> vous attendent sur le <strong>Corner U1<\/strong>.<\/p>\n\n\n\n<p>Autre temps fort, ce samedi sur le Salon, RDV d\u00e8s 14h30, au <strong>Podium G5<\/strong> pour une allocution sp\u00e9ciale autour de Patrick Edlinger et une rencontre-hommage exceptionnelle avec nombre de ses amis.<\/p>\n\n\n\n<p><\/p>\n<div style=\"margin-top: 0px; margin-bottom: 0px;\" class=\"sharethis-inline-share-buttons\" ><\/div>","protected":false},"excerpt":{"rendered":"<p>Patrick Edlinger est et restera une source d&rsquo;inspiration et de vocations. Il aurait \u00e9t\u00e9 un ambassadeur hors-pair pour notre \u00e9v\u00e9nement. Patrick Edlinger est d\u00e9c\u00e9d\u00e9 le 16 novembre 2012. Le Salon de l&rsquo;Escalade devient alors l&rsquo;occasion de c\u00e9l\u00e9brer sa m\u00e9moire, de faire hommage, en images. <\/p>\n","protected":false},"author":80,"featured_media":2175,"comment_status":"closed","ping_status":"open","sticky":false,"template":"","format":"standard","meta":{"footnotes":""},"categories":[527,526],"tags":[],"_links":{"self":[{"href":"https:\/\/www.salon-escalade.com\/vertical-feed\/wp-json\/wp\/v2\/posts\/2171"}],"collection":[{"href":"https:\/\/www.salon-escalade.com\/vertical-feed\/wp-json\/wp\/v2\/posts"}],"about":[{"href":"https:\/\/www.salon-escalade.com\/vertical-feed\/wp-json\/wp\/v2\/types\/post"}],"author":[{"embeddable":true,"href":"https:\/\/www.salon-escalade.com\/vertical-feed\/wp-json\/wp\/v2\/users\/80"}],"replies":[{"embeddable":true,"href":"https:\/\/www.salon-escalade.com\/vertical-feed\/wp-json\/wp\/v2\/comments?post=2171"}],"version-history":[{"count":5,"href":"https:\/\/www.salon-escalade.com\/vertical-feed\/wp-json\/wp\/v2\/posts\/2171\/revisions"}],"predecessor-version":[{"id":2187,"href":"https:\/\/www.salon-escalade.com\/vertical-feed\/wp-json\/wp\/v2\/posts\/2171\/revisions\/2187"}],"wp:featuredmedia":[{"embeddable":true,"href":"https:\/\/www.salon-escalade.com\/vertical-feed\/wp-json\/wp\/v2\/media\/2175"}],"wp:attachment":[{"href":"https:\/\/www.salon-escalade.com\/vertical-feed\/wp-json\/wp\/v2\/media?parent=2171"}],"wp:term":[{"taxonomy":"category","embeddable":true,"href":"https:\/\/www.salon-escalade.com\/vertical-feed\/wp-json\/wp\/v2\/categories?post=2171"},{"taxonomy":"post_tag","embeddable":true,"href":"https:\/\/www.salon-escalade.com\/vertical-feed\/wp-json\/wp\/v2\/tags?post=2171"}],"curies":[{"name":"wp","href":"https:\/\/api.w.org\/{rel}","templated":true}]}}