{"id":2153,"date":"2022-11-15T13:55:07","date_gmt":"2022-11-15T12:55:07","guid":{"rendered":"https:\/\/www.salon-escalade.com\/vertical-feed\/?p=2153"},"modified":"2025-09-05T11:40:21","modified_gmt":"2025-09-05T09:40:21","slug":"vos-pauses-gourmandes-sur-le-salon","status":"publish","type":"post","link":"https:\/\/www.salon-escalade.com\/vertical-feed\/2022\/11\/15\/vos-pauses-gourmandes-sur-le-salon\/","title":{"rendered":"Vos pauses gourmandes sur le Salon"},"content":{"rendered":"<div style=\"\" class=\"sharethis-inline-share-buttons\" ><\/div>\n<p><strong>POUR VOS PETITES FAIMS&#8230;<\/strong><\/p>\n\n\n\n<p><strong>Nos partenaires en restauration se mettent en quatre pour vous proposer des produits locaux, bio ou artisanaux, bref : bons comme tout, surtout pour la plan\u00e8te !<\/strong><\/p>\n\n\n\n<div class=\"wp-block-media-text alignwide is-stacked-on-mobile\"><figure class=\"wp-block-media-text__media\"><img decoding=\"async\" loading=\"lazy\" width=\"230\" height=\"230\" src=\"https:\/\/www.salon-escalade.com\/vertical-feed\/wp-content\/uploads\/2022\/11\/logo-label-Rousse-1.jpg\" alt=\"Logo Label'Rousse\" class=\"wp-image-2155 size-full\" srcset=\"https:\/\/www.salon-escalade.com\/vertical-feed\/wp-content\/uploads\/2022\/11\/logo-label-Rousse-1.jpg 230w, https:\/\/www.salon-escalade.com\/vertical-feed\/wp-content\/uploads\/2022\/11\/logo-label-Rousse-1-150x150.jpg 150w\" sizes=\"(max-width: 230px) 100vw, 230px\" \/><\/figure><div class=\"wp-block-media-text__content\">\n<p><strong><a rel=\"noreferrer noopener\" href=\"http:\/\/labelrousse.com\" target=\"_blank\">Label\u2019Rousse<\/a> <\/strong>est un foodtruck grenoblois engag\u00e9 qui a re\u00e7u le label Framheim \u00ab anti-gaspi \u00bb. Les l\u00e9gumes proviennent du GAEC Perconte (Gli\u00e8res) ou de La Combe Gourmande (Uriage), les \u0153ufs sont pondus \u00e0 Saint-Martin-le-Vinoux. Les c\u00e9r\u00e9ales, l\u00e9gumineuses, sucre, huiles et lait sont bio. Au menu, de d\u00e9licieux plats du jour 100% faits maison.<\/p>\n<\/div><\/div>\n\n\n\n<div class=\"wp-block-media-text alignwide is-stacked-on-mobile\"><figure class=\"wp-block-media-text__media\"><img decoding=\"async\" loading=\"lazy\" width=\"230\" height=\"230\" src=\"https:\/\/www.salon-escalade.com\/vertical-feed\/wp-content\/uploads\/2022\/11\/logo-rockets.jpeg\" alt=\"Logo Rocket's Bar \u00e0 boulettes\" class=\"wp-image-2157 size-full\" srcset=\"https:\/\/www.salon-escalade.com\/vertical-feed\/wp-content\/uploads\/2022\/11\/logo-rockets.jpeg 230w, https:\/\/www.salon-escalade.com\/vertical-feed\/wp-content\/uploads\/2022\/11\/logo-rockets-150x150.jpeg 150w\" sizes=\"(max-width: 230px) 100vw, 230px\" \/><\/figure><div class=\"wp-block-media-text__content\">\n<p><strong><a rel=\"noreferrer noopener\" href=\"http:\/\/rocketsbab.fr\/le-food-truck\" target=\"_blank\">Rocket\u2019s<\/a><\/strong> est un foodtruck (en cours de labellisation FiG) qui envoie du bon, du bien et du beau autour d\u2019un concept d\u00e9tonant : la boulette. Sous forme de plat du jour et de sandwichs, l&rsquo;\u00e9quipe cr\u00e9e ses recettes \u00e0 base de produits frais, locaux et de saison\u2026 et beaucoup d&rsquo;amour !<\/p>\n<\/div><\/div>\n\n\n\n<p><\/p>\n\n\n\n<div class=\"wp-block-media-text alignwide is-stacked-on-mobile\"><figure class=\"wp-block-media-text__media\"><img decoding=\"async\" loading=\"lazy\" width=\"1024\" height=\"479\" src=\"https:\/\/www.salon-escalade.com\/vertical-feed\/wp-content\/uploads\/2022\/11\/logo-camion-enchante-sans-background.png\" alt=\"Logo Le Camion Enchant\u00e9 - Epicerie locale &amp; Foodtruck\" class=\"wp-image-2158 size-full\" srcset=\"https:\/\/www.salon-escalade.com\/vertical-feed\/wp-content\/uploads\/2022\/11\/logo-camion-enchante-sans-background.png 1024w, https:\/\/www.salon-escalade.com\/vertical-feed\/wp-content\/uploads\/2022\/11\/logo-camion-enchante-sans-background-300x140.png 300w, https:\/\/www.salon-escalade.com\/vertical-feed\/wp-content\/uploads\/2022\/11\/logo-camion-enchante-sans-background-768x359.png 768w\" sizes=\"(max-width: 1024px) 100vw, 1024px\" \/><\/figure><div class=\"wp-block-media-text__content\">\n<p><strong><a rel=\"noreferrer noopener\" href=\"http:\/\/lecamionenchante.com\" target=\"_blank\">Le Camion Enchant\u00e9<\/a><\/strong> vous r\u00e9gale avec de bons produits montagnards. Marjorie et Manon cuisinent de d\u00e9licieux burgers savoyards : pain artisanal, fromage de la coop\u00e9rative de Yenne, l\u00e9gumes en direct producteur, steak bio de la Ferme du Cr\u00eat Joli\u2026 Sur le salon, elles proposeront aussi des planches \u00e0 partager en fin de journ\u00e9e.<\/p>\n<\/div><\/div>\n\n\n\n<div class=\"wp-block-media-text alignwide is-stacked-on-mobile\"><figure class=\"wp-block-media-text__media\"><img decoding=\"async\" loading=\"lazy\" width=\"962\" height=\"456\" src=\"https:\/\/www.salon-escalade.com\/vertical-feed\/wp-content\/uploads\/2022\/11\/LBLlogo.jpg\" alt=\"\" class=\"wp-image-2160 size-full\" srcset=\"https:\/\/www.salon-escalade.com\/vertical-feed\/wp-content\/uploads\/2022\/11\/LBLlogo.jpg 962w, https:\/\/www.salon-escalade.com\/vertical-feed\/wp-content\/uploads\/2022\/11\/LBLlogo-300x142.jpg 300w, https:\/\/www.salon-escalade.com\/vertical-feed\/wp-content\/uploads\/2022\/11\/LBLlogo-768x364.jpg 768w\" sizes=\"(max-width: 962px) 100vw, 962px\" \/><\/figure><div class=\"wp-block-media-text__content\">\n<p><strong><a rel=\"noreferrer noopener\" href=\"http:\/\/lebonlabel.com\" target=\"_blank\">Le Bon Label<\/a><\/strong>, nouveau lieu chaleureux sur Grenoble, vous propose une pause-caf\u00e9 gourmande dans une d\u00e9marche \u00e9thique et responsable. Sur leur stand, des boissons chaudes (y compris de belles alternatives au caf\u00e9), des g\u00e2teaux, des macarons, des cup cake, des barres \u00e9nergisantes\u2026\u00a0Et toute une gamme veggie, sans gluten, \u00e0 indice glyc\u00e9rique bas, toute indiqu\u00e9e pour les sportifs\u00a0!<\/p>\n<\/div><\/div>\n\n\n\n<p><strong>&#8230; OU VOS GRANDES SOIFS&nbsp;!<\/strong><\/p>\n\n\n\n<p>Rendez-vous au <strong>Vertical-Bar<\/strong>, la buvette qui vous en fera boire de toutes les couleurs avec des produits bio et\/ou locaux, \u00e9quitables et engag\u00e9s. Ici, on soutient moult projets, des quartiers aux pays producteurs. Avec 100% de nos contenants en verre ou acier recyclables \u00e0 l&rsquo;infini, sans le moindre gramme de plastique sauf les \u00e9co-cups consign\u00e9s, bien entendu, dans lesquels la <strong><a rel=\"noreferrer noopener\" href=\"http:\/\/markusbiere.com\" data-type=\"URL\" data-id=\"markusbiere.com\" target=\"_blank\">Brasserie artisanale du Val de Dr\u00f4me<\/a><\/strong> vous servira sa ch\u00e8re et tendre Markus.<\/p>\n\n\n\n<figure class=\"wp-block-image size-large\"><img decoding=\"async\" loading=\"lazy\" width=\"800\" height=\"533\" src=\"https:\/\/www.salon-escalade.com\/vertical-feed\/wp-content\/uploads\/2022\/11\/SalondelEscaladeV221-66-800px.jpg\" alt=\"Ap\u00e9ro sur le Salon de l'Escalade Photo Salon de l'Escalade 2021 \u00a9 Damien Largeron\" class=\"wp-image-2162\" srcset=\"https:\/\/www.salon-escalade.com\/vertical-feed\/wp-content\/uploads\/2022\/11\/SalondelEscaladeV221-66-800px.jpg 800w, https:\/\/www.salon-escalade.com\/vertical-feed\/wp-content\/uploads\/2022\/11\/SalondelEscaladeV221-66-800px-300x200.jpg 300w, https:\/\/www.salon-escalade.com\/vertical-feed\/wp-content\/uploads\/2022\/11\/SalondelEscaladeV221-66-800px-768x512.jpg 768w\" sizes=\"(max-width: 800px) 100vw, 800px\" \/><figcaption>Photo Salon de l&rsquo;Escalade 2021 \u00a9 Damien Largeron<\/figcaption><\/figure>\n\n\n\n<p>Trois moments conviviaux \u00e0 ne pas rater\u00a0: <\/p>\n\n\n\n<ul><li>L\u2019ap\u00e9ritif dinatoire <strong><em>Grimper <\/em>&#8211; les Hautes-Alpes <\/strong>> vendredi d\u00e8s 18h \ud83c\udfaf au niveau du Bar<\/li><li>L\u2019ap\u00e9ritif des \u00e9v\u00e9nements <strong>Hautes-Alpes 2023<\/strong> > samedi d\u00e8s 11h30 \ud83c\udfaf Stand F5<\/li><li>La finale du <strong><a rel=\"noreferrer noopener\" href=\"https:\/\/www.salon-escalade.com\/vertical-feed\/2022\/11\/10\/contest-rock-tour-hors-serie\/\" data-type=\"URL\" data-id=\"https:\/\/www.salon-escalade.com\/vertical-feed\/2022\/11\/10\/contest-rock-tour-hors-serie\/\" target=\"_blank\">Rock-Tour \u00abHors-S\u00e9rie\u00bb<\/a><\/strong> > samedi d\u00e8s 20h \ud83c\udfaf Mur C6<\/li><\/ul>\n<div style=\"margin-top: 0px; margin-bottom: 0px;\" class=\"sharethis-inline-share-buttons\" ><\/div>","protected":false},"excerpt":{"rendered":"<p>Nos partenaires en restauration se mettent en quatre pour vous proposer des produits locaux, bio ou artisanaux, bref : bons comme tout, surtout pour la plan\u00e8te !<\/p>\n","protected":false},"author":80,"featured_media":2163,"comment_status":"closed","ping_status":"open","sticky":false,"template":"","format":"standard","meta":{"footnotes":""},"categories":[529,525],"tags":[354],"_links":{"self":[{"href":"https:\/\/www.salon-escalade.com\/vertical-feed\/wp-json\/wp\/v2\/posts\/2153"}],"collection":[{"href":"https:\/\/www.salon-escalade.com\/vertical-feed\/wp-json\/wp\/v2\/posts"}],"about":[{"href":"https:\/\/www.salon-escalade.com\/vertical-feed\/wp-json\/wp\/v2\/types\/post"}],"author":[{"embeddable":true,"href":"https:\/\/www.salon-escalade.com\/vertical-feed\/wp-json\/wp\/v2\/users\/80"}],"replies":[{"embeddable":true,"href":"https:\/\/www.salon-escalade.com\/vertical-feed\/wp-json\/wp\/v2\/comments?post=2153"}],"version-history":[{"count":7,"href":"https:\/\/www.salon-escalade.com\/vertical-feed\/wp-json\/wp\/v2\/posts\/2153\/revisions"}],"predecessor-version":[{"id":2169,"href":"https:\/\/www.salon-escalade.com\/vertical-feed\/wp-json\/wp\/v2\/posts\/2153\/revisions\/2169"}],"wp:featuredmedia":[{"embeddable":true,"href":"https:\/\/www.salon-escalade.com\/vertical-feed\/wp-json\/wp\/v2\/media\/2163"}],"wp:attachment":[{"href":"https:\/\/www.salon-escalade.com\/vertical-feed\/wp-json\/wp\/v2\/media?parent=2153"}],"wp:term":[{"taxonomy":"category","embeddable":true,"href":"https:\/\/www.salon-escalade.com\/vertical-feed\/wp-json\/wp\/v2\/categories?post=2153"},{"taxonomy":"post_tag","embeddable":true,"href":"https:\/\/www.salon-escalade.com\/vertical-feed\/wp-json\/wp\/v2\/tags?post=2153"}],"curies":[{"name":"wp","href":"https:\/\/api.w.org\/{rel}","templated":true}]}}