{"id":2107,"date":"2022-11-07T19:39:12","date_gmt":"2022-11-07T18:39:12","guid":{"rendered":"https:\/\/www.salon-escalade.com\/vertical-feed\/?p=2107"},"modified":"2025-09-05T11:41:05","modified_gmt":"2025-09-05T09:41:05","slug":"les-kids-a-la-fete","status":"publish","type":"post","link":"https:\/\/www.salon-escalade.com\/vertical-feed\/2022\/11\/07\/les-kids-a-la-fete\/","title":{"rendered":"Les kids \u00e0 la f\u00eate !"},"content":{"rendered":"<div style=\"\" class=\"sharethis-inline-share-buttons\" ><\/div>\n<p>Parce que le <strong>Salon de l\u2019Escalade<\/strong> n\u2019est pas qu\u2019une affaire de grands, venez en profiter <strong>en famille<\/strong> (<a rel=\"noreferrer noopener\" href=\"https:\/\/www.salon-escalade.com\/billetterie\/\" data-type=\"URL\" data-id=\"https:\/\/www.salon-escalade.com\/billetterie\/\" target=\"_blank\">entr\u00e9e gratuite pour les moins de 10 ans<\/a>). Un espace est enti\u00e8rement d\u00e9di\u00e9 aux grimpeurs en herbe, avec des animations rien que pour eux.<br><br>Au programme&nbsp;:<\/p>\n\n\n\n<ul><li><strong>Chasse au tr\u00e9sor<\/strong> \u00ab\u00a0Enzo et la d\u00e9gaine perdue\u00a0\u00bb<\/li><li><strong><em>Baby Routesetter<\/em><\/strong> ou quand le talent d&rsquo;ouvreur n&rsquo;attend pas les ann\u00e9es\u2026<\/li><li><strong>Atelier coloriage<\/strong> pour les futurs artistes de la verticalit\u00e9<\/li><li><strong>Atelier n\u0153uds<\/strong> pour apprendre \u00e0 s&rsquo;encorder tout seul comme un grand&nbsp;!<\/li><li><strong>La g\u00e9ologie de l&rsquo;escalade<\/strong> (accessible d\u00e8s 10 ans)<\/li><\/ul>\n\n\n\n<p>\ud83c\udfaf \u00c0 retrouver en continu <strong><a rel=\"noreferrer noopener\" href=\"https:\/\/www.salon-escalade.com\/pdf\/plan_stands_2022.pdf\" data-type=\"URL\" data-id=\"https:\/\/www.salon-escalade.com\/pdf\/plan_stands_2022.pdf\" target=\"_blank\">sur l\u2019Espace enfants U12<\/a><\/strong><\/p>\n\n\n\n<div class=\"wp-block-buttons is-content-justification-center is-layout-flex wp-block-buttons-is-layout-flex\">\n<div class=\"wp-block-button\"><a class=\"wp-block-button__link\" href=\"https:\/\/www.salon-escalade.com\/Edition2022\/programme\/\" target=\"_blank\" rel=\"noreferrer noopener\">Je veux tout conna\u00eetre du programme !<\/a><\/div>\n<\/div>\n\n\n\n<figure class=\"wp-block-image size-large\"><img decoding=\"async\" loading=\"lazy\" width=\"800\" height=\"533\" src=\"https:\/\/www.salon-escalade.com\/vertical-feed\/wp-content\/uploads\/2022\/11\/SalondelEscaladeV221-160-800px.jpg\" alt=\"Contest Jeunes sur le Salon de l'Escalade 2021 - Photo de Damien Largeron\" class=\"wp-image-2121\" srcset=\"https:\/\/www.salon-escalade.com\/vertical-feed\/wp-content\/uploads\/2022\/11\/SalondelEscaladeV221-160-800px.jpg 800w, https:\/\/www.salon-escalade.com\/vertical-feed\/wp-content\/uploads\/2022\/11\/SalondelEscaladeV221-160-800px-300x200.jpg 300w, https:\/\/www.salon-escalade.com\/vertical-feed\/wp-content\/uploads\/2022\/11\/SalondelEscaladeV221-160-800px-768x512.jpg 768w\" sizes=\"(max-width: 800px) 100vw, 800px\" \/><\/figure>\n<div style=\"margin-top: 0px; margin-bottom: 0px;\" class=\"sharethis-inline-share-buttons\" ><\/div>","protected":false},"excerpt":{"rendered":"<p>Venez avec vos jeunes enfants sur le Salon de l&rsquo;Escalade, un espace leur est enti\u00e8rement d\u00e9di\u00e9, avec des animations rien que pour eux !<\/p>\n","protected":false},"author":80,"featured_media":2120,"comment_status":"closed","ping_status":"open","sticky":false,"template":"","format":"standard","meta":{"footnotes":""},"categories":[525,154],"tags":[],"_links":{"self":[{"href":"https:\/\/www.salon-escalade.com\/vertical-feed\/wp-json\/wp\/v2\/posts\/2107"}],"collection":[{"href":"https:\/\/www.salon-escalade.com\/vertical-feed\/wp-json\/wp\/v2\/posts"}],"about":[{"href":"https:\/\/www.salon-escalade.com\/vertical-feed\/wp-json\/wp\/v2\/types\/post"}],"author":[{"embeddable":true,"href":"https:\/\/www.salon-escalade.com\/vertical-feed\/wp-json\/wp\/v2\/users\/80"}],"replies":[{"embeddable":true,"href":"https:\/\/www.salon-escalade.com\/vertical-feed\/wp-json\/wp\/v2\/comments?post=2107"}],"version-history":[{"count":9,"href":"https:\/\/www.salon-escalade.com\/vertical-feed\/wp-json\/wp\/v2\/posts\/2107\/revisions"}],"predecessor-version":[{"id":2126,"href":"https:\/\/www.salon-escalade.com\/vertical-feed\/wp-json\/wp\/v2\/posts\/2107\/revisions\/2126"}],"wp:featuredmedia":[{"embeddable":true,"href":"https:\/\/www.salon-escalade.com\/vertical-feed\/wp-json\/wp\/v2\/media\/2120"}],"wp:attachment":[{"href":"https:\/\/www.salon-escalade.com\/vertical-feed\/wp-json\/wp\/v2\/media?parent=2107"}],"wp:term":[{"taxonomy":"category","embeddable":true,"href":"https:\/\/www.salon-escalade.com\/vertical-feed\/wp-json\/wp\/v2\/categories?post=2107"},{"taxonomy":"post_tag","embeddable":true,"href":"https:\/\/www.salon-escalade.com\/vertical-feed\/wp-json\/wp\/v2\/tags?post=2107"}],"curies":[{"name":"wp","href":"https:\/\/api.w.org\/{rel}","templated":true}]}}