{"id":170,"date":"2021-02-27T18:05:54","date_gmt":"2021-02-27T17:05:54","guid":{"rendered":"https:\/\/www.salon-escalade.com\/vertical-feed\/?p=170"},"modified":"2025-10-03T17:52:34","modified_gmt":"2025-10-03T15:52:34","slug":"scoop-williams-belle-debarque-chez-digital-climbing-holds","status":"publish","type":"post","link":"https:\/\/www.salon-escalade.com\/vertical-feed\/2021\/02\/27\/scoop-williams-belle-debarque-chez-digital-climbing-holds\/","title":{"rendered":"Exclu ! Williams Belle d\u00e9barque chez Digital Climbing Holds"},"content":{"rendered":"<div style=\"\" class=\"sharethis-inline-share-buttons\" ><\/div>\n<p>Dans la troisi\u00e8me \u00e9dition de <a href=\"https:\/\/gym.vertical-life.info\/route-setter-magazine\">Routesetter Magazine<\/a>, Digital d\u00e9voile plusieurs changements, notamment sur sa production. Des changements techniques et aussi des nouveaux choix de partenariat puisque l\u2019\u00e9quipe que nous<br>soutenons est tr\u00e8s importante pour nous !<\/p>\n\n\n\n<p><strong>En effet, nous vous avons promis une grosse surprise\u2026<\/strong><\/p>\n\n\n\n<p>C\u2019est pour cela que nous sommes fiers de vous annoncer <strong>en exclusivit\u00e9 sur Vertical-Feed<\/strong> l\u2019arriv\u00e9e de Williams Belle au sein de l\u2019\u00e9quipe Digital !<br>Williams porte tous les talents et les valeurs que nous pr\u00f4nons chez Digital.<\/p>\n\n\n\n<figure class=\"wp-block-gallery columns-2 is-cropped wp-block-gallery-1 is-layout-flex wp-block-gallery-is-layout-flex\"><ul class=\"blocks-gallery-grid\"><li class=\"blocks-gallery-item\"><figure><img decoding=\"async\" loading=\"lazy\" width=\"340\" height=\"340\" src=\"https:\/\/www.salon-escalade.com\/vertical-feed\/wp-content\/uploads\/2021\/02\/DIGITAL-2.jpg\" alt=\"\" data-id=\"178\" data-full-url=\"https:\/\/www.salon-escalade.com\/vertical-feed\/wp-content\/uploads\/2021\/02\/DIGITAL-2.jpg\" data-link=\"https:\/\/www.salon-escalade.com\/vertical-feed\/?attachment_id=178\" class=\"wp-image-178\" srcset=\"https:\/\/www.salon-escalade.com\/vertical-feed\/wp-content\/uploads\/2021\/02\/DIGITAL-2.jpg 340w, https:\/\/www.salon-escalade.com\/vertical-feed\/wp-content\/uploads\/2021\/02\/DIGITAL-2-300x300.jpg 300w, https:\/\/www.salon-escalade.com\/vertical-feed\/wp-content\/uploads\/2021\/02\/DIGITAL-2-150x150.jpg 150w\" sizes=\"(max-width: 340px) 100vw, 340px\" \/><\/figure><\/li><li class=\"blocks-gallery-item\"><figure><img decoding=\"async\" loading=\"lazy\" width=\"1024\" height=\"1024\" src=\"https:\/\/www.salon-escalade.com\/vertical-feed\/wp-content\/uploads\/2021\/02\/Williams-2-1024x1024.jpg\" alt=\"\" data-id=\"179\" data-full-url=\"https:\/\/www.salon-escalade.com\/vertical-feed\/wp-content\/uploads\/2021\/02\/Williams-2-scaled.jpg\" data-link=\"https:\/\/www.salon-escalade.com\/vertical-feed\/?attachment_id=179\" class=\"wp-image-179\" srcset=\"https:\/\/www.salon-escalade.com\/vertical-feed\/wp-content\/uploads\/2021\/02\/Williams-2-1024x1024.jpg 1024w, https:\/\/www.salon-escalade.com\/vertical-feed\/wp-content\/uploads\/2021\/02\/Williams-2-300x300.jpg 300w, https:\/\/www.salon-escalade.com\/vertical-feed\/wp-content\/uploads\/2021\/02\/Williams-2-150x150.jpg 150w, https:\/\/www.salon-escalade.com\/vertical-feed\/wp-content\/uploads\/2021\/02\/Williams-2-768x768.jpg 768w, https:\/\/www.salon-escalade.com\/vertical-feed\/wp-content\/uploads\/2021\/02\/Williams-2-1536x1536.jpg 1536w, https:\/\/www.salon-escalade.com\/vertical-feed\/wp-content\/uploads\/2021\/02\/Williams-2-2048x2048.jpg 2048w, https:\/\/www.salon-escalade.com\/vertical-feed\/wp-content\/uploads\/2021\/02\/Williams-2-1568x1568.jpg 1568w\" sizes=\"(max-width: 1024px) 100vw, 1024px\" \/><\/figure><\/li><\/ul><\/figure>\n\n\n\n<p>Il est connu comme \u00e9tant le plus jeune membre fondateur du groupe Yamakasi, s\u2019entrainant intens\u00e9ment depuis l\u2019\u00e2ge de 9 ans. A seulement 16 ans, il a int\u00e9gr\u00e9 la com\u00e9die musicale fran\u00e7aise \u00ab Notre Dame de Paris \u00bb.<\/p>\n\n\n\n<p>En 2001 il est l&rsquo;un des acteurs principaux dans un film produit par Luc Besson. En 2004 il quitte le groupe Yamakasi pour se centrer sur la recherche du bien-\u00eatre et la performance \u00e0 travers le mouvement dans diff\u00e9rentes disciplines.<\/p>\n\n\n\n<p><br>Williams, une fois de plus, se r\u00e9invente, se renouvelle.<\/p>\n\n\n\n<p>Il est \u00e0 l\u2019origine de sa propre m\u00e9thode dans le monde de l&rsquo;escalade. Nous sommes convaincus que cette nouvelle m\u00e9thode sera novatrice et indispensable pour tous les sportifs qui souhaitent progresser voir atteindre le haut niveau, et c\u2019est principalement pour cela que nous l\u2019avons choisi.<br><\/p>\n\n\n\n<p>Dans le sens du mouvement nous avons cr\u00e9\u00e9 la collaboration entre Williams et Digital Climbing Holds : \u00ab The<br>french form of movement \u00bb.<\/p>\n<div style=\"margin-top: 0px; margin-bottom: 0px;\" class=\"sharethis-inline-share-buttons\" ><\/div>","protected":false},"excerpt":{"rendered":"<p>Dans la troisi\u00e8me \u00e9dition de Routesetter Magazine, Digital d\u00e9voile plusieurs changements, notamment sur sa production. Des changements techniques et aussi des nouveaux choix de partenariat puisque l\u2019\u00e9quipe que noussoutenons est&hellip; <\/p>\n","protected":false},"author":37,"featured_media":176,"comment_status":"closed","ping_status":"open","sticky":false,"template":"","format":"standard","meta":{"footnotes":""},"categories":[529,526],"tags":[173],"_links":{"self":[{"href":"https:\/\/www.salon-escalade.com\/vertical-feed\/wp-json\/wp\/v2\/posts\/170"}],"collection":[{"href":"https:\/\/www.salon-escalade.com\/vertical-feed\/wp-json\/wp\/v2\/posts"}],"about":[{"href":"https:\/\/www.salon-escalade.com\/vertical-feed\/wp-json\/wp\/v2\/types\/post"}],"author":[{"embeddable":true,"href":"https:\/\/www.salon-escalade.com\/vertical-feed\/wp-json\/wp\/v2\/users\/37"}],"replies":[{"embeddable":true,"href":"https:\/\/www.salon-escalade.com\/vertical-feed\/wp-json\/wp\/v2\/comments?post=170"}],"version-history":[{"count":9,"href":"https:\/\/www.salon-escalade.com\/vertical-feed\/wp-json\/wp\/v2\/posts\/170\/revisions"}],"predecessor-version":[{"id":722,"href":"https:\/\/www.salon-escalade.com\/vertical-feed\/wp-json\/wp\/v2\/posts\/170\/revisions\/722"}],"wp:featuredmedia":[{"embeddable":true,"href":"https:\/\/www.salon-escalade.com\/vertical-feed\/wp-json\/wp\/v2\/media\/176"}],"wp:attachment":[{"href":"https:\/\/www.salon-escalade.com\/vertical-feed\/wp-json\/wp\/v2\/media?parent=170"}],"wp:term":[{"taxonomy":"category","embeddable":true,"href":"https:\/\/www.salon-escalade.com\/vertical-feed\/wp-json\/wp\/v2\/categories?post=170"},{"taxonomy":"post_tag","embeddable":true,"href":"https:\/\/www.salon-escalade.com\/vertical-feed\/wp-json\/wp\/v2\/tags?post=170"}],"curies":[{"name":"wp","href":"https:\/\/api.w.org\/{rel}","templated":true}]}}