{"id":1325,"date":"2021-07-12T07:46:22","date_gmt":"2021-07-12T05:46:22","guid":{"rendered":"https:\/\/www.salon-escalade.com\/vertical-feed\/?p=1325"},"modified":"2025-09-05T11:54:53","modified_gmt":"2025-09-05T09:54:53","slug":"edward-whymper","status":"publish","type":"post","link":"https:\/\/www.salon-escalade.com\/vertical-feed\/2021\/07\/12\/edward-whymper\/","title":{"rendered":"La Bio d&rsquo;Edward Whymper par Smythe"},"content":{"rendered":"<div style=\"\" class=\"sharethis-inline-share-buttons\" ><\/div>\n<hr class=\"wp-block-separator\"\/>\n\n\n\n<h2 class=\"has-text-align-center wp-block-heading\"><strong>La biographie compl\u00e8te<\/strong> d&rsquo;un homme hors du commun<\/h2>\n\n\n\n<figure class=\"wp-block-image size-large\"><img decoding=\"async\" loading=\"lazy\" width=\"936\" height=\"657\" src=\"https:\/\/www.salon-escalade.com\/vertical-feed\/wp-content\/uploads\/2021\/07\/Whymper-FB2-copie.png\" alt=\"\" class=\"wp-image-1327\" srcset=\"https:\/\/www.salon-escalade.com\/vertical-feed\/wp-content\/uploads\/2021\/07\/Whymper-FB2-copie.png 936w, https:\/\/www.salon-escalade.com\/vertical-feed\/wp-content\/uploads\/2021\/07\/Whymper-FB2-copie-300x211.png 300w, https:\/\/www.salon-escalade.com\/vertical-feed\/wp-content\/uploads\/2021\/07\/Whymper-FB2-copie-768x539.png 768w\" sizes=\"(max-width: 936px) 100vw, 936px\" \/><\/figure>\n\n\n\n<p>Edward Whymper est l\u2019un des personnages fondamentaux de l\u2019histoire de l\u2019alpinisme. Ses aventures et ses r\u00e9cits ont marqu\u00e9 profond\u00e9ment plusieurs g\u00e9n\u00e9rations d\u2019alpinistes, celles-l\u00e0 m\u00eames qui, au c\u0153ur de l\u2019action, ont invent\u00e9 l\u2019alpinisme moderne.&nbsp;<\/p>\n\n\n\n<p>\u00c9crire sa biographie \u00e0 quelque 150 ans de distance aurait \u00e9t\u00e9 une \u00e9preuve de pal\u00e9ontologie. Heureusement, le travail a \u00e9t\u00e9 fait une trentaine d\u2019ann\u00e9es seulement apr\u00e8s la mort de cet alpiniste \u00e0 la fois tr\u00e8s c\u00e9l\u00e8bre et tr\u00e8s m\u00e9connu. Un travail remarquable par sa compl\u00e9tude et sa pr\u00e9cision, \u0153uvre de Frank Smythe, un autre alpiniste c\u00e9l\u00e8bre, qui a recueilli nombre de t\u00e9moignages et a eu acc\u00e8s au journal intime de Whymper.<\/p>\n\n\n\n<p>Pr\u00e9face de Yves Ballu.<\/p>\n\n\n\n<p><a href=\"https:\/\/www.leseditionsdumontblanc.com\/fr\/accueil\/135-edward-whymper-aventurier-reporter-alpiniste.html\" data-type=\"URL\" data-id=\"https:\/\/www.leseditionsdumontblanc.com\/fr\/accueil\/135-edward-whymper-aventurier-reporter-alpiniste.html\">Retrouvez le livre sur le site des \u00c9ditions du Mont-Blanc.<\/a><\/p>\n\n\n\n<p><\/p>\n<div style=\"margin-top: 0px; margin-bottom: 0px;\" class=\"sharethis-inline-share-buttons\" ><\/div>","protected":false},"excerpt":{"rendered":"<p>La biographie compl\u00e8te d&rsquo;un homme hors du commun Edward Whymper est l\u2019un des personnages fondamentaux de l\u2019histoire de l\u2019alpinisme. Ses aventures et ses r\u00e9cits ont marqu\u00e9 profond\u00e9ment plusieurs g\u00e9n\u00e9rations d\u2019alpinistes,&hellip; <\/p>\n","protected":false},"author":29,"featured_media":1327,"comment_status":"closed","ping_status":"open","sticky":false,"template":"","format":"standard","meta":{"footnotes":""},"categories":[527],"tags":[20],"_links":{"self":[{"href":"https:\/\/www.salon-escalade.com\/vertical-feed\/wp-json\/wp\/v2\/posts\/1325"}],"collection":[{"href":"https:\/\/www.salon-escalade.com\/vertical-feed\/wp-json\/wp\/v2\/posts"}],"about":[{"href":"https:\/\/www.salon-escalade.com\/vertical-feed\/wp-json\/wp\/v2\/types\/post"}],"author":[{"embeddable":true,"href":"https:\/\/www.salon-escalade.com\/vertical-feed\/wp-json\/wp\/v2\/users\/29"}],"replies":[{"embeddable":true,"href":"https:\/\/www.salon-escalade.com\/vertical-feed\/wp-json\/wp\/v2\/comments?post=1325"}],"version-history":[{"count":4,"href":"https:\/\/www.salon-escalade.com\/vertical-feed\/wp-json\/wp\/v2\/posts\/1325\/revisions"}],"predecessor-version":[{"id":1331,"href":"https:\/\/www.salon-escalade.com\/vertical-feed\/wp-json\/wp\/v2\/posts\/1325\/revisions\/1331"}],"wp:featuredmedia":[{"embeddable":true,"href":"https:\/\/www.salon-escalade.com\/vertical-feed\/wp-json\/wp\/v2\/media\/1327"}],"wp:attachment":[{"href":"https:\/\/www.salon-escalade.com\/vertical-feed\/wp-json\/wp\/v2\/media?parent=1325"}],"wp:term":[{"taxonomy":"category","embeddable":true,"href":"https:\/\/www.salon-escalade.com\/vertical-feed\/wp-json\/wp\/v2\/categories?post=1325"},{"taxonomy":"post_tag","embeddable":true,"href":"https:\/\/www.salon-escalade.com\/vertical-feed\/wp-json\/wp\/v2\/tags?post=1325"}],"curies":[{"name":"wp","href":"https:\/\/api.w.org\/{rel}","templated":true}]}}