{"id":13,"date":"2021-02-17T05:15:57","date_gmt":"2021-02-17T04:15:57","guid":{"rendered":"https:\/\/www.salon-escalade.com\/vertical-feed\/?p=13"},"modified":"2025-10-03T17:52:56","modified_gmt":"2025-10-03T15:52:56","slug":"blozone-la-marque-de-prises-et-volumes-eco-concus","status":"publish","type":"post","link":"https:\/\/www.salon-escalade.com\/vertical-feed\/2021\/02\/17\/blozone-la-marque-de-prises-et-volumes-eco-concus\/","title":{"rendered":"Exclu ! Blozone : LA marque de prises et volumes Eco-con\u00e7us"},"content":{"rendered":"<div style=\"\" class=\"sharethis-inline-share-buttons\" ><\/div>\n<div class=\"wp-block-image\"><figure class=\"aligncenter size-large is-resized\"><a href=\"http:\/\/www.blozone.fr\/\"><img decoding=\"async\" loading=\"lazy\" src=\"https:\/\/www.salon-escalade.com\/vertical-feed\/wp-content\/uploads\/2021\/02\/1.png\" alt=\"\" class=\"wp-image-14\" width=\"355\" height=\"177\" srcset=\"https:\/\/www.salon-escalade.com\/vertical-feed\/wp-content\/uploads\/2021\/02\/1.png 355w, https:\/\/www.salon-escalade.com\/vertical-feed\/wp-content\/uploads\/2021\/02\/1-300x150.png 300w\" sizes=\"(max-width: 355px) 100vw, 355px\" \/><\/a><\/figure><\/div>\n\n\n\n<p>Cumulant plus de 40 ans d&rsquo;escalade \u00e0 Fontainebleau \u00e0 eux deux, Thierry VASSEUR et Nicolas MATHIEU ont d\u00e9cid\u00e9 de cr\u00e9er leur gamme de prises d&rsquo;escalade 100 % Bleau ! <\/p>\n\n\n\n<p>Ces 2 passionn\u00e9s de grimpe et d\u2019\u00e9cologie, qui ont install\u00e9 l\u2019ensemble de leur production au c\u0153ur de la for\u00eat, entre la Dame Jouanne et les Trois pignons, fabriquent des prises uniquement \u00e0 base de bois. Ils ont parall\u00e8lement d\u00e9velopp\u00e9 puis brevet\u00e9 un grain min\u00e9ral aux ressources multiples.<\/p>\n\n\n\n<div class=\"wp-block-image\"><figure class=\"aligncenter size-large\"><img decoding=\"async\" loading=\"lazy\" width=\"499\" height=\"460\" src=\"https:\/\/www.salon-escalade.com\/vertical-feed\/wp-content\/uploads\/2021\/02\/2.jpg\" alt=\"\" class=\"wp-image-15\" srcset=\"https:\/\/www.salon-escalade.com\/vertical-feed\/wp-content\/uploads\/2021\/02\/2.jpg 499w, https:\/\/www.salon-escalade.com\/vertical-feed\/wp-content\/uploads\/2021\/02\/2-300x277.jpg 300w\" sizes=\"(max-width: 499px) 100vw, 499px\" \/><\/figure><\/div>\n\n\n\n<p style=\"line-height:1.5\">Engag\u00e9 pour la protection de l\u2019environnement, Blozone est r\u00e9solument orient\u00e9 dans une d\u00e9marche de production \u00ab&nbsp;d\u2019\u00e9conomie circulaire&nbsp;\u00bb o\u00f9 l\u2019\u00e9co-conception, la consommation responsable et <a href=\"https:\/\/www.ecologie.gouv.fr\/politiques\/gestion-des-dechets\">la gestion<\/a><strong> <\/strong><a href=\"https:\/\/www.ecologie.gouv.fr\/politiques\/filieres-recyclage\">du recyclage des d\u00e9chets<\/a> sont au centre de leur cahier des charges.<\/p>\n\n\n\n<p>\u00ab&nbsp;<em>Ce choix nous impose de tenir compte des cons\u00e9quences sur l\u2019environnement et de les prendre \u00e0 c\u0153ur : provenance des mati\u00e8res premi\u00e8res, \u00e9nergie utilis\u00e9e pour l\u2019ensemble du processus de production et de distribution, r\u00e9duction et optimisation des d\u00e9chets, employabilit\u00e9 locale<\/em>&nbsp;\u00bb explique Nicolas.<\/p>\n\n\n\n<p>\u00ab<em> Blozone, c&rsquo;est 100% d&#8217;emplois locaux, ce qui est essentiel pour notre \u00e9conomie Nos cr\u00e9ations r\u00e9pondent \u00e0 un double principe : au moins 70% de leurs prix de revient unitaire est acquis localement et leurs caract\u00e9ristiques essentielles prennent leurs origines en France<\/em>&nbsp;\u00bb.<\/p>\n\n\n\n<p>Le bois utilis\u00e9 dans leurs fabrications est issu de for\u00eats g\u00e9r\u00e9es de fa\u00e7on durable et responsable. Il est commercialis\u00e9 par une scierie locale qui suit un m\u00eame fil conducteur : Qualit\u00e9 et Respect de l\u2019environnement.<\/p>\n\n\n\n<p>En compl\u00e9ment, Thierry a souhait\u00e9 apporter \u00e0 ses cr\u00e9ations une touche aux inspirations Bleausarde&nbsp;; le fameux \u00ab&nbsp;grain Blozone&nbsp;\u00bb. Une formulation compos\u00e9e de silice extraite en partenariat avec les carri\u00e8res du Pays de Fontainebleau.<\/p>\n\n\n\n<p>\u00ab&nbsp;<em>Amener un peu de for\u00eat dans les salles<\/em>&nbsp;\u00bb comme aime \u00e0 dire Thierry.<\/p>\n\n\n\n<p>\u00ab&nbsp;Nous avons d\u00e9velopp\u00e9 et d\u00e9pos\u00e9 un mode de fabrication particulier pour obtenir cette friction. Plusieurs ann\u00e9es de recherches et de mise \u00e0 l\u2019essai nous ont \u00e9t\u00e9 n\u00e9cessaires. Nous avons r\u00e9ussi \u00e0 reproduire au plus pr\u00e8s cette sensation unique que procure le gr\u00e8s de Bleau. Il faut toucher pour s\u2019en rendre vraiment compte&nbsp;!&nbsp;\u00bb<\/p>\n\n\n\n<div class=\"wp-block-image\"><figure class=\"aligncenter size-large\"><img decoding=\"async\" loading=\"lazy\" width=\"628\" height=\"800\" src=\"https:\/\/www.salon-escalade.com\/vertical-feed\/wp-content\/uploads\/2021\/02\/3.jpg\" alt=\"\" class=\"wp-image-16\" srcset=\"https:\/\/www.salon-escalade.com\/vertical-feed\/wp-content\/uploads\/2021\/02\/3.jpg 628w, https:\/\/www.salon-escalade.com\/vertical-feed\/wp-content\/uploads\/2021\/02\/3-236x300.jpg 236w\" sizes=\"(max-width: 628px) 100vw, 628px\" \/><\/figure><\/div>\n\n\n\n<p>Une solution de r\u00e9novation pour prises usag\u00e9es.<\/p>\n\n\n\n<p>Chaque ann\u00e9e, des milliers de prises (lisses, plus \u00e0 la \u00ab&nbsp;mode \u00bb \u2026) sont mises \u00e0 l\u2019\u00e9tat de d\u00e9chets par les diff\u00e9rents acteurs comme les salles priv\u00e9es et autres clubs. Cela se compte en TONNES de mati\u00e8res plastiques qui, de par l\u2019inexistence de solution de r\u00e9emploi des d\u00e9chets polyur\u00e9thane particuli\u00e8rement pr\u00e9sent dans la fabrication des prises d\u2019escalade, engendre un impact carbone lourd lors de leur incin\u00e9ration.<\/p>\n\n\n\n<div class=\"wp-block-image\"><figure class=\"aligncenter size-large\"><img decoding=\"async\" loading=\"lazy\" width=\"659\" height=\"570\" src=\"https:\/\/www.salon-escalade.com\/vertical-feed\/wp-content\/uploads\/2021\/02\/4.png\" alt=\"\" class=\"wp-image-17\" srcset=\"https:\/\/www.salon-escalade.com\/vertical-feed\/wp-content\/uploads\/2021\/02\/4.png 659w, https:\/\/www.salon-escalade.com\/vertical-feed\/wp-content\/uploads\/2021\/02\/4-300x259.png 300w\" sizes=\"(max-width: 659px) 100vw, 659px\" \/><\/figure><\/div>\n\n\n\n<p>\u00ab&nbsp;Notre Grain Blozone&nbsp;offre aussi cette possibilit\u00e9 d\u2019application sur d\u2019autres supports. Nous avons ainsi ouvert un axe de r\u00e9flexion sur la r\u00e9novation des prises d\u2019escalade et leur offrir une seconde vie. Depuis maintenant 2 ans que nous nous sommes lanc\u00e9s dans cette voie, nous avons trait\u00e9 plus de 4 tonnes de prises qui auraient d\u00fb \u00eatre jet\u00e9s, et ce n\u2019est que le d\u00e9but \u00bb affirme Thierry.<\/p>\n\n\n\n<p>Un proc\u00e9d\u00e9 alternatif \u00e0 l\u2019achat du \u00ab&nbsp;neuf&nbsp;\u00bb qui a pour but la r\u00e9utilisation des prises existantes tout en limitant l\u2019incin\u00e9ration de mati\u00e8re polluante.<\/p>\n\n\n\n<p>Une excellente solution sur la gestion des d\u00e9chets plastiques que sont devenues les prises d\u2019escalade et qui s\u00e9duira une client\u00e8le avertie, citoyenne et responsable.<\/p>\n\n\n\n<p>Plus d\u2019info&nbsp;:<\/p>\n\n\n\n<p><a href=\"http:\/\/www.blozone.fr\/index.php\/fr\/\">@ Blozone_Fontainebleau<\/a><\/p>\n\n\n\n<p><a href=\"https:\/\/www.instagram.com\/blozone_fontainebleau\/?hl=fr\">Instagram &#8211; Blozone_Fontainebleau<\/a><\/p>\n<div style=\"margin-top: 0px; margin-bottom: 0px;\" class=\"sharethis-inline-share-buttons\" ><\/div>","protected":false},"excerpt":{"rendered":"<p>Cumulant plus de 40 ans d&rsquo;escalade \u00e0 Fontainebleau \u00e0 eux deux, Thierry VASSEUR et Nicolas MATHIEU ont d\u00e9cid\u00e9 de cr\u00e9er leur gamme de prises d&rsquo;escalade 100 % Bleau ! Ces&hellip; <\/p>\n","protected":false},"author":3,"featured_media":16,"comment_status":"closed","ping_status":"open","sticky":false,"template":"","format":"standard","meta":{"footnotes":""},"categories":[529,526],"tags":[173,10,33],"_links":{"self":[{"href":"https:\/\/www.salon-escalade.com\/vertical-feed\/wp-json\/wp\/v2\/posts\/13"}],"collection":[{"href":"https:\/\/www.salon-escalade.com\/vertical-feed\/wp-json\/wp\/v2\/posts"}],"about":[{"href":"https:\/\/www.salon-escalade.com\/vertical-feed\/wp-json\/wp\/v2\/types\/post"}],"author":[{"embeddable":true,"href":"https:\/\/www.salon-escalade.com\/vertical-feed\/wp-json\/wp\/v2\/users\/3"}],"replies":[{"embeddable":true,"href":"https:\/\/www.salon-escalade.com\/vertical-feed\/wp-json\/wp\/v2\/comments?post=13"}],"version-history":[{"count":6,"href":"https:\/\/www.salon-escalade.com\/vertical-feed\/wp-json\/wp\/v2\/posts\/13\/revisions"}],"predecessor-version":[{"id":755,"href":"https:\/\/www.salon-escalade.com\/vertical-feed\/wp-json\/wp\/v2\/posts\/13\/revisions\/755"}],"wp:featuredmedia":[{"embeddable":true,"href":"https:\/\/www.salon-escalade.com\/vertical-feed\/wp-json\/wp\/v2\/media\/16"}],"wp:attachment":[{"href":"https:\/\/www.salon-escalade.com\/vertical-feed\/wp-json\/wp\/v2\/media?parent=13"}],"wp:term":[{"taxonomy":"category","embeddable":true,"href":"https:\/\/www.salon-escalade.com\/vertical-feed\/wp-json\/wp\/v2\/categories?post=13"},{"taxonomy":"post_tag","embeddable":true,"href":"https:\/\/www.salon-escalade.com\/vertical-feed\/wp-json\/wp\/v2\/tags?post=13"}],"curies":[{"name":"wp","href":"https:\/\/api.w.org\/{rel}","templated":true}]}}