{"id":1283,"date":"2021-06-10T14:54:10","date_gmt":"2021-06-10T12:54:10","guid":{"rendered":"https:\/\/www.salon-escalade.com\/vertical-feed\/?p=1283"},"modified":"2025-10-03T18:13:06","modified_gmt":"2025-10-03T16:13:06","slug":"6eme-rencontre-de-la-montagne-partagee","status":"publish","type":"post","link":"https:\/\/www.salon-escalade.com\/vertical-feed\/2021\/06\/10\/6eme-rencontre-de-la-montagne-partagee\/","title":{"rendered":"6\u00e8me Rencontre de la Montagne Partag\u00e9e"},"content":{"rendered":"<div style=\"\" class=\"sharethis-inline-share-buttons\" ><\/div>\n<hr class=\"wp-block-separator\"\/>\n\n\n\n<p class=\"has-text-align-left\"><em>Journ\u00e9e porte ouverte de la haute montagne, alpinisme pour tous<\/em><\/p>\n\n\n\n<figure class=\"wp-block-image size-large is-resized\"><img decoding=\"async\" loading=\"lazy\" src=\"https:\/\/www.salon-escalade.com\/vertical-feed\/wp-content\/uploads\/2021\/06\/Affiche_Rencontre-Montagne-Partagee_2021-724x1024.png\" alt=\"Affiche 6\u00e8me Rencontre de la Montagne Partag\u00e9e Solidaires\" class=\"wp-image-1284\" width=\"490\" height=\"694\" srcset=\"https:\/\/www.salon-escalade.com\/vertical-feed\/wp-content\/uploads\/2021\/06\/Affiche_Rencontre-Montagne-Partagee_2021-724x1024.png 724w, https:\/\/www.salon-escalade.com\/vertical-feed\/wp-content\/uploads\/2021\/06\/Affiche_Rencontre-Montagne-Partagee_2021-212x300.png 212w, https:\/\/www.salon-escalade.com\/vertical-feed\/wp-content\/uploads\/2021\/06\/Affiche_Rencontre-Montagne-Partagee_2021-768x1086.png 768w, https:\/\/www.salon-escalade.com\/vertical-feed\/wp-content\/uploads\/2021\/06\/Affiche_Rencontre-Montagne-Partagee_2021-1086x1536.png 1086w, https:\/\/www.salon-escalade.com\/vertical-feed\/wp-content\/uploads\/2021\/06\/Affiche_Rencontre-Montagne-Partagee_2021-1448x2048.png 1448w\" sizes=\"(max-width: 490px) 100vw, 490px\" \/><\/figure>\n\n\n\n<p class=\"has-text-align-left\">Le samedi 11 septembre 2021 \u00e0 La Grave, venez d\u00e9couvrir une mani\u00e8re solidaire de faire de l\u2019alpinisme !<br>La \u00ab Rencontre de la Montagne Partag\u00e9e Solidaires \u00bb, organis\u00e9e par 82 4000 Solidaires et ATD Quart Monde, vous propose de partager un temps en haute montagne avec des personnes qui vivent la grande pauvret\u00e9 et l\u2019exclusion sociale. Elles viennent apporter un regard nouveau sur l\u2019alpinisme et la montagne. Elles t\u00e9moignent des valeurs sociales et \u00e9cologiques que peuvent offrir les montagnes et la pratique de l\u2019alpinisme.<br>\u00ab La montagne m\u2019a r\u00e9veill\u00e9e \u00bb , a d\u00e9clar\u00e9 Sonia apr\u00e8s sa d\u00e9couverte des altitudes. L\u2019\u00e9dition 2021 de la rencontre reprend comme th\u00e9matique cette formule pleine de sens.<\/p>\n<div style=\"margin-top: 0px; margin-bottom: 0px;\" class=\"sharethis-inline-share-buttons\" ><\/div>","protected":false},"excerpt":{"rendered":"<p>Journ\u00e9e porte ouverte de la haute montagne, alpinisme pour tous Le samedi 11 septembre 2021 \u00e0 La Grave, venez d\u00e9couvrir une mani\u00e8re solidaire de faire de l\u2019alpinisme !La \u00ab Rencontre&hellip; <\/p>\n","protected":false},"author":64,"featured_media":1284,"comment_status":"closed","ping_status":"open","sticky":false,"template":"","format":"standard","meta":{"footnotes":""},"categories":[527,154],"tags":[],"_links":{"self":[{"href":"https:\/\/www.salon-escalade.com\/vertical-feed\/wp-json\/wp\/v2\/posts\/1283"}],"collection":[{"href":"https:\/\/www.salon-escalade.com\/vertical-feed\/wp-json\/wp\/v2\/posts"}],"about":[{"href":"https:\/\/www.salon-escalade.com\/vertical-feed\/wp-json\/wp\/v2\/types\/post"}],"author":[{"embeddable":true,"href":"https:\/\/www.salon-escalade.com\/vertical-feed\/wp-json\/wp\/v2\/users\/64"}],"replies":[{"embeddable":true,"href":"https:\/\/www.salon-escalade.com\/vertical-feed\/wp-json\/wp\/v2\/comments?post=1283"}],"version-history":[{"count":3,"href":"https:\/\/www.salon-escalade.com\/vertical-feed\/wp-json\/wp\/v2\/posts\/1283\/revisions"}],"predecessor-version":[{"id":1289,"href":"https:\/\/www.salon-escalade.com\/vertical-feed\/wp-json\/wp\/v2\/posts\/1283\/revisions\/1289"}],"wp:featuredmedia":[{"embeddable":true,"href":"https:\/\/www.salon-escalade.com\/vertical-feed\/wp-json\/wp\/v2\/media\/1284"}],"wp:attachment":[{"href":"https:\/\/www.salon-escalade.com\/vertical-feed\/wp-json\/wp\/v2\/media?parent=1283"}],"wp:term":[{"taxonomy":"category","embeddable":true,"href":"https:\/\/www.salon-escalade.com\/vertical-feed\/wp-json\/wp\/v2\/categories?post=1283"},{"taxonomy":"post_tag","embeddable":true,"href":"https:\/\/www.salon-escalade.com\/vertical-feed\/wp-json\/wp\/v2\/tags?post=1283"}],"curies":[{"name":"wp","href":"https:\/\/api.w.org\/{rel}","templated":true}]}}