{"id":1248,"date":"2021-06-04T14:53:00","date_gmt":"2021-06-04T12:53:00","guid":{"rendered":"https:\/\/www.salon-escalade.com\/vertical-feed\/?p=1248"},"modified":"2025-09-05T11:56:29","modified_gmt":"2025-09-05T09:56:29","slug":"eb-vintage-rock-tour-ou-levolution-de-lescalade-libre-avec-seb-bouin","status":"publish","type":"post","link":"https:\/\/www.salon-escalade.com\/vertical-feed\/2021\/06\/04\/eb-vintage-rock-tour-ou-levolution-de-lescalade-libre-avec-seb-bouin\/","title":{"rendered":"EB Vintage Rock Tour ou l&rsquo;\u00e9volution de l&rsquo;escalade libre avec Seb Bouin"},"content":{"rendered":"<div style=\"\" class=\"sharethis-inline-share-buttons\" ><\/div>\n<hr class=\"wp-block-separator\"\/>\n\n\n\n<p>L&rsquo;histoire de l&rsquo;escalade comme nous la pratiquons aujourd&rsquo;hui est pass\u00e9e par de nombreux changements dans la mani\u00e8re de r\u00e9aliser et d&rsquo;ouvrir des voies. Le grimpeur Seb Bouin, un des <strong>meilleurs grimpeurs en diff<\/strong>, retourne sur ces falaises pour y refaire ces voies qui ont propuls\u00e9 l&rsquo;escalade libre vers le haut niveau.<\/p>\n\n\n\n<figure class=\"wp-block-image size-large\"><img decoding=\"async\" loading=\"lazy\" width=\"700\" height=\"316\" src=\"https:\/\/www.salon-escalade.com\/vertical-feed\/wp-content\/uploads\/2021\/06\/eb-rock-tour.jpg\" alt=\"chaussons d'escalade EB aux pieds Seb et le vintage rock tour\" class=\"wp-image-1255\" srcset=\"https:\/\/www.salon-escalade.com\/vertical-feed\/wp-content\/uploads\/2021\/06\/eb-rock-tour.jpg 700w, https:\/\/www.salon-escalade.com\/vertical-feed\/wp-content\/uploads\/2021\/06\/eb-rock-tour-300x135.jpg 300w\" sizes=\"(max-width: 700px) 100vw, 700px\" \/><\/figure>\n\n\n\n<h2 class=\"wp-block-heading\">Des voies historiques et des grimpeurs charg\u00e9s d&rsquo;histoire<\/h2>\n\n\n\n<p>Des premi\u00e8res voies difficiles en libre sur les rochers du Saussois, jusqu&rsquo;aux encha\u00eenements de voies extr\u00eamement difficiles comme <strong>Biographie \u00e0 C\u00e9\u00fcse<\/strong> ou encore <strong>Hugh aux Eaux Claires<\/strong>, Seb nous fait voyager \u00e0 travers ces \u00e9poques.<br>A travers plusieurs vid\u00e9os, il recueille des anecdotes de la part des grimpeurs qui ont marqu\u00e9 de leurs empreintes ces voies qui restent encore aujourd&rsquo;hui dans le tr\u00e8s haut niveau.<\/p>\n\n\n\n<p>Lire la suite sur <a href=\"https:\/\/www.eb-escalade.com\/vintage-rock-tour-seb-bouin\/\" target=\"_blank\" rel=\"noreferrer noopener\">EB-Escalade.com<\/a><\/p>\n\n\n\n<figure class=\"wp-block-image size-large\"><img decoding=\"async\" loading=\"lazy\" width=\"700\" height=\"485\" src=\"https:\/\/www.salon-escalade.com\/vertical-feed\/wp-content\/uploads\/2021\/06\/Sans-titre-16.jpg\" alt=\"seb bouin dans azincourt pour le vintage rock tour eb\" class=\"wp-image-1250\" srcset=\"https:\/\/www.salon-escalade.com\/vertical-feed\/wp-content\/uploads\/2021\/06\/Sans-titre-16.jpg 700w, https:\/\/www.salon-escalade.com\/vertical-feed\/wp-content\/uploads\/2021\/06\/Sans-titre-16-300x208.jpg 300w\" sizes=\"(max-width: 700px) 100vw, 700px\" \/><\/figure>\n\n\n\n<figure class=\"wp-block-image size-large\"><img decoding=\"async\" loading=\"lazy\" width=\"700\" height=\"451\" src=\"https:\/\/www.salon-escalade.com\/vertical-feed\/wp-content\/uploads\/2021\/06\/tometjeris.jpg\" alt=\"tom et je ris lors du vintage rock tour eb\" class=\"wp-image-1252\" srcset=\"https:\/\/www.salon-escalade.com\/vertical-feed\/wp-content\/uploads\/2021\/06\/tometjeris.jpg 700w, https:\/\/www.salon-escalade.com\/vertical-feed\/wp-content\/uploads\/2021\/06\/tometjeris-300x193.jpg 300w\" sizes=\"(max-width: 700px) 100vw, 700px\" \/><\/figure>\n\n\n\n<figure class=\"wp-block-image size-large\"><img decoding=\"async\" loading=\"lazy\" width=\"700\" height=\"491\" src=\"https:\/\/www.salon-escalade.com\/vertical-feed\/wp-content\/uploads\/2021\/06\/biographie.jpg\" alt=\"voie biographie a ceuse\" class=\"wp-image-1253\" srcset=\"https:\/\/www.salon-escalade.com\/vertical-feed\/wp-content\/uploads\/2021\/06\/biographie.jpg 700w, https:\/\/www.salon-escalade.com\/vertical-feed\/wp-content\/uploads\/2021\/06\/biographie-300x210.jpg 300w\" sizes=\"(max-width: 700px) 100vw, 700px\" \/><\/figure>\n<div style=\"margin-top: 0px; margin-bottom: 0px;\" class=\"sharethis-inline-share-buttons\" ><\/div>","protected":false},"excerpt":{"rendered":"<p>Aper\u00e7u du EB Vintage Rock Tour, avec Seb Bouin. Retour sur les falaises et grimpeurs qui ont chang\u00e9 l&rsquo;histoire fran\u00e7aise de l&rsquo;escalade.<\/p>\n","protected":false},"author":5,"featured_media":1250,"comment_status":"closed","ping_status":"open","sticky":false,"template":"","format":"standard","meta":{"footnotes":""},"categories":[527,526],"tags":[8],"_links":{"self":[{"href":"https:\/\/www.salon-escalade.com\/vertical-feed\/wp-json\/wp\/v2\/posts\/1248"}],"collection":[{"href":"https:\/\/www.salon-escalade.com\/vertical-feed\/wp-json\/wp\/v2\/posts"}],"about":[{"href":"https:\/\/www.salon-escalade.com\/vertical-feed\/wp-json\/wp\/v2\/types\/post"}],"author":[{"embeddable":true,"href":"https:\/\/www.salon-escalade.com\/vertical-feed\/wp-json\/wp\/v2\/users\/5"}],"replies":[{"embeddable":true,"href":"https:\/\/www.salon-escalade.com\/vertical-feed\/wp-json\/wp\/v2\/comments?post=1248"}],"version-history":[{"count":8,"href":"https:\/\/www.salon-escalade.com\/vertical-feed\/wp-json\/wp\/v2\/posts\/1248\/revisions"}],"predecessor-version":[{"id":1261,"href":"https:\/\/www.salon-escalade.com\/vertical-feed\/wp-json\/wp\/v2\/posts\/1248\/revisions\/1261"}],"wp:featuredmedia":[{"embeddable":true,"href":"https:\/\/www.salon-escalade.com\/vertical-feed\/wp-json\/wp\/v2\/media\/1250"}],"wp:attachment":[{"href":"https:\/\/www.salon-escalade.com\/vertical-feed\/wp-json\/wp\/v2\/media?parent=1248"}],"wp:term":[{"taxonomy":"category","embeddable":true,"href":"https:\/\/www.salon-escalade.com\/vertical-feed\/wp-json\/wp\/v2\/categories?post=1248"},{"taxonomy":"post_tag","embeddable":true,"href":"https:\/\/www.salon-escalade.com\/vertical-feed\/wp-json\/wp\/v2\/tags?post=1248"}],"curies":[{"name":"wp","href":"https:\/\/api.w.org\/{rel}","templated":true}]}}