{"id":1236,"date":"2021-05-28T14:59:00","date_gmt":"2021-05-28T12:59:00","guid":{"rendered":"https:\/\/www.salon-escalade.com\/vertical-feed\/?p=1236"},"modified":"2025-09-05T11:56:04","modified_gmt":"2025-09-05T09:56:04","slug":"icleanbleau-vers-une-pratique-plus-responsable","status":"publish","type":"post","link":"https:\/\/www.salon-escalade.com\/vertical-feed\/2021\/05\/28\/icleanbleau-vers-une-pratique-plus-responsable\/","title":{"rendered":"#icleanbleau : vers une pratique plus responsable"},"content":{"rendered":"<div style=\"\" class=\"sharethis-inline-share-buttons\" ><\/div>\n<hr class=\"wp-block-separator\"\/>\n\n\n\n<p><em>La for\u00eat de Fontainebleau apr\u00e8s un week-end ensoleill\u00e9 post-confinement ?&nbsp; Un enfer.<\/em><\/p>\n\n\n\n<p>Au lendemain des week-ends ensoleill\u00e9s, les secteurs les plus connus sont litt\u00e9ralement <strong>souill\u00e9s<\/strong> : les coins toilettes se sont multipli\u00e9s, les restes de pique-nique jonchent le sol. Et nous, on passe au milieu de tout \u00e7a en baissant les yeux, comme on le ferait en croisant malencontreusement le regard de quelqu\u2019un dans le m\u00e9tro.&nbsp;&nbsp;<\/p>\n\n\n\n<p>\u201c<em>Quand on&nbsp; grimpe en ext\u00e9rieur, on se sent plus proche de la nature<\/em>\u201d, tu parles ! Notre rapport \u00e0 l\u2019environnement ressemble de plus \u00e0 plus \u00e0 celui que l\u2019on a avec nos supermarch\u00e9s. On arrive, on pose les pads, on s\u2019\u00e9nerve dans son projet et on repart. Et c\u2019est devenu la normalit\u00e9\u2026&nbsp;<\/p>\n\n\n\n<p>A croire qu\u2019on a oubli\u00e9 la chance qu\u2019on a de pouvoir profiter de ce spot magnifique qui a beaucoup \u00e0 nous offrir : un gr\u00e8s de qualit\u00e9, des blocs majeurs, un cadre somptueux \u2026 Alors que nous, on lui donne quoi en retour ? Quelques mouchoirs et du strap usag\u00e9. Quel bel hommage \u2026&nbsp;<\/p>\n\n\n\n<p>Qui que nous soyons : randonneurs, promeneurs du dimanche, cyclistes, grimpeurs \u2026 on a un impact sur cette for\u00eat et \u00e7a, on ne peut pas y faire grand chose. Du coup, en contrepartie : qu\u2019est-ce que \u00e7a peut co\u00fbter de prendre le temps de ramasser ces d\u00e9chets que l\u2019on croise sur la route ?&nbsp;<\/p>\n\n\n\n<p>Oui, on sait. Certains ne sont pas sp\u00e9cialement d&rsquo;accord parce que \u201cc\u2019est pas mes d\u00e9chets\u201d. En effet. Mais tu ne le fais pas pour toi, tu le fais pour la for\u00eat.&nbsp;Ou encore : \u00ab\u00a0\u00e7a ne r\u00e9sout pas le probl\u00e8me\u201d. Vrai aussi. Mais \u00e7a te permettra de profiter d\u2019un paysage non d\u00e9cor\u00e9 au PQ, ce qui est quand m\u00eame pas si mal. <\/p>\n\n\n\n<p>Dans le mouvement #icleanbleau, on voit l\u2019opportunit\u00e9 de rendre notre passage en for\u00eat un peu plus responsable, de replacer l\u2019environnement au c\u0153ur de notre pratique. On a tendance \u00e0 oublier <a href=\"https:\/\/bleausard.com\/protection-et-preservation-de-la-foret-de-fontainebleau-les-5-points-a-retenir-du-mois-de-la-foret\/\" data-type=\"URL\" data-id=\"https:\/\/bleausard.com\/protection-et-preservation-de-la-foret-de-fontainebleau-les-5-points-a-retenir-du-mois-de-la-foret\/\">tout ce que cette for\u00eat peut nous offrir.<\/a> Rendons-lui la pareille.<\/p>\n\n\n\n<div class=\"wp-block-image\"><figure class=\"aligncenter size-medium\"><img decoding=\"async\" loading=\"lazy\" width=\"300\" height=\"300\" src=\"https:\/\/www.salon-escalade.com\/vertical-feed\/wp-content\/uploads\/2021\/06\/Icleanbleau-300x300.png\" alt=\"#icleanbleau est un mouvement initi\u00e9 par Bleausard pour all\u00e9ger la for\u00eat de ses d\u00e9chet lors de chaque passage : une s\u00e9ance \u00e0 Bleau, un sac de d\u00e9chet ramass\u00e9. \" class=\"wp-image-1237\" srcset=\"https:\/\/www.salon-escalade.com\/vertical-feed\/wp-content\/uploads\/2021\/06\/Icleanbleau-300x300.png 300w, https:\/\/www.salon-escalade.com\/vertical-feed\/wp-content\/uploads\/2021\/06\/Icleanbleau-1024x1024.png 1024w, https:\/\/www.salon-escalade.com\/vertical-feed\/wp-content\/uploads\/2021\/06\/Icleanbleau-150x150.png 150w, https:\/\/www.salon-escalade.com\/vertical-feed\/wp-content\/uploads\/2021\/06\/Icleanbleau-768x768.png 768w, https:\/\/www.salon-escalade.com\/vertical-feed\/wp-content\/uploads\/2021\/06\/Icleanbleau.png 1080w\" sizes=\"(max-width: 300px) 100vw, 300px\" \/><\/figure><\/div>\n\n\n\n<p><\/p>\n<div style=\"margin-top: 0px; margin-bottom: 0px;\" class=\"sharethis-inline-share-buttons\" ><\/div>","protected":false},"excerpt":{"rendered":"<p>La for\u00eat de Fontainebleau apr\u00e8s un week-end ensoleill\u00e9 post-confinement ?&nbsp; Un enfer. Au lendemain des week-ends ensoleill\u00e9s, les secteurs les plus connus sont litt\u00e9ralement souill\u00e9s : les coins toilettes se&hellip; <\/p>\n","protected":false},"author":61,"featured_media":1238,"comment_status":"closed","ping_status":"open","sticky":false,"template":"","format":"standard","meta":{"footnotes":""},"categories":[530],"tags":[8],"_links":{"self":[{"href":"https:\/\/www.salon-escalade.com\/vertical-feed\/wp-json\/wp\/v2\/posts\/1236"}],"collection":[{"href":"https:\/\/www.salon-escalade.com\/vertical-feed\/wp-json\/wp\/v2\/posts"}],"about":[{"href":"https:\/\/www.salon-escalade.com\/vertical-feed\/wp-json\/wp\/v2\/types\/post"}],"author":[{"embeddable":true,"href":"https:\/\/www.salon-escalade.com\/vertical-feed\/wp-json\/wp\/v2\/users\/61"}],"replies":[{"embeddable":true,"href":"https:\/\/www.salon-escalade.com\/vertical-feed\/wp-json\/wp\/v2\/comments?post=1236"}],"version-history":[{"count":5,"href":"https:\/\/www.salon-escalade.com\/vertical-feed\/wp-json\/wp\/v2\/posts\/1236\/revisions"}],"predecessor-version":[{"id":1264,"href":"https:\/\/www.salon-escalade.com\/vertical-feed\/wp-json\/wp\/v2\/posts\/1236\/revisions\/1264"}],"wp:featuredmedia":[{"embeddable":true,"href":"https:\/\/www.salon-escalade.com\/vertical-feed\/wp-json\/wp\/v2\/media\/1238"}],"wp:attachment":[{"href":"https:\/\/www.salon-escalade.com\/vertical-feed\/wp-json\/wp\/v2\/media?parent=1236"}],"wp:term":[{"taxonomy":"category","embeddable":true,"href":"https:\/\/www.salon-escalade.com\/vertical-feed\/wp-json\/wp\/v2\/categories?post=1236"},{"taxonomy":"post_tag","embeddable":true,"href":"https:\/\/www.salon-escalade.com\/vertical-feed\/wp-json\/wp\/v2\/tags?post=1236"}],"curies":[{"name":"wp","href":"https:\/\/api.w.org\/{rel}","templated":true}]}}