{"id":1008,"date":"2021-04-02T11:28:00","date_gmt":"2021-04-02T09:28:00","guid":{"rendered":"https:\/\/www.salon-escalade.com\/vertical-feed\/?p=1008"},"modified":"2025-09-05T11:58:06","modified_gmt":"2025-09-05T09:58:06","slug":"et-si-vous-offriez-une-deuxieme-vie-a-vos-cordes-descalade","status":"publish","type":"post","link":"https:\/\/www.salon-escalade.com\/vertical-feed\/2021\/04\/02\/et-si-vous-offriez-une-deuxieme-vie-a-vos-cordes-descalade\/","title":{"rendered":"Et si vous offriez une deuxi\u00e8me vie \u00e0 vos cordes d&rsquo;escalade ?"},"content":{"rendered":"<div style=\"\" class=\"sharethis-inline-share-buttons\" ><\/div>\n<hr class=\"wp-block-separator\"\/>\n\n\n\n<p class=\"has-text-align-left\"><strong>YY Vertical<\/strong>&nbsp;vous propose en exclusivit\u00e9 les produits&nbsp;<strong>Newseed<\/strong>, accessoires faits \u00e0 la main en Allemagne \u00e0 partir de <strong>cordes d&rsquo;escalades recycl\u00e9es<\/strong>.&nbsp;<br><\/p>\n\n\n\n<p class=\"has-text-align-left\">Newseed&nbsp;a \u00e9t\u00e9 cr\u00e9\u00e9e par des <strong>passionn\u00e9es d\u2019escalade<\/strong> ayant pour but de sauver des cordes en fin de vie.<\/p>\n\n\n\n<p class=\"has-text-align-left\">La marque&nbsp;offre&nbsp;des <strong>accessoires fabriqu\u00e9s \u00e0 la main<\/strong> <strong>uniques<\/strong>, robustes et adapt\u00e9s \u00e0&nbsp;tous.<\/p>\n\n\n\n<p class=\"has-text-align-left\">Newseed&nbsp;donne l\u2019occasion aux grimpeurs de rendre hommage \u00e0 leur mat\u00e9riel d\u2019escalade.&nbsp;<\/p>\n\n\n\n<figure class=\"wp-block-image size-large\"><img decoding=\"async\" loading=\"lazy\" width=\"1024\" height=\"642\" src=\"https:\/\/www.salon-escalade.com\/vertical-feed\/wp-content\/uploads\/2021\/04\/WechatIMG1426-1-1024x642.jpeg\" alt=\"\" class=\"wp-image-1011\" srcset=\"https:\/\/www.salon-escalade.com\/vertical-feed\/wp-content\/uploads\/2021\/04\/WechatIMG1426-1-1024x642.jpeg 1024w, https:\/\/www.salon-escalade.com\/vertical-feed\/wp-content\/uploads\/2021\/04\/WechatIMG1426-1-300x188.jpeg 300w, https:\/\/www.salon-escalade.com\/vertical-feed\/wp-content\/uploads\/2021\/04\/WechatIMG1426-1-768x481.jpeg 768w, https:\/\/www.salon-escalade.com\/vertical-feed\/wp-content\/uploads\/2021\/04\/WechatIMG1426-1-1536x963.jpeg 1536w, https:\/\/www.salon-escalade.com\/vertical-feed\/wp-content\/uploads\/2021\/04\/WechatIMG1426-1-2048x1283.jpeg 2048w\" sizes=\"(max-width: 1024px) 100vw, 1024px\" \/><\/figure>\n\n\n\n<p class=\"has-text-align-left\">La marque&nbsp;distribue&nbsp;principalement&nbsp;des <strong>sacs et accessoires d\u2019escalade<\/strong> tels que des sacs a magn\u00e9sie,&nbsp;tote&nbsp;bags, ceintures, porte-monnaie&nbsp;ou&nbsp;des&nbsp;encore porte-cl\u00e9s&nbsp;aux&nbsp;<strong>finitions travaill\u00e9es<\/strong>.&nbsp;<br>&nbsp;<br>La r\u00e9colte des cordes,&nbsp;directement faite dans les salles d\u2019escalade,&nbsp;permet de donner un <strong>design unique<\/strong> \u00e0 chaque produit, chaque corde \u00e9tant diff\u00e9rente.&nbsp;<br>&nbsp;<br>Le <strong>processus de fabrication<\/strong> voit ensuite le jour en <strong>Allemagne<\/strong> o\u00f9 les cordes sont lav\u00e9es, trait\u00e9es et assembl\u00e9es&nbsp;pour en faire de parfaits accessoires&nbsp;<strong>100% upcycl\u00e9s<\/strong>.&nbsp;<br><br>Newseed, anim\u00e9e par une<strong> volont\u00e9 \u00e9cologique<\/strong>, redonne une voie \u00e0 nos vieilles cordes d&rsquo;escalade !&nbsp;<\/p>\n\n\n\n<figure class=\"wp-block-gallery columns-2 is-cropped wp-block-gallery-1 is-layout-flex wp-block-gallery-is-layout-flex\"><ul class=\"blocks-gallery-grid\"><li class=\"blocks-gallery-item\"><figure><img decoding=\"async\" loading=\"lazy\" width=\"258\" height=\"258\" src=\"https:\/\/www.salon-escalade.com\/vertical-feed\/wp-content\/uploads\/2021\/04\/kletterseil-schlu\u0308sselanha\u0308nger-newseed.jpeg\" alt=\"\" data-id=\"1017\" data-full-url=\"https:\/\/www.salon-escalade.com\/vertical-feed\/wp-content\/uploads\/2021\/04\/kletterseil-schlu\u0308sselanha\u0308nger-newseed.jpeg\" data-link=\"https:\/\/www.salon-escalade.com\/vertical-feed\/?attachment_id=1017\" class=\"wp-image-1017\" srcset=\"https:\/\/www.salon-escalade.com\/vertical-feed\/wp-content\/uploads\/2021\/04\/kletterseil-schlu\u0308sselanha\u0308nger-newseed.jpeg 258w, https:\/\/www.salon-escalade.com\/vertical-feed\/wp-content\/uploads\/2021\/04\/kletterseil-schlu\u0308sselanha\u0308nger-newseed-150x150.jpeg 150w\" sizes=\"(max-width: 258px) 100vw, 258px\" \/><\/figure><\/li><li class=\"blocks-gallery-item\"><figure><img decoding=\"async\" loading=\"lazy\" width=\"499\" height=\"499\" src=\"https:\/\/www.salon-escalade.com\/vertical-feed\/wp-content\/uploads\/2021\/04\/geldbeutel-kultig-upcycling-kletterseil-newseed.png\" alt=\"\" data-id=\"1016\" data-full-url=\"https:\/\/www.salon-escalade.com\/vertical-feed\/wp-content\/uploads\/2021\/04\/geldbeutel-kultig-upcycling-kletterseil-newseed.png\" data-link=\"https:\/\/www.salon-escalade.com\/vertical-feed\/?attachment_id=1016\" class=\"wp-image-1016\" srcset=\"https:\/\/www.salon-escalade.com\/vertical-feed\/wp-content\/uploads\/2021\/04\/geldbeutel-kultig-upcycling-kletterseil-newseed.png 499w, https:\/\/www.salon-escalade.com\/vertical-feed\/wp-content\/uploads\/2021\/04\/geldbeutel-kultig-upcycling-kletterseil-newseed-300x300.png 300w, https:\/\/www.salon-escalade.com\/vertical-feed\/wp-content\/uploads\/2021\/04\/geldbeutel-kultig-upcycling-kletterseil-newseed-150x150.png 150w\" sizes=\"(max-width: 499px) 100vw, 499px\" \/><\/figure><\/li><\/ul><\/figure>\n\n\n\n<div class=\"wp-block-image\"><figure class=\"aligncenter size-large is-resized\"><img decoding=\"async\" loading=\"lazy\" src=\"https:\/\/www.salon-escalade.com\/vertical-feed\/wp-content\/uploads\/2021\/04\/WechatIMG1429.png\" alt=\"\" class=\"wp-image-1014\" width=\"578\" height=\"578\" srcset=\"https:\/\/www.salon-escalade.com\/vertical-feed\/wp-content\/uploads\/2021\/04\/WechatIMG1429.png 500w, https:\/\/www.salon-escalade.com\/vertical-feed\/wp-content\/uploads\/2021\/04\/WechatIMG1429-300x300.png 300w, https:\/\/www.salon-escalade.com\/vertical-feed\/wp-content\/uploads\/2021\/04\/WechatIMG1429-150x150.png 150w\" sizes=\"(max-width: 578px) 100vw, 578px\" \/><\/figure><\/div>\n\n\n\n<div class=\"wp-block-image\"><figure class=\"aligncenter size-large is-resized\"><img decoding=\"async\" loading=\"lazy\" src=\"https:\/\/www.salon-escalade.com\/vertical-feed\/wp-content\/uploads\/2021\/04\/Belts-triple-2-1024x1024.jpg\" alt=\"\" class=\"wp-image-1015\" width=\"644\" height=\"644\" srcset=\"https:\/\/www.salon-escalade.com\/vertical-feed\/wp-content\/uploads\/2021\/04\/Belts-triple-2.jpg 1024w, https:\/\/www.salon-escalade.com\/vertical-feed\/wp-content\/uploads\/2021\/04\/Belts-triple-2-300x300.jpg 300w, https:\/\/www.salon-escalade.com\/vertical-feed\/wp-content\/uploads\/2021\/04\/Belts-triple-2-150x150.jpg 150w, https:\/\/www.salon-escalade.com\/vertical-feed\/wp-content\/uploads\/2021\/04\/Belts-triple-2-768x768.jpg 768w\" sizes=\"(max-width: 644px) 100vw, 644px\" \/><\/figure><\/div>\n\n\n\n<figure class=\"wp-block-image size-large\"><img decoding=\"async\" loading=\"lazy\" width=\"912\" height=\"1024\" src=\"https:\/\/www.salon-escalade.com\/vertical-feed\/wp-content\/uploads\/2021\/04\/WechatIMG1427-1-912x1024.jpeg\" alt=\"\" class=\"wp-image-1012\" srcset=\"https:\/\/www.salon-escalade.com\/vertical-feed\/wp-content\/uploads\/2021\/04\/WechatIMG1427-1-912x1024.jpeg 912w, https:\/\/www.salon-escalade.com\/vertical-feed\/wp-content\/uploads\/2021\/04\/WechatIMG1427-1-267x300.jpeg 267w, https:\/\/www.salon-escalade.com\/vertical-feed\/wp-content\/uploads\/2021\/04\/WechatIMG1427-1-768x862.jpeg 768w, https:\/\/www.salon-escalade.com\/vertical-feed\/wp-content\/uploads\/2021\/04\/WechatIMG1427-1-1368x1536.jpeg 1368w, https:\/\/www.salon-escalade.com\/vertical-feed\/wp-content\/uploads\/2021\/04\/WechatIMG1427-1-1824x2048.jpeg 1824w\" sizes=\"(max-width: 912px) 100vw, 912px\" \/><\/figure>\n\n\n\n<p>Produits disponibles d\u00e8s&nbsp;maintenant : <a href=\"order@yyvertical.com\">order@yyvertical.com&nbsp;<\/a><\/p>\n\n\n\n<div class=\"wp-block-image\"><figure class=\"aligncenter size-large\"><img decoding=\"async\" loading=\"lazy\" width=\"1024\" height=\"683\" src=\"https:\/\/www.salon-escalade.com\/vertical-feed\/wp-content\/uploads\/2021\/04\/ropes_06-1-1024x683.jpg\" alt=\"\" class=\"wp-image-1019\" srcset=\"https:\/\/www.salon-escalade.com\/vertical-feed\/wp-content\/uploads\/2021\/04\/ropes_06-1-1024x683.jpg 1024w, https:\/\/www.salon-escalade.com\/vertical-feed\/wp-content\/uploads\/2021\/04\/ropes_06-1-300x200.jpg 300w, https:\/\/www.salon-escalade.com\/vertical-feed\/wp-content\/uploads\/2021\/04\/ropes_06-1-768x512.jpg 768w, https:\/\/www.salon-escalade.com\/vertical-feed\/wp-content\/uploads\/2021\/04\/ropes_06-1-1536x1024.jpg 1536w, https:\/\/www.salon-escalade.com\/vertical-feed\/wp-content\/uploads\/2021\/04\/ropes_06-1-2048x1365.jpg 2048w\" sizes=\"(max-width: 1024px) 100vw, 1024px\" \/><\/figure><\/div>\n<div style=\"margin-top: 0px; margin-bottom: 0px;\" class=\"sharethis-inline-share-buttons\" ><\/div>","protected":false},"excerpt":{"rendered":"<p>YY Vertical&nbsp;vous propose en exclusivit\u00e9 les produits&nbsp;Newseed, accessoires faits \u00e0 la main en Allemagne \u00e0 partir de cordes d&rsquo;escalades recycl\u00e9es.&nbsp; Newseed&nbsp;a \u00e9t\u00e9 cr\u00e9\u00e9e par des passionn\u00e9es d\u2019escalade ayant pour but&hellip; <\/p>\n","protected":false},"author":32,"featured_media":1009,"comment_status":"closed","ping_status":"open","sticky":false,"template":"","format":"standard","meta":{"footnotes":""},"categories":[530,529],"tags":[173],"_links":{"self":[{"href":"https:\/\/www.salon-escalade.com\/vertical-feed\/wp-json\/wp\/v2\/posts\/1008"}],"collection":[{"href":"https:\/\/www.salon-escalade.com\/vertical-feed\/wp-json\/wp\/v2\/posts"}],"about":[{"href":"https:\/\/www.salon-escalade.com\/vertical-feed\/wp-json\/wp\/v2\/types\/post"}],"author":[{"embeddable":true,"href":"https:\/\/www.salon-escalade.com\/vertical-feed\/wp-json\/wp\/v2\/users\/32"}],"replies":[{"embeddable":true,"href":"https:\/\/www.salon-escalade.com\/vertical-feed\/wp-json\/wp\/v2\/comments?post=1008"}],"version-history":[{"count":19,"href":"https:\/\/www.salon-escalade.com\/vertical-feed\/wp-json\/wp\/v2\/posts\/1008\/revisions"}],"predecessor-version":[{"id":1078,"href":"https:\/\/www.salon-escalade.com\/vertical-feed\/wp-json\/wp\/v2\/posts\/1008\/revisions\/1078"}],"wp:featuredmedia":[{"embeddable":true,"href":"https:\/\/www.salon-escalade.com\/vertical-feed\/wp-json\/wp\/v2\/media\/1009"}],"wp:attachment":[{"href":"https:\/\/www.salon-escalade.com\/vertical-feed\/wp-json\/wp\/v2\/media?parent=1008"}],"wp:term":[{"taxonomy":"category","embeddable":true,"href":"https:\/\/www.salon-escalade.com\/vertical-feed\/wp-json\/wp\/v2\/categories?post=1008"},{"taxonomy":"post_tag","embeddable":true,"href":"https:\/\/www.salon-escalade.com\/vertical-feed\/wp-json\/wp\/v2\/tags?post=1008"}],"curies":[{"name":"wp","href":"https:\/\/api.w.org\/{rel}","templated":true}]}}