{"id":530,"count":50,"description":"D\u00e9couvrez les projets vou\u00e9s \u00e0 faire avancer le milieu de la verticalit\u00e9","link":"https:\/\/www.salon-escalade.com\/vertical-feed\/category\/initiatives\/","name":"Initiatives","slug":"initiatives","taxonomy":"category","parent":0,"meta":[],"_links":{"self":[{"href":"https:\/\/www.salon-escalade.com\/vertical-feed\/wp-json\/wp\/v2\/categories\/530"}],"collection":[{"href":"https:\/\/www.salon-escalade.com\/vertical-feed\/wp-json\/wp\/v2\/categories"}],"about":[{"href":"https:\/\/www.salon-escalade.com\/vertical-feed\/wp-json\/wp\/v2\/taxonomies\/category"}],"wp:post_type":[{"href":"https:\/\/www.salon-escalade.com\/vertical-feed\/wp-json\/wp\/v2\/posts?categories=530"}],"curies":[{"name":"wp","href":"https:\/\/api.w.org\/{rel}","templated":true}]}}